{"id":791974,"date":"2026-08-31T06:14:00","date_gmt":"2026-08-31T04:14:00","guid":{"rendered":"https:\/\/dailynewshungary.com\/de\/ministerprasident-magyar-verspricht-die-vorschriften-zur-vermogensruckgewinnung-zu-verscharfen-und-weigert-sich-politischem-druck-nachzugeben\/"},"modified":"2026-08-31T06:14:00","modified_gmt":"2026-08-31T04:14:00","slug":"ministerprasident-magyar-verspricht-die-vorschriften-zur-vermogensruckgewinnung-zu-verscharfen-und-weigert-sich-politischem-druck-nachzugeben","status":"publish","type":"post","link":"https:\/\/dailynewshungary.com\/de\/ministerprasident-magyar-verspricht-die-vorschriften-zur-vermogensruckgewinnung-zu-verscharfen-und-weigert-sich-politischem-druck-nachzugeben\/","title":{"rendered":"Ministerpr\u00e4sident Magyar verspricht, die Vorschriften zur Verm\u00f6gensr\u00fcckgewinnung zu versch\u00e4rfen, und weigert sich, politischem Druck nachzugeben"},"content":{"rendered":"\n<p class=\"wp-block-paragraph\"><strong>Ministerpr\u00e4sident P\u00e9ter Magyar k\u00fcndigte am Sonntag Pl\u00e4ne f\u00fcr Gesetzes\u00e4nderungen an, die darauf abzielen, Ermittlungen und Strafverfahren zur R\u00fcckf\u00fchrung staatlicher Verm\u00f6genswerte zu straffen. Er erkl\u00e4rte: \u201eNiemand w\u00fcnscht sich die R\u00fcckf\u00fchrung von Verm\u00f6genswerten und die Bestrafung der Verantwortlichen mehr als die Regierung, doch die Rechtsstaatlichkeit muss weiterhin gewahrt bleiben, da dies der einzige Weg ist, um die Glaubw\u00fcrdigkeit des Verfahrens zu gew\u00e4hrleisten.\u201c<\/strong><\/p>\n\n\n\n<p class=\"wp-block-paragraph\">Als Reaktion auf Kritik am Nationalen Amt f\u00fcr Verm\u00f6gensr\u00fcckgewinnung und -schutz (NVVH) erkl\u00e4rte Magyar <a href=\"https:\/\/www.facebook.com\/reel\/2863803033993705?locale=hu_HU\" target=\"_blank\" rel=\"noopener\">auf Facebook<\/a>, es sei offensichtlich, warum die Oppositionspartei Fidesz und andere in Ungnade gefallene Politiker ein pers\u00f6nliches Interesse daran h\u00e4tten, die Arbeit des Amtes zu behindern und dessen Glaubw\u00fcrdigkeit zu untergraben.<\/p>\n\n\n\n<p class=\"wp-block-paragraph\">Er f\u00fcgte hinzu, dass die Regierung nicht zulassen werde, dass jemand die Beh\u00f6rde in Verruf bringt, da deren Ziel darin bestehe, eine m\u00f6glichst starke Beh\u00f6rde zu etablieren, die von Fachleuten geleitet wird, die sich ihrer Arbeit verpflichtet f\u00fchlen und niemals Kompromisse dulden werden.<\/p>\n\n\n\n<p class=\"wp-block-paragraph\">Magyar merkte zudem an, dass \u201edie richtige Entscheidung nicht immer die popul\u00e4rste ist\u201c. Er erkl\u00e4rte, die Tisza-Regierung und ihre Vertreter h\u00e4tten sich zu einer vierj\u00e4hrigen Amtszeit verpflichtet und einen Eid auf ihr Land geleistet. Sie w\u00fcrden alles diesem Ziel unterordnen und jede Entscheidung unter diesem Gesichtspunkt treffen, auch wenn sie zum jeweiligen Zeitpunkt nicht popul\u00e4r erscheine, f\u00fcgte er hinzu.<\/p>\n\n\n\n<p class=\"wp-block-paragraph\">Er erkl\u00e4rte, dass jeder, der sich aufgrund einer Personalentscheidung, mit der er nicht einverstanden ist, von der Tisza-Partei distanziert, dazu voll und ganz berechtigt sei, doch werde die Regierung unter keinem Druck weder ihren Eid noch ihre Verpflichtungen brechen.<\/p>\n\n\n\n<blockquote class=\"wp-block-quote is-layout-flow wp-block-quote-is-layout-flow\">\n<p class=\"wp-block-paragraph\">Magyar erkl\u00e4rte, die Regierung habe niemals versprochen, Kandidaten f\u00fcr jede F\u00fchrungsposition einer \u00f6ffentlichen Abstimmung zu unterziehen.<\/p>\n<\/blockquote>\n\n\n\n<p class=\"wp-block-paragraph\">Es sei nicht Aufgabe der \u00f6ffentlichen Meinung oder der B\u00fcrger, zu bestimmen, wer der am besten geeignete Kandidat f\u00fcr eine bestimmte Position sei, f\u00fcgte er hinzu. Er erkl\u00e4rte, wenn die \u00d6ffentlichkeit stets \u00fcber Ernennungen, Gesetzgebung, den Haushalt und Steuern entscheiden w\u00fcrde, w\u00fcrde das Land unregierbar werden.<\/p>\n\n\n\n<p class=\"wp-block-paragraph\">Bei seiner Bilanz der letzten 110 Tage der Tisza-Regierung hob er die Freigabe von EU-Mitteln sowie die Verbesserung der Haushaltslage hervor. Er f\u00fchrte die Schulanfangsbeihilfe in H\u00f6he von 100.000 HUF (275 Euro) als Unterst\u00fctzung f\u00fcr den Schulanfang, die Senkung der Mehrwertsteuer auf Brennholz und verschreibungspflichtige Medikamente, die Verdopplung der sozialen Brennholzbeihilfe sowie die Anhebung der Mindestrente auf 120.000 HUF bis zum Jahr 2027.<\/p>\n\n\n\n<p class=\"wp-block-paragraph\">Er erkl\u00e4rte ferner, dass es dem Land dank einer beispiellosen Solidarit\u00e4t gelungen sei, drei Hitzewellen und zwei Energiekrisen zu \u00fcberstehen.<\/p>\n\n\n\n<p class=\"has-text-align-center has-black-color has-electric-grass-gradient-background has-text-color has-background has-link-color wp-elements-1 wp-block-paragraph\"><strong>Leben, arbeiten oder gesch\u00e4ftlich t\u00e4tig sein in Ungarn?<\/strong><br>Erleichtern Sie sich den Alltag mit professioneller Unterst\u00fctzung auf Englisch. Entdecken Sie <strong><a href=\"https:\/\/dailynewshungary.com\/services-in-english\/\" target=\"_blank\" rel=\"noopener\">die Dienstleistungen von Daily News Hungary auf Englisch<\/a><\/strong> und finden Sie die Hilfe, die Sie ben\u00f6tigen.<\/p>\n","protected":false},"excerpt":{"rendered":"<p>Ministerpr\u00e4sident P\u00e9ter Magyar k\u00fcndigte am Sonntag Pl\u00e4ne f\u00fcr Gesetzes\u00e4nderungen an, die darauf abzielen, Ermittlungen und Strafverfahren zur R\u00fcckf\u00fchrung staatlicher Verm\u00f6genswerte zu straffen. Er erkl\u00e4rte: \u201eNiemand w\u00fcnscht sich die R\u00fcckf\u00fchrung von Verm\u00f6genswerten und die Bestrafung der Verantwortlichen mehr als die Regierung, doch die Rechtsstaatlichkeit muss weiterhin gewahrt bleiben, da dies der einzige Weg ist, um die [&hellip;]<\/p>\n","protected":false},"author":33,"featured_media":791975,"comment_status":"open","ping_status":"open","sticky":false,"template":"","format":"standard","meta":{"_acf_changed":false,"_display_image":"","footnotes":"","_members_access_role":[],"_members_access_error":""},"categories":[1081],"tags":[1118,4766,4682,4673,1102,1076],"class_list":["post-791974","post","type-post","status-publish","format-standard","has-post-thumbnail","hentry","category-politik","tag-geld","tag-kategorie-ungarische-politik-2","tag-magyarische-regierung","tag-peter-magyar","tag-ungarische-regierung","tag-ungarn"],"blocksy_meta":[],"acf":[],"author_username":"ugyelet","telegram_post":"","public_post_metadata":{"breaking_news":"yes","important":"no","csempe":"yes","center_tile":"no","disable_thumbnail":"no","target_lang":"","_featured_image_style":"","telegram_post":"","_xlat_group_id":"52f131dd-4b64-42f8-8630-99cbae367e3f"},"public_rank_math_data":{"title":"%title% %sep% %sitename%","description":"","focus_keyword":"magyar","canonical_url":"","robots":"","primary_category":"1081","breadcrumb_title":"","facebook_title":"","facebook_description":"","facebook_image":"","facebook_image_id":"","twitter_title":"","twitter_description":"","twitter_image":"","twitter_image_id":"","twitter_card_type":"","twitter_use_facebook":"","advanced_robots":"","pillar_content":"","seo_score":"74","contentai_score":"","rich_snippet":""},"_links":{"self":[{"href":"https:\/\/dailynewshungary.com\/de\/wp-json\/wp\/v2\/posts\/791974","targetHints":{"allow":["GET"]}}],"collection":[{"href":"https:\/\/dailynewshungary.com\/de\/wp-json\/wp\/v2\/posts"}],"about":[{"href":"https:\/\/dailynewshungary.com\/de\/wp-json\/wp\/v2\/types\/post"}],"author":[{"embeddable":true,"href":"https:\/\/dailynewshungary.com\/de\/wp-json\/wp\/v2\/users\/33"}],"replies":[{"embeddable":true,"href":"https:\/\/dailynewshungary.com\/de\/wp-json\/wp\/v2\/comments?post=791974"}],"version-history":[{"count":0,"href":"https:\/\/dailynewshungary.com\/de\/wp-json\/wp\/v2\/posts\/791974\/revisions"}],"wp:featuredmedia":[{"embeddable":true,"href":"https:\/\/dailynewshungary.com\/de\/wp-json\/wp\/v2\/media\/791975"}],"wp:attachment":[{"href":"https:\/\/dailynewshungary.com\/de\/wp-json\/wp\/v2\/media?parent=791974"}],"wp:term":[{"taxonomy":"category","embeddable":true,"href":"https:\/\/dailynewshungary.com\/de\/wp-json\/wp\/v2\/categories?post=791974"},{"taxonomy":"post_tag","embeddable":true,"href":"https:\/\/dailynewshungary.com\/de\/wp-json\/wp\/v2\/tags?post=791974"}],"curies":[{"name":"wp","href":"https:\/\/api.w.org\/{rel}","templated":true}]}}