{"id":791976,"date":"2026-08-31T08:01:11","date_gmt":"2026-08-31T06:01:11","guid":{"rendered":"https:\/\/dailynewshungary.com\/de\/neues-wohnungsbauprogramm-in-ungarn-konnte-den-immobilienmarkt-neu-gestalten\/"},"modified":"2026-08-31T12:49:17","modified_gmt":"2026-08-31T10:49:17","slug":"neues-wohnungsbauprogramm-in-ungarn-konnte-den-immobilienmarkt-neu-gestalten","status":"publish","type":"post","link":"https:\/\/dailynewshungary.com\/de\/neues-wohnungsbauprogramm-in-ungarn-konnte-den-immobilienmarkt-neu-gestalten\/","title":{"rendered":"Neues Wohnungsbauprogramm in Ungarn k\u00f6nnte den Immobilienmarkt neu gestalten"},"content":{"rendered":"\n<p class=\"wp-block-paragraph\"><strong>Die Regierung kann 550 Millionen Euro an EU-Mitteln f\u00fcr ihr \u201eWekerle-Wohnungsbauprogramm\u201c, ein neues Wohnungsbauprogramm, bereitstellen; zusammen mit der Kofinanzierung durch Banken und den Markt k\u00f6nnten sich die Mittel jedoch auf bis zu 2 Milliarden Euro (730 Milliarden HUF) belaufen, erkl\u00e4rte Verkehrs- und Investitionsminister D\u00e1vid Vit\u00e9zy am Sonntag in einem Beitrag in den sozialen Medien.<\/strong><\/p>\n\n\n\n<h2 class=\"wp-block-heading\">Neues Wohnungsbauprogramm soll die Wohnungskrise lindern<\/h2>\n\n\n\n<p class=\"wp-block-paragraph\">Vit\u00e9zy erkl\u00e4rte, dass der Staat durch die Entwicklung des Wohnungsbauprogramms als aktiver, f\u00f6rdernder, unterst\u00fctzender und entwicklungsorientierter Akteur in der Wohnungspolitik auftreten und gleichzeitig soziale, qualitative und st\u00e4dtebauliche Aspekte durchsetzen werde, <a href=\"https:\/\/mti.hu\/en\/articles\/2026\/08\/31\/govt-home-construction-scheme-could-attract-eur-2bn-funding-vitezy\" target=\"_blank\" rel=\"noopener\">berichtete<\/a> MTI.<\/p>\n\n\n\n<figure class=\"wp-block-image aligncenter size-full\"><img loading=\"lazy\" decoding=\"async\" width=\"1200\" height=\"800\" src=\"https:\/\/dailynewshungary.b-cdn.net\/wp-content\/uploads\/2023\/11\/construction-2.jpg\" alt=\"Construction workers stand on a large building site surrounded by concrete structures, machinery and ongoing construction work. Hungarian construction industry:\" class=\"wp-image-576421\" srcset=\"https:\/\/contentf5.dailynewshungary.com\/wp-content\/uploads\/2023\/11\/construction-2.jpg 1200w, https:\/\/contentf5.dailynewshungary.com\/wp-content\/uploads\/2023\/11\/construction-2-768x512.jpg 768w, https:\/\/contentf5.dailynewshungary.com\/wp-content\/uploads\/2023\/11\/construction-2-333x222.jpg 333w, https:\/\/contentf5.dailynewshungary.com\/wp-content\/uploads\/2023\/11\/construction-2-248x165.jpg 248w, https:\/\/contentf5.dailynewshungary.com\/wp-content\/uploads\/2023\/11\/construction-2-1030x687.jpg 1030w, https:\/\/contentf5.dailynewshungary.com\/wp-content\/uploads\/2023\/11\/construction-2-113x75.jpg 113w, https:\/\/contentf5.dailynewshungary.com\/wp-content\/uploads\/2023\/11\/construction-2-480x320.jpg 480w\" sizes=\"auto, (max-width: 1200px) 100vw, 1200px\" \/><\/figure>\n\n\n\n<p class=\"wp-block-paragraph\">Er erkl\u00e4rte, die Wohnungskrise sei mittlerweile so tiefgreifend, dass eine L\u00f6sung ohne aktives staatliches Eingreifen undenkbar sei. Als Symptome der Krise nannte er explodierende Mieten, den Erwerb einer eigenen Wohnung als unerreichbaren Traum bei einem Durchschnittsgehalt, den Mangel an Wohnheimpl\u00e4tzen, den unzureichenden Neubau von Wohnungen sowie den sich aufgrund fehlender Sanierungsma\u00dfnahmen verschlechternden Zustand des bestehenden Wohnungsbestands.<\/p>\n\n\n\n<h2 class=\"wp-block-heading\">Unzureichende Anzahl an Wohnheimpl\u00e4tzen, himmelhohe Preise<\/h2>\n\n\n\n<p class=\"wp-block-paragraph\">Der Minister wies darauf hin, dass die Immobilienpreise in den letzten 15 Jahren schneller gestiegen sind als die Einkommen. Die realen Immobilienpreise sind um 120 Prozent gestiegen, w\u00e4hrend die Reall\u00f6hne um 60 Prozent gestiegen sind. Der Preis eines durchschnittlichen ungarischen Hauses entsprach im Jahr 2015 dem 5,9-fachen des durchschnittlichen Nettoeinkommens, und bis 2025 war dieser Wert auf das 7,1-Fache gestiegen.<\/p><figure class=\"wp-block-image aligncenter size-full is-resized\"><figcaption class=\"wp-element-caption\">\n<\/figcaption><\/figure>\n\n<figure class=\"wp-block-image aligncenter size-full is-resized\"><figcaption class=\"wp-element-caption\">\n<\/figcaption><img decoding=\"async\" src=\"https:\/\/dailynewshungary.b-cdn.net\/wp-content\/uploads\/2026\/08\/New-home-building-programme-in-Hungary.webp\" alt=\"New home-building programme in Hungary\" class=\"wp-image-705674\" style=\"width:600px;height:auto\"\/><figcaption class=\"wp-element-caption\">In Ungarn steht ein neues Wohnungsbauprogramm kurz vor dem Start. Foto: <a href=\"https:\/\/depositphotos.com\/photo\/new-apartments-under-construction-152697400.html\" target=\"_blank\" rel=\"noopener\">depositphotos.com<\/a><\/figcaption><\/figure>\n\n\n\n<p class=\"wp-block-paragraph\">Die Mietpreise seien real um 30 Prozent gestiegen, w\u00e4hrend es nur 49.000 Wohnheimpl\u00e4tze f\u00fcr 320.000 Studierende gebe, f\u00fcgte er hinzu.<\/p>\n\n\n\n<h2 class=\"wp-block-heading\">Vit\u00e9zys Ministerium holt staatliches Verm\u00f6gen in H\u00f6he von 100 Milliarden Forint zur\u00fcck<\/h2>\n\n\n\n<p class=\"wp-block-paragraph\">Ende August wurden im Zuge der Aufl\u00f6sung der vier dem Ministerium f\u00fcr Verkehr und Investitionen unterstellten gemeinn\u00fctzigen Verm\u00f6gensverwaltungsstiftungen (KEKVA) Verm\u00f6genswerte in H\u00f6he von rund 100 Milliarden Forint (275 Millionen Euro) an den Staat zur\u00fcckgef\u00fchrt, teilte Minister David Vit\u00e9zy am Sonntag <a href=\"https:\/\/dailynewshungary.com\/de\/die-tisza-regierung-holt-staatliche-vermogenswerte-in-hohe-von-276-millionen-euro-zuruck-wahrend-das-kekva-system-aufgelost-wird\/\/\">in einem Beitrag in den sozialen Medien<\/a> mit.<\/p>\n\n\n\n<p class=\"wp-block-paragraph\">Der Minister wies darauf hin, dass das Parlament k\u00fcrzlich ein Gesetz zur Beendigung des KEKVA-Systems verabschiedet habe, wonach diese Stiftungen bis zum 31. August aufgel\u00f6st und ihre aus \u00f6ffentlichen Mitteln erworbenen Verm\u00f6genswerte an den Staat zur\u00fcckgegeben werden.<\/p><figure class=\"wp-block-image aligncenter size-full\"><figcaption class=\"wp-element-caption\">\n<\/figcaption><\/figure>\n\n<figure class=\"wp-block-image aligncenter size-full\"><figcaption class=\"wp-element-caption\">\n<\/figcaption><img decoding=\"async\" src=\"https:\/\/dailynewshungary.b-cdn.net\/wp-content\/uploads\/2026\/06\/Budapest-Corvinus-University-2.webp\" alt=\"Budapest Corvinus University (2)\" class=\"wp-image-699675\"\/><figcaption class=\"wp-element-caption\">Auch ungarische Universit\u00e4ten wurden zuvor als KEKVA-Stiftungen gef\u00fchrt. Foto: <a href=\"https:\/\/www.facebook.com\/Corvinus.Official\/posts\/pfbid027GueWpbod4WdZSUDJkwH6af826C4KLPXMGygFbBPnQvV7UFrEAncbPXXTUEW4Wwgl\" target=\"_blank\" rel=\"noopener\">Facebook\/Budapesti Corvinus Egyetem<\/a><\/figcaption><\/figure>\n\n\n\n<p class=\"wp-block-paragraph\">Vitezy erkl\u00e4rte, das Verm\u00f6gen der Stiftungen werde an die Ministerien \u00fcbertragen, die die Aufgaben der jeweiligen Stiftungen \u00fcbernehmen. Sein Ministerium beaufsichtigt die Millenary Scientific Cultural Foundation, die Central European Built Heritage Preservation Foundation, die Hauszmann Foundation und die Central European Educational Foundation.<\/p>\n\n\n\n<p class=\"has-very-light-gray-to-cyan-bluish-gray-gradient-background has-background wp-block-paragraph\"><strong><a href=\"https:\/\/dailynewshungary.com\/de\/ministerprasident-magyar-verspricht-die-vorschriften-zur-vermogensruckgewinnung-zu-verscharfen-und-weigert-sich-politischem-druck-nachzugeben\/\/\">Premierminister Magyar verspricht, die Vorschriften zur Verm\u00f6gensr\u00fcckf\u00fchrung zu versch\u00e4rfen<\/a>, und weigert sich, politischem Druck nachzugeben<\/strong><\/p>\n\n\n\n<h2 class=\"wp-block-heading\">Politiker der Fidesz h\u00e4tten staatliche Verm\u00f6genswerte auf undurchsichtige Weise verwaltet<\/h2>\n\n\n\n<p class=\"wp-block-paragraph\">Er erkl\u00e4rte, dass es im neuen System zu keiner Verschlechterung der Qualit\u00e4t \u00f6ffentlicher Aufgaben oder Dienstleistungen kommen werde und dass die Verwendung eines erheblichen Teils des staatlichen Verm\u00f6gens wieder transparent und kontrollierbar werde.<\/p>\n\n\n\n<p class=\"wp-block-paragraph\">Die KEKVAs seien von der zuvor regierenden Fidesz-Partei mit dem Ziel gegr\u00fcndet worden, \u201estaatliche Mittel auf v\u00f6llig undurchsichtige und unkontrollierbare Weise zu verwalten\u201c, wobei sich die Kuratorien fast ausschlie\u00dflich aus Fidesz-Politikern zusammensetzten, f\u00fcgte er hinzu.<\/p>\n\n\n\n<p class=\"wp-block-paragraph\">Vitezy erkl\u00e4rte, die Europ\u00e4ische Kommission habe das KEKVA-System seit langem kritisiert, dessen Reform eine der Bedingungen f\u00fcr die Gew\u00e4hrung von EU-Mitteln gewesen sei. Die vorherige Regierung habe sich weigern wollen, dies zu tun, doch die Tisza-Regierung habe das KEKVA-System in etwas mehr als drei Monaten abgeschafft, f\u00fcgte er hinzu.<\/p>\n\n\n\n<p class=\"has-very-light-gray-to-cyan-bluish-gray-gradient-background has-background wp-block-paragraph\"><strong><a href=\"https:\/\/dailynewshungary.com\/de\/regierungsbeamter-der-tisza-regierung-tritt-nach-nur-zwei-monaten-zuruck-die-oppositionspartei-fidesz-reagiert-umgehend\/\/\">Tisza-Regierungsbeamter tritt nach nur zwei Monaten zur\u00fcck<\/a>; Oppositionspartei Fidesz reagiert umgehend<\/strong><\/p>\n","protected":false},"excerpt":{"rendered":"<p>Die Regierung kann 550 Millionen Euro an EU-Mitteln f\u00fcr ihr \u201eWekerle-Wohnungsbauprogramm\u201c, ein neues Wohnungsbauprogramm, bereitstellen; zusammen mit der Kofinanzierung durch Banken und den Markt k\u00f6nnten sich die Mittel jedoch auf bis zu 2 Milliarden Euro (730 Milliarden HUF) belaufen, erkl\u00e4rte Verkehrs- und Investitionsminister D\u00e1vid Vit\u00e9zy am Sonntag in einem Beitrag in den sozialen Medien. Neues [&hellip;]<\/p>\n","protected":false},"author":18,"featured_media":791977,"comment_status":"open","ping_status":"open","sticky":false,"template":"","format":"standard","meta":{"_acf_changed":false,"_display_image":"yes","footnotes":"","_members_access_role":[],"_members_access_error":""},"categories":[4453],"tags":[1307,4273,1088,4736,1102,1076],"class_list":["post-791976","post","type-post","status-publish","format-standard","has-post-thumbnail","hentry","category-wirtschaft","tag-bauwesen","tag-ce","tag-finanzen","tag-kategorie-wirtschaft-2","tag-ungarische-regierung","tag-ungarn"],"blocksy_meta":[],"acf":[],"author_username":"johnwoods","telegram_post":"","public_post_metadata":{"breaking_news":"yes","important":"no","csempe":"yes","center_tile":"no","disable_thumbnail":"no","target_lang":"","_featured_image_style":"default","telegram_post":"","_xlat_group_id":"a120f642-35e2-487b-b4ea-e6076215a0c5"},"public_rank_math_data":{"title":"Neues Wohnungsbauprogramm in Ungarn startet in K\u00fcrze","description":"Ein neues Wohnungsbauprogramm, das mit EU-Mitteln und privatem Kapital finanziert wird, soll in K\u00fcrze anlaufen, erkl\u00e4rte Minister Vit\u00e9zy und erl\u00e4uterte die Einzelheiten.","focus_keyword":"Wohnungsbau","canonical_url":"","robots":"","primary_category":"4453","breadcrumb_title":"","facebook_title":"","facebook_description":"","facebook_image":"","facebook_image_id":"","twitter_title":"","twitter_description":"","twitter_image":"","twitter_image_id":"","twitter_card_type":"","twitter_use_facebook":"","advanced_robots":"","pillar_content":"","seo_score":"74","contentai_score":"","rich_snippet":""},"_links":{"self":[{"href":"https:\/\/dailynewshungary.com\/de\/wp-json\/wp\/v2\/posts\/791976","targetHints":{"allow":["GET"]}}],"collection":[{"href":"https:\/\/dailynewshungary.com\/de\/wp-json\/wp\/v2\/posts"}],"about":[{"href":"https:\/\/dailynewshungary.com\/de\/wp-json\/wp\/v2\/types\/post"}],"author":[{"embeddable":true,"href":"https:\/\/dailynewshungary.com\/de\/wp-json\/wp\/v2\/users\/18"}],"replies":[{"embeddable":true,"href":"https:\/\/dailynewshungary.com\/de\/wp-json\/wp\/v2\/comments?post=791976"}],"version-history":[{"count":1,"href":"https:\/\/dailynewshungary.com\/de\/wp-json\/wp\/v2\/posts\/791976\/revisions"}],"predecessor-version":[{"id":791981,"href":"https:\/\/dailynewshungary.com\/de\/wp-json\/wp\/v2\/posts\/791976\/revisions\/791981"}],"wp:featuredmedia":[{"embeddable":true,"href":"https:\/\/dailynewshungary.com\/de\/wp-json\/wp\/v2\/media\/791977"}],"wp:attachment":[{"href":"https:\/\/dailynewshungary.com\/de\/wp-json\/wp\/v2\/media?parent=791976"}],"wp:term":[{"taxonomy":"category","embeddable":true,"href":"https:\/\/dailynewshungary.com\/de\/wp-json\/wp\/v2\/categories?post=791976"},{"taxonomy":"post_tag","embeddable":true,"href":"https:\/\/dailynewshungary.com\/de\/wp-json\/wp\/v2\/tags?post=791976"}],"curies":[{"name":"wp","href":"https:\/\/api.w.org\/{rel}","templated":true}]}}