{"id":791978,"date":"2026-08-31T09:17:54","date_gmt":"2026-08-31T07:17:54","guid":{"rendered":"https:\/\/dailynewshungary.com\/de\/die-regierung-von-peter-magyar-verspricht-eine-neue-ara-fur-ungarische-schulen-sollten-schuler-und-lehrer-grund-zum-feiern-haben\/"},"modified":"2026-08-31T12:45:10","modified_gmt":"2026-08-31T10:45:10","slug":"die-regierung-von-peter-magyar-verspricht-eine-neue-ara-fur-ungarische-schulen-sollten-schuler-und-lehrer-grund-zum-feiern-haben","status":"publish","type":"post","link":"https:\/\/dailynewshungary.com\/de\/die-regierung-von-peter-magyar-verspricht-eine-neue-ara-fur-ungarische-schulen-sollten-schuler-und-lehrer-grund-zum-feiern-haben\/","title":{"rendered":"Die Regierung von P\u00e9ter Magyar verspricht eine neue \u00c4ra f\u00fcr ungarische Schulen: Sollten Sch\u00fcler und Lehrer Grund zum Feiern haben?"},"content":{"rendered":"\n<p class=\"wp-block-paragraph\"><strong>Ministerpr\u00e4sident P\u00e9ter Magyar und Bildungsministerin Judit Lannert gaben zu Beginn des neuen Schuljahres eine Reihe lang erwarteter und beruhigender Versprechen gegen\u00fcber Sch\u00fclern und Lehrern ab und legten dabei ihre Vision f\u00fcr die Zukunft der ungarischen Schulen, des Bildungssystems und dessen Ziele dar.<\/strong><\/p><figure class=\"wp-block-image aligncenter size-large\"><figcaption class=\"wp-element-caption\">\n<\/figcaption><\/figure>\n\n<figure class=\"wp-block-image aligncenter size-large\"><figcaption class=\"wp-element-caption\">\n<\/figcaption><img decoding=\"async\" src=\"https:\/\/dailynewshungary.b-cdn.net\/wp-content\/uploads\/2026\/08\/Peter-Magyar-11-1280x854.webp\" alt=\"P\u00e9ter Magyar \" class=\"wp-image-705688\"\/><figcaption class=\"wp-element-caption\">Foto: MTI<\/figcaption><\/figure>\n\n\n\n<h2 class=\"wp-block-heading\">P\u00e9ter Magyar: Schulen m\u00fcssen kritisches Denken vermitteln \u2013 Gehaltserh\u00f6hungen stehen bevor<\/h2>\n\n\n\n<p class=\"wp-block-paragraph\">\u201eDie wichtigste Aufgabe einer Schule ist es, den Sch\u00fclern beizubringen, so gut wie m\u00f6glich zu denken \u2013 und kritisch zu denken\u201c, sagte der Ministerpr\u00e4sident am Montag bei der landesweiten Feier zum Schuljahresbeginn am Dr.-Mez\u0151-Ferenc-Gymnasium in Nagykanizsa.<\/p>\n\n\n\n<p class=\"wp-block-paragraph\">Neben dem kritischen Denken sollten die Sch\u00fcler in der Schule lernen, f\u00fcreinander einzustehen, im Team zu arbeiten und sich unter allen Umst\u00e4nden als anst\u00e4ndige Menschen zu verhalten, so P\u00e9ter Magyar laut <a href=\"https:\/\/mti.hu\/hirek\/2026\/08\/31\/tanevkezdes-magyar-peter-az-iskola-legfontosabb-feladata-gondolkodni-tanitani\" target=\"_blank\" rel=\"noopener\">MTI<\/a>.<\/p>\n\n\n\n<p class=\"wp-block-paragraph\">In seiner Rede betonte der Ministerpr\u00e4sident zudem, dass Bildung und Gesundheitsversorgung Vorrang haben m\u00fcssen.<\/p>\n\n\n\n<p class=\"wp-block-paragraph\">\u201eWir wissen genau, worin unsere Aufgabe besteht\u201c, sagte P\u00e9ter Magyar und nannte dabei die Sanierung von Schulgeb\u00e4uden, die Schaffung neuer Pl\u00e4tze in Internaten, eine angemessene Schulverpflegung sowie die Unterst\u00fctzung von Lehrkr\u00e4ften, Lehrassistenten und anderen Besch\u00e4ftigten im Bildungswesen.<\/p>\n\n\n\n<p class=\"wp-block-paragraph\">Er f\u00fcgte hinzu, dass die Regierung den Aufruf zum Handeln geh\u00f6rt und verstanden habe und ihre Verpflichtungen nicht vergessen habe. Daher w\u00fcrden in K\u00fcrze Gehaltserh\u00f6hungen in diesem Sektor bekannt gegeben, <a href=\"https:\/\/mti.hu\/hirek\/2026\/08\/31\/tanevkezdes-magyar-peter-az-oktatasugy-es-az-egeszsegugy-elsobbseget-elvez\" target=\"_blank\" rel=\"noopener\">sagte<\/a> er.<\/p><figure class=\"wp-block-image aligncenter size-large\"><figcaption class=\"wp-element-caption\">\n<\/figcaption><\/figure>\n\n<figure class=\"wp-block-image aligncenter size-large\"><figcaption class=\"wp-element-caption\">\n<\/figcaption><img decoding=\"async\" src=\"https:\/\/dailynewshungary.b-cdn.net\/wp-content\/uploads\/2026\/08\/Hungarian-MP-Peter-Magyar-promises-a-new-era-in-the-Hungarian-schools-1280x854.webp\" alt=\"Hungarian MP P\u00e9ter Magyar promises a new era in the Hungarian schools\" class=\"wp-image-705679\"\/><figcaption class=\"wp-element-caption\">Foto: MTI<\/figcaption><\/figure>\n\n\n\n<h2 class=\"wp-block-heading\">Es bedarf einer echten, planbaren Laufbahnentwicklung<\/h2>\n\n\n\n<p class=\"wp-block-paragraph\">P\u00e9ter Magyar ging auch speziell auf die Zehntausenden von Lehrassistenten ein, die das Lehrpersonal im Unterricht unterst\u00fctzen, und erkl\u00e4rte, dass diese auf die Tisza-Regierung z\u00e4hlen k\u00f6nnten.<\/p>\n\n\n\n<p class=\"wp-block-paragraph\">Der Zeitplan f\u00fcr die Gehaltserh\u00f6hungen werde in K\u00fcrze bekannt gegeben, deutete der Ministerpr\u00e4sident an. Er betonte jedoch, dass das Land einen echten Karriereweg anstelle von einmaligen Erh\u00f6hungen ben\u00f6tige \u2013 sowie Bedingungen, die in der Lage seien, mehr junge Menschen und neue Nachwuchskr\u00e4fte sowohl f\u00fcr den Bildungs- als auch f\u00fcr den Gesundheitssektor zu gewinnen.<\/p>\n\n\n\n<p class=\"wp-block-paragraph\">P\u00e9ter Magyar <a href=\"https:\/\/mti.hu\/hirek\/2026\/08\/31\/tanevkezdes-magyar-peter-pedagogiai-asszisztensek-szamithatnak-tisza-kormanyra\" target=\"_blank\" rel=\"noopener\">erkl\u00e4rte zudem<\/a>, dass die Regierung nicht zulassen k\u00f6nne, dass die L\u00f6hne erneut durch die Inflation aufgezehrt w\u00fcrden.<\/p>\n\n\n\n<p class=\"wp-block-paragraph\">Die Regierung m\u00f6chte, dass Schulen ein ruhiges Umfeld f\u00fcr die Entwicklung bieten, den Sch\u00fclern Raum zur Entfaltung ihrer Kreativit\u00e4t geben und zu besseren Orten f\u00fcr alle werden, erkl\u00e4rte Judit Lannert, Ministerin f\u00fcr Bildung und Kinderangelegenheiten, am Montag ebenfalls in Nagykanizsa.<\/p><figure class=\"wp-block-image aligncenter size-full\"><figcaption class=\"wp-element-caption\">\n<\/figcaption><\/figure>\n\n<figure class=\"wp-block-image aligncenter size-full\"><figcaption class=\"wp-element-caption\">\n<\/figcaption><img decoding=\"async\" src=\"https:\/\/dailynewshungary.b-cdn.net\/wp-content\/uploads\/2026\/06\/Franciscan-school-in-Esztergom-monk-1.webp\" alt=\"Monk punched 15-year-old student\" class=\"wp-image-700119\"\/><figcaption class=\"wp-element-caption\">Absolvent des Franziskanergymnasiums in Esztergom. Quelle: <a href=\"https:\/\/www.facebook.com\/szent.antal.esztergomi.ferences.gimnazium\/photos\" target=\"_blank\" rel=\"noopener\">Facebook\/Szent Antal Esztergomi Ferences Gimn\u00e1zium \u00e9s Koll\u00e9gium<\/a> \u2013 Franka<\/figcaption><\/figure>\n\n\n\n<p class=\"wp-block-paragraph\">Die Regierung m\u00f6chte, dass Schulen zu Orten der Kreativit\u00e4t f\u00fcr Sch\u00fcler und Lehrer gleicherma\u00dfen werden, an denen eine stetige Entwicklung m\u00f6glich ist und an denen Kinder die F\u00e4cher und Aktivit\u00e4ten entdecken k\u00f6nnen, die sie interessieren und ihnen Freude bereiten, f\u00fcgte die Ministerin hinzu.<\/p>\n\n\n\n<p class=\"wp-block-paragraph\">Wissen sei wichtig, sagte sie, doch vielleicht noch wichtiger sei es, Neugier und Motivation zu wecken und aufrechtzuerhalten. Sie nannte folgende Ziele:<\/p>\n\n\n\n<ul class=\"wp-block-list\">\n<li>St\u00e4rkung der fachlichen und verwaltungstechnischen Autonomie;<\/li>\n\n\n\n<li>Verringerung des Verwaltungsaufwands;<\/li>\n\n\n\n<li>Einf\u00fchrung eines vielf\u00e4ltigeren Angebots an Unterrichtsmaterialien;<\/li>\n\n\n\n<li>die Reduzierung der Anzahl der Pflichtpr\u00fcfungen.<\/li>\n<\/ul>\n\n\n\n<p class=\"wp-block-paragraph\">Laut <a href=\"https:\/\/mti.hu\/hirek\/2026\/08\/31\/tanevkezdes-lannert-judit-nyugodt-fejlodest-biztosito-iskolat-szeretne-kormany\" target=\"_blank\" rel=\"noopener\">Lannert<\/a> muss die Schule der Zukunft Chancengleichheit gew\u00e4hrleisten. W\u00e4hrend Faktenwissen weiterhin wichtig sei, so sagte sie, seien es ebenso Probleml\u00f6sungsf\u00e4higkeiten und die F\u00e4higkeit, sich an unterschiedliche Situationen anzupassen.<\/p><figure class=\"wp-block-image aligncenter size-full\"><figcaption class=\"wp-element-caption\">\n<\/figcaption><\/figure>\n\n<figure class=\"wp-block-image aligncenter size-full\"><figcaption class=\"wp-element-caption\">\n<\/figcaption><img decoding=\"async\" src=\"https:\/\/dailynewshungary.b-cdn.net\/wp-content\/uploads\/2026\/06\/Judit-Lannert-Hungarys-new-education-minister.webp\" alt=\"Judit Lannert Hungary's new education minister\" class=\"wp-image-699070\"\/><figcaption class=\"wp-element-caption\">Foto: <a href=\"https:\/\/www.facebook.com\/permalink.php?story_fbid=pfbid022Ez6VWA7rWi3Zst5De2THXnhsvyUsSWNvRdit8tZr8NgGr1qLtTNFYCghMeCGEo3l&amp;id=61589397058487\" target=\"_blank\" rel=\"noopener\">Facebook\/Judit Lannert<\/a><\/figcaption><\/figure>\n\n\n\n<p class=\"wp-block-paragraph\">Die Ministerin betonte die Rolle der Schulen bei der F\u00f6rderung, Einbeziehung und Unterst\u00fctzung von Kindern und erkl\u00e4rte, dass auch dem Schulalltag besondere Aufmerksamkeit geschenkt werden m\u00fcsse \u2013 insbesondere im Falle von Kindern, die Schwierigkeiten haben oder sich nur schwer integrieren k\u00f6nnen.<\/p>\n\n\n\n<h2 class=\"wp-block-heading\">Der Schulstart ist f\u00fcr ungarische Familien nach wie vor mit enormen Kosten verbunden<\/h2>\n\n\n\n<p class=\"wp-block-paragraph\">Der Schulanfang geh\u00f6rt nach wie vor zu den gr\u00f6\u00dften Ausgabenposten eines ungarischen Haushalts im Jahr. Ein typischer ungarischer Haushalt gibt laut einer aktuellen Studie von <a href=\"https:\/\/mti.hu\/hirek\/2026\/08\/31\/tanevkezdes-pwc-szazezres-kiadas-az-iskolakezdes\" target=\"_blank\" rel=\"noopener\">PwC<\/a> 107.539 Forint f\u00fcr das neue Schuljahr aus, w\u00e4hrend die durchschnittlichen Kosten pro Kind bei 66.928 Forint liegen.<\/p>\n\n\n\n<p class=\"wp-block-paragraph\">Die Gesamtausgaben f\u00fcr den Schulanfang pro Kind belaufen sich im Durchschnitt auf 70.055 Forint f\u00fcr Grundsch\u00fcler der unteren Klassenstufen, 69.282 Forint f\u00fcr diejenigen der oberen Klassenstufen, 62.532 Forint f\u00fcr Sch\u00fcler der Sekundarstufe und 80.795 Forint f\u00fcr Studierende an Hochschulen.<\/p>\n\n\n\n<p class=\"has-very-light-gray-to-cyan-bluish-gray-gradient-background has-background wp-block-paragraph\"><strong>Haben Sie diesen Artikel schon gelesen? <a href=\"https:\/\/dailynewshungary.com\/de\/schiesen-in-ungarischen-schulen-eltern-sind-nicht-glucklich-uber-das-fach-defence-basics\/\/\">Schie\u00dfunterricht an ungarischen Schulen? Neue Initiative spaltet die Eltern<\/a><\/strong><\/p>\n\n\n\n<p class=\"wp-block-paragraph\">Etwa 75,5 Prozent der Kinder im schulpflichtigen Alter und der Studierenden im Hochschulbereich besitzen ein Mobiltelefon, w\u00e4hrend 61,9 Prozent einen Laptop und 45,1 Prozent ein Tablet besitzen. 31,5 Prozent besitzen einen Desktop-Computer, 33,6 Prozent einen Drucker und 18,4 Prozent eine Smartwatch.<\/p>\n\n\n\n<h2 class=\"wp-block-heading\">Wie Sch\u00fcler KI nutzen<\/h2>\n\n\n\n<p class=\"wp-block-paragraph\">F\u00fcnfzehn Prozent der Haushalte nutzen einen kostenpflichtigen KI-Dienst, w\u00e4hrend weitere 48,6 Prozent kostenlos verf\u00fcgbare L\u00f6sungen nutzen. In 31,4 Prozent der Haushalte der Befragten werden KI-Tools \u00fcberhaupt nicht genutzt.<\/p>\n\n\n\n<p class=\"wp-block-paragraph\">Kinder nutzen k\u00fcnstliche Intelligenz in erster Linie zur Informationssuche, wie 74,2 Prozent der Familien angaben, die KI nutzen. Etwa 52,2 Prozent nutzen sie zur Erl\u00e4uterung von Schulstoff, 46,6 Prozent zum Brainstorming und 39,4 Prozent als Hilfe bei den Hausaufgaben.<\/p>\n\n\n\n<p class=\"has-very-light-gray-to-cyan-bluish-gray-gradient-background has-background wp-block-paragraph\"><strong>Regierungsbeamter aus Tisza tritt nach nur zwei Monaten zur\u00fcck; <a href=\"https:\/\/dailynewshungary.com\/de\/regierungsbeamter-der-tisza-regierung-tritt-nach-nur-zwei-monaten-zuruck-die-oppositionspartei-fidesz-reagiert-umgehend\/\/\">Oppositionspartei Fidesz reagiert umgehend<\/a><\/strong><\/p>\n","protected":false},"excerpt":{"rendered":"<p>Ministerpr\u00e4sident P\u00e9ter Magyar und Bildungsministerin Judit Lannert gaben zu Beginn des neuen Schuljahres eine Reihe lang erwarteter und beruhigender Versprechen gegen\u00fcber Sch\u00fclern und Lehrern ab und legten dabei ihre Vision f\u00fcr die Zukunft der ungarischen Schulen, des Bildungssystems und dessen Ziele dar. P\u00e9ter Magyar: Schulen m\u00fcssen kritisches Denken vermitteln \u2013 Gehaltserh\u00f6hungen stehen bevor \u201eDie wichtigste [&hellip;]<\/p>\n","protected":false},"author":18,"featured_media":791979,"comment_status":"open","ping_status":"open","sticky":false,"template":"","format":"standard","meta":{"_acf_changed":false,"_display_image":"yes","footnotes":"","_members_access_role":[],"_members_access_error":""},"categories":[4442],"tags":[4273,4742,4737,4766,1102,1076],"class_list":["post-791978","post","type-post","status-publish","format-standard","has-post-thumbnail","hentry","category-bildung","tag-ce","tag-kategorie-leben-in-ungarn-2","tag-kategorie-politik-2","tag-kategorie-ungarische-politik-2","tag-ungarische-regierung","tag-ungarn"],"blocksy_meta":[],"acf":[],"author_username":"johnwoods","telegram_post":"","public_post_metadata":{"breaking_news":"yes","important":"no","csempe":"yes","center_tile":"no","disable_thumbnail":"no","target_lang":"","_featured_image_style":"default","telegram_post":"","_xlat_group_id":"f74e44f5-2098-4ec6-b4cb-0f09806b2fa7"},"public_rank_math_data":{"title":"Die Regierung unter P\u00e9ter Magyar verspricht eine neue \u00c4ra f\u00fcr die Schulen","description":"Ministerpr\u00e4sident P\u00e9ter Magyar und Ministerin Judit Lannert versprachen eine neue \u00c4ra f\u00fcr die ungarischen Schulen: Hier ist, was wir bislang wissen.","focus_keyword":"P\u00e9ter Magyar","canonical_url":"","robots":"","primary_category":"4442","breadcrumb_title":"","facebook_title":"","facebook_description":"","facebook_image":"","facebook_image_id":"","twitter_title":"","twitter_description":"","twitter_image":"","twitter_image_id":"","twitter_card_type":"","twitter_use_facebook":"","advanced_robots":"","pillar_content":"","seo_score":"79","contentai_score":"","rich_snippet":""},"_links":{"self":[{"href":"https:\/\/dailynewshungary.com\/de\/wp-json\/wp\/v2\/posts\/791978","targetHints":{"allow":["GET"]}}],"collection":[{"href":"https:\/\/dailynewshungary.com\/de\/wp-json\/wp\/v2\/posts"}],"about":[{"href":"https:\/\/dailynewshungary.com\/de\/wp-json\/wp\/v2\/types\/post"}],"author":[{"embeddable":true,"href":"https:\/\/dailynewshungary.com\/de\/wp-json\/wp\/v2\/users\/18"}],"replies":[{"embeddable":true,"href":"https:\/\/dailynewshungary.com\/de\/wp-json\/wp\/v2\/comments?post=791978"}],"version-history":[{"count":1,"href":"https:\/\/dailynewshungary.com\/de\/wp-json\/wp\/v2\/posts\/791978\/revisions"}],"predecessor-version":[{"id":791980,"href":"https:\/\/dailynewshungary.com\/de\/wp-json\/wp\/v2\/posts\/791978\/revisions\/791980"}],"wp:featuredmedia":[{"embeddable":true,"href":"https:\/\/dailynewshungary.com\/de\/wp-json\/wp\/v2\/media\/791979"}],"wp:attachment":[{"href":"https:\/\/dailynewshungary.com\/de\/wp-json\/wp\/v2\/media?parent=791978"}],"wp:term":[{"taxonomy":"category","embeddable":true,"href":"https:\/\/dailynewshungary.com\/de\/wp-json\/wp\/v2\/categories?post=791978"},{"taxonomy":"post_tag","embeddable":true,"href":"https:\/\/dailynewshungary.com\/de\/wp-json\/wp\/v2\/tags?post=791978"}],"curies":[{"name":"wp","href":"https:\/\/api.w.org\/{rel}","templated":true}]}}