{"id":791992,"date":"2026-08-31T12:04:36","date_gmt":"2026-08-31T10:04:36","guid":{"rendered":"https:\/\/dailynewshungary.com\/de\/enthullte-dokumente-wie-der-ehemalige-wirtschaftsminister-marton-nagy-offentliche-gelder-fur-luxus-und-privatjets-im-ausland-verschwendete\/"},"modified":"2026-08-31T14:20:39","modified_gmt":"2026-08-31T12:20:39","slug":"enthullte-dokumente-wie-der-ehemalige-wirtschaftsminister-marton-nagy-offentliche-gelder-fur-luxus-und-privatjets-im-ausland-verschwendete","status":"publish","type":"post","link":"https:\/\/dailynewshungary.com\/de\/enthullte-dokumente-wie-der-ehemalige-wirtschaftsminister-marton-nagy-offentliche-gelder-fur-luxus-und-privatjets-im-ausland-verschwendete\/","title":{"rendered":"Enth\u00fcllte Dokumente: Wie der ehemalige Wirtschaftsminister M\u00e1rton Nagy \u00f6ffentliche Gelder f\u00fcr Luxus und Privatjets im Ausland verschwendete"},"content":{"rendered":"\n<p class=\"wp-block-paragraph\"><strong>W\u00e4hrend offenbar keine einzige Hoffnung, kein Plan und kein Versprechen, das M\u00e1rton Nagy als Wirtschaftsminister in Bezug auf das Wirtschaftswachstum abgegeben hatte, in Erf\u00fcllung gegangen ist, scheint der Minister mehr als bereit gewesen zu sein, \u00f6ffentliche Gelder \u2013 sowohl damals als auch im Nachhinein, aus unerkl\u00e4rlichen Gr\u00fcnden \u2013 f\u00fcr luxuri\u00f6se Unterk\u00fcnfte und Privatjets auszugeben. Gleichzeitig erlebte Ungarn eine der schwersten Inflationsphasen seiner Geschichte.<\/strong><\/p>\n\n\n\n<h2 class=\"wp-block-heading\">Ministerium ver\u00f6ffentlicht unerkl\u00e4rliche Zahlen<\/h2>\n\n\n\n<p class=\"wp-block-paragraph\">Aus Dokumenten, die auf einen Antrag nach dem Informationsfreiheitsgesetz hin vom Ministerium f\u00fcr Nationale Wirtschaft und dessen Rechtsnachfolger ver\u00f6ffentlicht wurden, geht hervor, dass zwischen 2023 und 2026 mehrere zehn Millionen Forint an \u00f6ffentlichen Geldern f\u00fcr die Reise- und Unterbringungskosten des Ministers ausgegeben wurden. Die Zahlen lassen vermuten, dass es sich nicht lediglich um teure Reisen handelte: In mehreren F\u00e4llen lassen sich sowohl die Wahl des Hotels als auch die Wahl des Verkehrsmittels nur schwer rechtfertigen.<\/p><figure class=\"wp-block-image aligncenter size-full\"><figcaption class=\"wp-element-caption\">\n<\/figcaption><\/figure>\n\n<figure class=\"wp-block-image aligncenter size-full\"><figcaption class=\"wp-element-caption\">\n<\/figcaption><img decoding=\"async\" src=\"https:\/\/dailynewshungary.b-cdn.net\/wp-content\/uploads\/2026\/08\/Former-Minister-Marton-Nagy-and-hi-luxury-spendings.webp\" alt=\"Former Minister M\u00e1rton Nagy and hi luxury spendings\" class=\"wp-image-705707\"\/><figcaption class=\"wp-element-caption\">M\u00e1rton Nagy als ungarischer Wirtschaftsminister bei der CPAC-2024-Konferenz in Budapest. Foto: <a href=\"https:\/\/www.facebook.com\/alapjogokert\/posts\/pfbid0PjmznikhapDKxNNmVotsH8LsHLM4hxrpHxviQ8nSzTz7oJpLwysq12mwND6QmCx5l\" target=\"_blank\" rel=\"noopener\">Facebook\/Alapjogok\u00e9rt K\u00f6zpont<\/a><\/figcaption><\/figure>\n\n\n\n<p class=\"wp-block-paragraph\">Aus den Unterlagen geht hervor, dass M\u00e1rton Nagy zwischen 2023 und 2026 in dienstlicher Funktion 51 St\u00e4dte in 32 L\u00e4ndern bereiste und dabei insgesamt 115 N\u00e4chte im Ausland verbrachte. Die Unterkunftskosten beliefen sich <a href=\"https:\/\/24.hu\/belfold\/2026\/08\/31\/nagy-marton-kulfoldi-ut-luxus-del-korea-24extra\" target=\"_blank\" rel=\"noopener\">laut 24.hu<\/a> auf insgesamt 51,9 Millionen Forint, was einem Durchschnitt von 451.000 Forint pro Nacht entspricht.<\/p>\n\n\n\n<p class=\"wp-block-paragraph\">Diese Zahl ist an sich schon bemerkenswert. Nach Angaben des Ungarischen Zentralamts f\u00fcr Statistik lag das Netto-Mediangehalt des Landes im Juli 2026 bei 438.000 Forint. Mit anderen Worten: Eine durchschnittliche \u00dcbernachtung im Ausland kostete M\u00e1rton Nagy mehr, als ein ungarischer Arbeitnehmer in einem ganzen Monat nach Hause brachte, <a href=\"https:\/\/hvg.hu\/gazdasag\/20260831_nagy-marton-nemzetgazdasagi-miniszterium-ngm-hivatalos-ut-luxusszalloda-szallas-koltseg-maganrepulo\" target=\"_blank\" rel=\"noopener\">berichtet hvg.hu<\/a>.<\/p>\n\n\n\n<h2 class=\"wp-block-heading\">Die extravagantesten Ausgaben<\/h2>\n\n\n\n<p class=\"wp-block-paragraph\">Die detaillierte Aufstellung der Ausgaben enth\u00e4lt noch weitere auff\u00e4llige Posten. Im September 2025 kosteten zwei \u00dcbernachtungen im \u201eThe Stafford\u201c in London 1,8 Millionen Forint, w\u00e4hrend drei \u00dcbernachtungen im Kopenhagener \u201eHotel Sanders\u201c 3,8 Millionen Forint beliefen \u2013 das sind etwa 1,2 Millionen Forint pro Nacht. Zwei \u00dcbernachtungen im Botanic Hotel in Antwerpen wurden mit 980.000 Forint in Rechnung gestellt.<\/p><figure class=\"wp-block-image aligncenter size-full\"><figcaption class=\"wp-element-caption\">\n<\/figcaption><\/figure>\n\n<figure class=\"wp-block-image aligncenter size-full\"><figcaption class=\"wp-element-caption\">\n<\/figcaption><img decoding=\"async\" src=\"https:\/\/dailynewshungary.b-cdn.net\/wp-content\/uploads\/2025\/08\/Hungarian-residential-developer-to-build-500-luxury-apartments-on-the-Spanish-Riviera-6.jpg\" alt=\"Hungarian residential developer to build 500 luxury apartments on the Spanish Riviera\" class=\"wp-image-667227\"\/><figcaption class=\"wp-element-caption\">Abbildung. Es scheint, als habe M\u00e1rton Nagy es geliebt, \u00f6ffentliche Gelder f\u00fcr Luxusunterk\u00fcnfte auszugeben&#8230;<\/figcaption><\/figure>\n\n\n\n<p class=\"wp-block-paragraph\">Auch bei der Wahl der Hotels scheint es keine besondere Zur\u00fcckhaltung gegeben zu haben. Den Zahlen zufolge \u00fcbernachtete die Delegation regelm\u00e4\u00dfig in Hotels internationaler Luxuskett wie Four Seasons, Mandarin Oriental, Ritz-Carlton und Waldorf Astoria. In Antwerpen \u00fcbernachtete M\u00e1rton Nagy mehrmals im selben Luxushotel, obwohl er ein offizielles Programm in Br\u00fcssel hatte. Dasselbe tat er in Zagreb, wo er in einer Unterkunft an der Adria \u00fcbernachtete, sowie im Fernen Osten.<\/p>\n\n\n\n<h2 class=\"wp-block-heading\">\u00d6ffentliche Gelder f\u00fcr Privatjets<\/h2>\n\n\n\n<p class=\"wp-block-paragraph\">Der Einsatz von Privatflugzeugen trieb die Kosten der Reisen erheblich in die H\u00f6he. Eine Reise von Paris nach Davos im Januar 2024 kostete 39,7 Millionen Forint, wovon allein der Privatjet 30 Millionen ausmachte. Laut HVG wurden Privatflugzeuge auch f\u00fcr Ziele eingesetzt, die problemlos mit Linienfl\u00fcgen h\u00e4tten erreicht werden k\u00f6nnen.<\/p><figure class=\"wp-block-image aligncenter size-full\"><figcaption class=\"wp-element-caption\">\n<\/figcaption><\/figure>\n\n<figure class=\"wp-block-image aligncenter size-full\"><figcaption class=\"wp-element-caption\"> \n<\/figcaption><img decoding=\"async\" src=\"https:\/\/dailynewshungary.b-cdn.net\/wp-content\/uploads\/2026\/05\/Private-jet.webp\" alt=\"Private jets\" class=\"wp-image-697034\"\/><figcaption class=\"wp-element-caption\"> \u2026 und Privatjets. Foto: <a href=\"https:\/\/depositphotos.com\/photo\/business-people-with-pilot-and-airhostess-at-terminal-38474501.html\" target=\"_blank\" rel=\"noopener\">depositphotos.com<\/a><\/figcaption><\/figure>\n\n\n\n<p class=\"wp-block-paragraph\">Besonders bemerkenswert ist die Reise nach S\u00fcdkorea im Jahr 2024. M\u00e1rton Nagy und seine siebenk\u00f6pfige Delegation besuchten auch die Insel Jeju, eines der beliebtesten Urlaubsziele S\u00fcdkoreas, das oft als das \u201eHawaii Koreas\u201c bezeichnet wird. Als offizieller Zweck des Besuchs wurden \u201eKonsultationen mit strategischen Partnern\u201c angegeben; aus den vorgelegten Unterlagen geht jedoch nicht hervor, wie viele Tage der Minister auf der Insel verbrachte oder wie sein konkretes Programm dort aussah. Die Unterbringung der Delegation kostete jedoch etwas mehr als 1 Million Forint f\u00fcr f\u00fcnf Tage.<\/p>\n\n\n\n<h2 class=\"wp-block-heading\">Wie M\u00e1rton Nagy unter der Regierung Orb\u00e1n zu Reichtum gelangte<\/h2>\n\n\n\n<p class=\"wp-block-paragraph\">Eine in drei Teilen ver\u00f6ffentlichte Investigativreihe von V\u00e1lasz Online (<a href=\"\/ITT?pplx_account=0eccf47f-c589-4349-ac9e-0aa28b3d64b4\" target=\"_blank\" rel=\"noopener\">HIER<\/a>, <a href=\"\/ITT?pplx_account=0eccf47f-c589-4349-ac9e-0aa28b3d64b4\" target=\"_blank\" rel=\"noopener\">HIER<\/a> und <a href=\"\/ITT?pplx_account=0eccf47f-c589-4349-ac9e-0aa28b3d64b4\" target=\"_blank\" rel=\"noopener\">HIER<\/a>) legt nahe, dass M\u00e1rton Nagy in den letzten Jahren durch wirtschaftliche Interessen, die mit seiner Familie und deren Gesch\u00e4ftsnetzwerk verbunden sind, betr\u00e4chtlichen Reichtum angeh\u00e4uft hat. Der Ver\u00f6ffentlichung zufolge spielte sein Bruder, Szil\u00e1rd Nagy, eine besonders wichtige Rolle, ebenso wie der von ihm gef\u00fchrte Anwaltskreis, der im Laufe der Jahre durch Auftr\u00e4ge zahlreicher staatlicher und staatlich gef\u00f6rderter Unternehmen gro\u00dfe Summen an \u00f6ffentlichen Geldern erhalten hat.<\/p><figure class=\"wp-block-image aligncenter size-large\"><figcaption class=\"wp-element-caption\">\n<\/figcaption><\/figure>\n\n<figure class=\"wp-block-image aligncenter size-large\"><figcaption class=\"wp-element-caption\">\n<\/figcaption><img loading=\"lazy\" decoding=\"async\" width=\"1280\" height=\"851\" src=\"https:\/\/dailynewshungary.b-cdn.net\/wp-content\/uploads\/2025\/02\/Hungarian-minister-Marton-Nagy-1280x851.jpg\" alt=\"Hungarian minister M\u00e1rton Nagy\" class=\"wp-image-643933\" srcset=\"https:\/\/contentf5.dailynewshungary.com\/wp-content\/uploads\/2025\/02\/Hungarian-minister-Marton-Nagy-1280x851.jpg 1280w, https:\/\/contentf5.dailynewshungary.com\/wp-content\/uploads\/2025\/02\/Hungarian-minister-Marton-Nagy-768x511.jpg 768w, https:\/\/contentf5.dailynewshungary.com\/wp-content\/uploads\/2025\/02\/Hungarian-minister-Marton-Nagy-282x188.jpg 282w, https:\/\/contentf5.dailynewshungary.com\/wp-content\/uploads\/2025\/02\/Hungarian-minister-Marton-Nagy-1536x1022.jpg 1536w, https:\/\/contentf5.dailynewshungary.com\/wp-content\/uploads\/2025\/02\/Hungarian-minister-Marton-Nagy.jpg 2048w\" sizes=\"auto, (max-width: 1280px) 100vw, 1280px\" \/><figcaption class=\"wp-element-caption\">Foto: <a href=\"https:\/\/www.facebook.com\/photo?fbid=122117625452708341&amp;set=pcb.122117625746708341\" target=\"_blank\" rel=\"noopener\">FB\/M\u00e1rton Nagy<\/a><\/figcaption><\/figure>\n\n\n\n<p class=\"wp-block-paragraph\">Die Analyse von \u201eV\u00e1lasz Online\u201c ergab, dass Auftr\u00e4ge von mindestens 80 staatsnahen Einrichtungen mit diesem Netzwerk in Verbindung standen. Bei 34 Unternehmen wurden konkrete Auftr\u00e4ge im Wert von mindestens 8,2 Milliarden Forint identifiziert. Laut M\u00e1rton Nagys eigener Verm\u00f6genserkl\u00e4rung besitzt er seit 2014 eine 89 Quadratmeter gro\u00dfe Wohnung im II. Bezirk von Budapest. Er erwarb sie w\u00e4hrend seiner T\u00e4tigkeit als F\u00fchrungskraft bei der Zentralbank, wobei die Ungarische Nationalbank finanzielle Unterst\u00fctzung f\u00fcr den Kauf leistete.<\/p>\n\n\n\n<h2 class=\"wp-block-heading\">Luxusimmobilien und Verm\u00f6gensverwalter<\/h2>\n\n\n\n<p class=\"wp-block-paragraph\">Der Immobilienbesitz der Familie ist jedoch erheblich umfangreicher. Seine Ehefrau h\u00e4lt einen Anteil an einer 168 Quadratmeter gro\u00dfen Luxuswohnung im II. Bezirk, deren Wert auf etwa eine halbe Milliarde Forint gesch\u00e4tzt wird; der gr\u00f6\u00dfere Anteil daran geh\u00f6rt Szil\u00e1rd Nagy. Zudem h\u00e4lt sie einen Anteil an einer Immobilie in V\u00e1szoly im Wert von etwa 150 Millionen Forint. Auf die Luxusimmobilie in Buda wurde eine Hypothek in H\u00f6he von 447 Millionen Forint eingetragen, die jedoch laut V\u00e1lasz Online bereits innerhalb von nur vier oder f\u00fcnf Monaten getilgt wurde.<\/p>\n\n\n\n<p class=\"has-very-light-gray-to-cyan-bluish-gray-gradient-background has-background wp-block-paragraph\"><strong>Falls Sie es verpasst haben: <a href=\"https:\/\/dailynewshungary.com\/de\/wurde-im-zusammenhang-mit-dem-notrufsystem-gondosora-fur-senioren-ein-betrug-in-hohe-von-100-milliarden-forint-aufgedeckt\/\/\">Wurde im Zusammenhang mit dem Notrufsystem \u201eGondos\u00f3ra\u201c f\u00fcr Senioren ein Betrugsfall in H\u00f6he von 275 Millionen Euro aufgedeckt?<\/a><\/strong><\/p>\n\n\n\n<p class=\"wp-block-paragraph\">Eine weitere wichtige Pers\u00f6nlichkeit im Gesch\u00e4ftsnetzwerk der Familie ist P\u00e9ter Fenyvesi, der zuvor an der Verwaltung des Immobilienverm\u00f6gens von Szil\u00e1rd Nagy beteiligt war und sp\u00e4ter Leiter der Trustify Investment Fund Management wurde. Die von Trustify verwalteten Private-Equity-Fonds erhielten laut V\u00e1lasz Online erhebliche Summen an staatlichem Kapital. So wurden beispielsweise dem \u201eTrustify Impact I\u201c im Rahmen eines staatlichen Kapitalprogramms 35 Milliarden Forint zugewiesen, w\u00e4hrend zur Finanzierung des Fondsbeitrags zudem ein durch eine staatliche Garantie abgesicherter Bankkredit genutzt wurde.<\/p>\n\n\n\n<p class=\"wp-block-paragraph\">Die Fonds haben Beteiligungen an einer Reihe von Projekten erworben, darunter Immobilienentwicklungen rund um den Plattensee, ein B\u00fcrogeb\u00e4ude in Buda, Energie- und Technologieunternehmen sowie Solar- und Windparks. Zu ihren Investitionen geh\u00f6rt auch ein Immobilienprojekt in Z\u00e1nka, das zuvor in staatlichem Besitz war.<\/p>\n\n\n\n<p class=\"wp-block-paragraph\">Insgesamt deuten die drei Recherchen von \u201eV\u00e1lasz Online\u201c auf ein Netzwerk hin, das staatliche \u00c4mter, Verbindungen zu Familienunternehmen, juristische Mandate, Immobilienbesitz und Private-Equity-Fonds miteinander verkn\u00fcpft, die mit erheblichen \u00f6ffentlichen Mitteln operieren. Durch dieses Netzwerk scheint M\u00e1rton Nagy \u2013 direkt oder \u00fcber seine Familie \u2013 mit Verm\u00f6genswerten und Gesch\u00e4ftsinteressen von betr\u00e4chtlichem Wert verbunden zu sein.<\/p>\n\n\n\n<p class=\"has-very-light-gray-to-cyan-bluish-gray-gradient-background has-background wp-block-paragraph\"><strong>Entsetzen \u00fcber die \u00fcberh\u00f6hten Preise beim Kernkraftwerk Paks II: <a href=\"https:\/\/dailynewshungary.com\/de\/entsetzen-uber-uberhohte-preise-beim-kernkraftwerk-paks-ii-haben-mit-orban-verbundene-und-der-tisza-partei-nahestehende-geschaftsleute-und-politiker-das-geld-in-die-eigene-tasche-gesteckt\/\/\">Haben mit Orb\u00e1n verbundene und der Tisza-Gruppe angeh\u00f6rende Gesch\u00e4ftsleute und Politiker das Geld in die eigene Tasche gesteckt?<\/a><\/strong><\/p>\n\n\n\n<p class=\"wp-block-paragraph\"><\/p>\n","protected":false},"excerpt":{"rendered":"<p>W\u00e4hrend offenbar keine einzige Hoffnung, kein Plan und kein Versprechen, das M\u00e1rton Nagy als Wirtschaftsminister in Bezug auf das Wirtschaftswachstum abgegeben hatte, in Erf\u00fcllung gegangen ist, scheint der Minister mehr als bereit gewesen zu sein, \u00f6ffentliche Gelder \u2013 sowohl damals als auch im Nachhinein, aus unerkl\u00e4rlichen Gr\u00fcnden \u2013 f\u00fcr luxuri\u00f6se Unterk\u00fcnfte und Privatjets auszugeben. Gleichzeitig [&hellip;]<\/p>\n","protected":false},"author":18,"featured_media":791993,"comment_status":"open","ping_status":"open","sticky":false,"template":"","format":"standard","meta":{"_acf_changed":false,"_display_image":"yes","footnotes":"","_members_access_role":[],"_members_access_error":""},"categories":[4396],"tags":[4273,4737,4691,1137,1076,1136],"class_list":["post-791992","post","type-post","status-publish","format-standard","has-post-thumbnail","hentry","category-ungarisch","tag-ce","tag-kategorie-politik-2","tag-orban-regierung-2","tag-ungarische-wirtschaft","tag-ungarn","tag-wirtschaftskrise-in-ungarn"],"blocksy_meta":[],"acf":[],"author_username":"johnwoods","telegram_post":"","public_post_metadata":{"breaking_news":"yes","important":"no","csempe":"yes","center_tile":"no","disable_thumbnail":"no","target_lang":"","_featured_image_style":"default","telegram_post":"","_xlat_group_id":"4b0c219f-2a49-4ea4-b028-85638b80d11f"},"public_rank_math_data":{"title":"Wie Minister M\u00e1rton Nagy \u00f6ffentliche Gelder f\u00fcr Luxus","description":"Dem j\u00fcngsten Dokumenten zufolge scheint der ehemalige Minister M\u00e1rton Nagy mehr als bereit zu sein, \u00f6ffentliche Gelder f\u00fcr Luxusg\u00fcter auszugeben.","focus_keyword":"ausgab public money","canonical_url":"","robots":"","primary_category":"4396","breadcrumb_title":"","facebook_title":"","facebook_description":"","facebook_image":"","facebook_image_id":"","twitter_title":"","twitter_description":"","twitter_image":"","twitter_image_id":"","twitter_card_type":"","twitter_use_facebook":"","advanced_robots":"","pillar_content":"","seo_score":"22","contentai_score":"","rich_snippet":""},"_links":{"self":[{"href":"https:\/\/dailynewshungary.com\/de\/wp-json\/wp\/v2\/posts\/791992","targetHints":{"allow":["GET"]}}],"collection":[{"href":"https:\/\/dailynewshungary.com\/de\/wp-json\/wp\/v2\/posts"}],"about":[{"href":"https:\/\/dailynewshungary.com\/de\/wp-json\/wp\/v2\/types\/post"}],"author":[{"embeddable":true,"href":"https:\/\/dailynewshungary.com\/de\/wp-json\/wp\/v2\/users\/18"}],"replies":[{"embeddable":true,"href":"https:\/\/dailynewshungary.com\/de\/wp-json\/wp\/v2\/comments?post=791992"}],"version-history":[{"count":1,"href":"https:\/\/dailynewshungary.com\/de\/wp-json\/wp\/v2\/posts\/791992\/revisions"}],"predecessor-version":[{"id":791994,"href":"https:\/\/dailynewshungary.com\/de\/wp-json\/wp\/v2\/posts\/791992\/revisions\/791994"}],"wp:featuredmedia":[{"embeddable":true,"href":"https:\/\/dailynewshungary.com\/de\/wp-json\/wp\/v2\/media\/791993"}],"wp:attachment":[{"href":"https:\/\/dailynewshungary.com\/de\/wp-json\/wp\/v2\/media?parent=791992"}],"wp:term":[{"taxonomy":"category","embeddable":true,"href":"https:\/\/dailynewshungary.com\/de\/wp-json\/wp\/v2\/categories?post=791992"},{"taxonomy":"post_tag","embeddable":true,"href":"https:\/\/dailynewshungary.com\/de\/wp-json\/wp\/v2\/tags?post=791992"}],"curies":[{"name":"wp","href":"https:\/\/api.w.org\/{rel}","templated":true}]}}