{"id":792003,"date":"2026-08-31T16:54:00","date_gmt":"2026-08-31T14:54:00","guid":{"rendered":"https:\/\/dailynewshungary.com\/de\/peter-magyar-in-bled-uber-krisenmanagement-haushaltsdefizit-eu-angelegenheiten-illegale-migration-und-regionale-zusammenarbeit\/"},"modified":"2026-08-31T16:54:00","modified_gmt":"2026-08-31T14:54:00","slug":"peter-magyar-in-bled-uber-krisenmanagement-haushaltsdefizit-eu-angelegenheiten-illegale-migration-und-regionale-zusammenarbeit","status":"publish","type":"post","link":"https:\/\/dailynewshungary.com\/de\/peter-magyar-in-bled-uber-krisenmanagement-haushaltsdefizit-eu-angelegenheiten-illegale-migration-und-regionale-zusammenarbeit\/","title":{"rendered":"P\u00e9ter Magyar in Bled \u00fcber Krisenmanagement, Haushaltsdefizit, EU-Angelegenheiten, illegale Migration und regionale Zusammenarbeit"},"content":{"rendered":"\n<p class=\"wp-block-paragraph\"><strong>Die ungarische Regierung habe seit ihrem Amtsantritt im Mai bereits mehrere Krisensituationen bew\u00e4ltigt, erkl\u00e4rte Ministerpr\u00e4sident P\u00e9ter Magyar am Montag auf dem Bled Strategy Forum in Slowenien und f\u00fcgte hinzu: \u201eIch bin stolz auf meine Regierung.\u201c<\/strong><\/p>\n\n\n\n<p class=\"wp-block-paragraph\">Als Beispiel nannte er die Energieversorgungskrise aufgrund extremer Wetterbedingungen und erkl\u00e4rte, die L\u00f6sung sei durch \u201eeine enorme, beispiellose Zusammenarbeit\u201c zustande gekommen. Er sagte au\u00dferdem, dass seine Regierung zwar ein erhebliches Defizit \u00fcbernommen habe, es ihr jedoch gelungen sei, dieses um 2,5 Milliarden Euro zu verringern.<\/p><figure class=\"wp-block-image aligncenter size-full\"><figcaption class=\"wp-element-caption\">\n<\/figcaption><\/figure>\n\n<figure class=\"wp-block-image aligncenter size-full\"><figcaption class=\"wp-element-caption\">\n<\/figcaption><img decoding=\"async\" src=\"https:\/\/dailynewshungary.b-cdn.net\/wp-content\/uploads\/2026\/08\/Peter-Magyar-and-Anita-Orban.webp\" alt=\"P\u00e9ter Magyar and Anita Orb\u00e1n\" class=\"wp-image-705725\"\/><figcaption class=\"wp-element-caption\">Ministerpr\u00e4sident P\u00e9ter Magyar und Au\u00dfenministerin Anita Orb\u00e1n in Bled, Slowenien. Foto: <a href=\"https:\/\/www.facebook.com\/peter.magyar.102\/posts\/pfbid0xSD9C3j6iqDJC3kZjNLxDaVy7NLaNC6NxyF11mrafrBVbzh8gEoRa1jJXozidpGRl\" target=\"_blank\" rel=\"noopener\">Facebook\/P\u00e9ter Magyar<\/a><\/figcaption><\/figure>\n\n\n\n<h2 class=\"wp-block-heading\">Offener Dialog<\/h2>\n\n\n\n<p class=\"wp-block-paragraph\">Ein offener Dialog sei entscheidend f\u00fcr die L\u00f6sung der Probleme, mit denen die Europ\u00e4ische Union konfrontiert sei, so Magyar. In Bezug auf die Bek\u00e4mpfung der illegalen Migration <a href=\"https:\/\/mti.hu\/en\/articles\/2026\/08\/31\/magyar-straighforward-communication-key-resolving-eu-problems\" target=\"_blank\" rel=\"noopener\">erkl\u00e4rte Magyar<\/a>: \u201eEs ist schwer, den Ungarn zu erkl\u00e4ren, warum Ungarn in Br\u00fcssel ungerecht behandelt wird.\u201c<\/p>\n\n\n\n<p class=\"wp-block-paragraph\">Aufgrund eines Urteils des Europ\u00e4ischen Gerichtshofs m\u00fcsse Ungarn t\u00e4glich einen betr\u00e4chtlichen Betrag zahlen, \u201enur weil wir die gemeinsamen EU-Grenzen sch\u00fctzen \u2026 das ist nicht fair\u201c, sagte er und f\u00fcgte hinzu, dass die Grenzkontrolle \u201eeine der wichtigsten Aufgaben\u201c der EU-Mitgliedstaaten sei.<\/p>\n\n\n\n<h2 class=\"wp-block-heading\">Die Tisza-Regierung sei \u201ekonstruktiver\u201c als ihre Vorg\u00e4ngerin<\/h2>\n\n\n\n<p class=\"wp-block-paragraph\">Die Tisza-Regierung sei \u201ekonstruktiver als ihre Vorg\u00e4ngerin in der EU, was jedoch nicht bedeutet, dass wir die ungarischen Interessen nicht Tag und Nacht vertreten w\u00fcrden\u201c, erkl\u00e4rte der Ministerpr\u00e4sident am Montag auf dem Bled-Strategieforum.<\/p><figure class=\"wp-block-image aligncenter size-full\"><figcaption class=\"wp-element-caption\">\n<\/figcaption><\/figure>\n\n<figure class=\"wp-block-image aligncenter size-full\"><figcaption class=\"wp-element-caption\">\n<\/figcaption><img decoding=\"async\" src=\"https:\/\/dailynewshungary.b-cdn.net\/wp-content\/uploads\/2026\/07\/Magyar-government-takes-up-new-FX-loan.webp\" alt=\"Magyar government sitting FX loan\" class=\"wp-image-701546\"\/><figcaption class=\"wp-element-caption\">Regierungssitzung. Foto: <a href=\"https:\/\/www.facebook.com\/peter.magyar.102\/posts\/pfbid02efTCceJZDDVYyTsijBFxg3zL7gBKf5DdTFXt72xV2qQfnPCSc8AakHKcA32SNxubl\" target=\"_blank\" rel=\"noopener\">Facebook\/Magyar P\u00e9ter<\/a><\/figcaption><\/figure>\n\n\n\n<p class=\"wp-block-paragraph\">Die Europ\u00e4ische Union m\u00fcsse sich auf Themen wie wirtschaftliche Zusammenarbeit und Wettbewerbsf\u00e4higkeit konzentrieren, sagte er. \u201eEs ist noch nicht zu sp\u00e4t f\u00fcr Ver\u00e4nderungen \u2026 wir m\u00fcssen entscheiden, ob die EU lediglich \u00fcberleben oder gewinnen will\u201c, sagte er und f\u00fcgte hinzu, dass diese beiden Wege zwei unterschiedliche Herangehensweisen erforderten.<\/p>\n\n\n\n<p class=\"wp-block-paragraph\">Er erkl\u00e4rte, \u201eLetzteres sei in Br\u00fcssel noch immer nicht das Ziel\u201c, f\u00fcgte jedoch hinzu, dass Mitteleuropa \u201edaran arbeiten muss, ein Gewinner zu werden\u201c, und hob die Bedeutung der regionalen Zusammenarbeit hervor.<\/p>\n\n\n\n<h2 class=\"wp-block-heading\">Regionale Zusammenarbeit wichtig f\u00fcr Ungarn, betonte Au\u00dfenministerin Anita Orb\u00e1n<\/h2>\n\n\n\n<p class=\"wp-block-paragraph\">Au\u00dfenministerin <a href=\"https:\/\/mti.hu\/en\/articles\/2026\/08\/31\/foreign-min-regional-cooperation-important-hungary\" target=\"_blank\" rel=\"noopener\">Anita Orb\u00e1n unterstrich<\/a> im Vorfeld des am Montag beginnenden Strategieforums von Bled die Bedeutung der regionalen Zusammenarbeit. Ungarns Sicherheit, Wettbewerbsf\u00e4higkeit, Verkehrs- und Energieverbindungen sowie die europ\u00e4ische Integration des Westbalkans hingen davon ab, wie gut das Land in der Region zusammenarbeiten k\u00f6nne, erkl\u00e4rte Orb\u00e1n in einem Beitrag auf Facebook.<\/p>\n\n\n\n<p class=\"has-very-light-gray-to-cyan-bluish-gray-gradient-background has-background wp-block-paragraph\"><strong>Falls Sie es verpasst haben \u2013 <a href=\"https:\/\/dailynewshungary.com\/de\/die-regierung-von-peter-magyar-verspricht-eine-neue-ara-fur-ungarische-schulen-sollten-schuler-und-lehrer-grund-zum-feiern-haben\/\/\">Die Regierung unter P\u00e9ter Magyar verspricht eine neue \u00c4ra f\u00fcr ungarische Schulen<\/a>: Sollten Sch\u00fcler und Lehrer Grund zum Feiern haben?<\/strong><\/p>\n\n\n\n<p class=\"wp-block-paragraph\">Die Ministerin nimmt an dem Forum in Slowenien teil, das sie als \u201eeines der wichtigsten au\u00dfenpolitischen Treffen in Mittel- und S\u00fcdosteuropa\u201c bezeichnete und bei dem sich politische und diplomatische F\u00fchrungskr\u00e4fte versammeln, um die dr\u00e4ngendsten Probleme der Region zu er\u00f6rtern.<\/p><figure class=\"wp-block-image aligncenter size-full\"><figcaption class=\"wp-element-caption\">\n<\/figcaption><\/figure>\n\n<figure class=\"wp-block-image aligncenter size-full\"><figcaption class=\"wp-element-caption\">\n<\/figcaption><img decoding=\"async\" src=\"https:\/\/dailynewshungary.b-cdn.net\/wp-content\/uploads\/2026\/08\/Hungarian-FM-Anita-Orban.webp\" alt=\"Hungarian FM Anita Orb\u00e1n\" class=\"wp-image-705424\"\/><figcaption class=\"wp-element-caption\">Foto: <a href=\"https:\/\/www.facebook.com\/orbananita.tisza\/posts\/pfbid0332ZzLV9YhqnG6x2do6TbApNAEJcCixYwAucCR57ygMQxaZsgCqU5p9xtxed28prbl\" target=\"_blank\" rel=\"noopener\">Facebook\/Orb\u00e1n Anita<\/a><\/figcaption><\/figure>\n\n\n\n<p class=\"wp-block-paragraph\">Sie erkl\u00e4rte, das Strategieforum von Bled habe f\u00fcr Ungarn \u201ekonkrete Bedeutung\u201c. Orb\u00e1n sagte, sie werde am Montag mit ihren Amtskollegen \u00fcber die regionale Zusammenarbeit sprechen und mehrere bilaterale Treffen abhalten.<\/p>\n\n\n\n<p class=\"wp-block-paragraph\">Das 21. Strategische Forum von Bled, das am Montag beginnt, wird sich auf die Zukunft Europas, die Erweiterung der Europ\u00e4ischen Union, die europ\u00e4ische Sicherheit und den Westbalkan konzentrieren. Die zweit\u00e4gige Veranstaltung bringt Staats- und Regierungschefs sowie Au\u00dfenminister aus Mittel- und S\u00fcdosteuropa, EU-Kommissare und Experten aus Wirtschaft und Politik zusammen.<\/p>\n\n\n\n<p class=\"has-very-light-gray-to-cyan-bluish-gray-gradient-background has-background wp-block-paragraph\"><strong><a href=\"https:\/\/dailynewshungary.com\/de\/neues-wohnungsbauprogramm-in-ungarn-konnte-den-immobilienmarkt-neu-gestalten\/\/\">Neues Wohnungsbauprogramm in Ungarn k\u00f6nnte den Immobilienmarkt neu gestalten<\/a><\/strong><\/p>\n","protected":false},"excerpt":{"rendered":"<p>Die ungarische Regierung habe seit ihrem Amtsantritt im Mai bereits mehrere Krisensituationen bew\u00e4ltigt, erkl\u00e4rte Ministerpr\u00e4sident P\u00e9ter Magyar am Montag auf dem Bled Strategy Forum in Slowenien und f\u00fcgte hinzu: \u201eIch bin stolz auf meine Regierung.\u201c Als Beispiel nannte er die Energieversorgungskrise aufgrund extremer Wetterbedingungen und erkl\u00e4rte, die L\u00f6sung sei durch \u201eeine enorme, beispiellose Zusammenarbeit\u201c zustande [&hellip;]<\/p>\n","protected":false},"author":33,"featured_media":792004,"comment_status":"open","ping_status":"open","sticky":false,"template":"","format":"standard","meta":{"_acf_changed":false,"_display_image":"","footnotes":"","_members_access_role":[],"_members_access_error":""},"categories":[4881],"tags":[1160,1082,4737,4673,1739,1102,1076],"class_list":["post-792003","post","type-post","status-publish","format-standard","has-post-thumbnail","hentry","category-ausen","tag-besuch","tag-europaische-union","tag-kategorie-politik-2","tag-peter-magyar","tag-slowenien","tag-ungarische-regierung","tag-ungarn"],"blocksy_meta":[],"acf":[],"author_username":"ugyelet","telegram_post":"","public_post_metadata":{"breaking_news":"yes","important":"no","csempe":"yes","center_tile":"no","disable_thumbnail":"no","target_lang":"","_featured_image_style":"","telegram_post":"","_xlat_group_id":"167bd8a7-d085-487d-9859-ca1b6269f70f"},"public_rank_math_data":{"title":"P\u00e9ter Magyar \u00fcber Krisenmanagement und Debatten mit der EU","description":"Die ungarische Regierung habe seit ihrem Amtsantritt im Mai bereits mehrere Krisensituationen bew\u00e4ltigt, erkl\u00e4rte Ministerpr\u00e4sident P\u00e9ter Magyar.","focus_keyword":"P\u00e9ter Magyar","canonical_url":"","robots":"","primary_category":"4881","breadcrumb_title":"","facebook_title":"","facebook_description":"","facebook_image":"","facebook_image_id":"","twitter_title":"","twitter_description":"","twitter_image":"","twitter_image_id":"","twitter_card_type":"","twitter_use_facebook":"","advanced_robots":"","pillar_content":"","seo_score":"82","contentai_score":"","rich_snippet":""},"_links":{"self":[{"href":"https:\/\/dailynewshungary.com\/de\/wp-json\/wp\/v2\/posts\/792003","targetHints":{"allow":["GET"]}}],"collection":[{"href":"https:\/\/dailynewshungary.com\/de\/wp-json\/wp\/v2\/posts"}],"about":[{"href":"https:\/\/dailynewshungary.com\/de\/wp-json\/wp\/v2\/types\/post"}],"author":[{"embeddable":true,"href":"https:\/\/dailynewshungary.com\/de\/wp-json\/wp\/v2\/users\/33"}],"replies":[{"embeddable":true,"href":"https:\/\/dailynewshungary.com\/de\/wp-json\/wp\/v2\/comments?post=792003"}],"version-history":[{"count":0,"href":"https:\/\/dailynewshungary.com\/de\/wp-json\/wp\/v2\/posts\/792003\/revisions"}],"wp:featuredmedia":[{"embeddable":true,"href":"https:\/\/dailynewshungary.com\/de\/wp-json\/wp\/v2\/media\/792004"}],"wp:attachment":[{"href":"https:\/\/dailynewshungary.com\/de\/wp-json\/wp\/v2\/media?parent=792003"}],"wp:term":[{"taxonomy":"category","embeddable":true,"href":"https:\/\/dailynewshungary.com\/de\/wp-json\/wp\/v2\/categories?post=792003"},{"taxonomy":"post_tag","embeddable":true,"href":"https:\/\/dailynewshungary.com\/de\/wp-json\/wp\/v2\/tags?post=792003"}],"curies":[{"name":"wp","href":"https:\/\/api.w.org\/{rel}","templated":true}]}}