{"id":792005,"date":"2026-08-31T18:04:00","date_gmt":"2026-08-31T16:04:00","guid":{"rendered":"https:\/\/dailynewshungary.com\/de\/magyar-ungarn-hat-alle-bedingungen-fur-den-zugriff-auf-eingefrorene-eu-mittel-erfullt\/"},"modified":"2026-08-31T18:04:00","modified_gmt":"2026-08-31T16:04:00","slug":"magyar-ungarn-hat-alle-bedingungen-fur-den-zugriff-auf-eingefrorene-eu-mittel-erfullt","status":"publish","type":"post","link":"https:\/\/dailynewshungary.com\/de\/magyar-ungarn-hat-alle-bedingungen-fur-den-zugriff-auf-eingefrorene-eu-mittel-erfullt\/","title":{"rendered":"Magyar: Ungarn hat alle Bedingungen f\u00fcr den Zugriff auf eingefrorene EU-Mittel erf\u00fcllt"},"content":{"rendered":"\n<p class=\"wp-block-paragraph\"><strong>Ungarn hat alle Anforderungen der Europ\u00e4ischen Union erf\u00fcllt, um Zugang zu EU-Mitteln in H\u00f6he von \u201eTausenden Milliarden\u201c Forint zu erhalten, \u201eim Einklang mit seinen Verpflichtungen und innerhalb der heutigen Frist\u201c, erkl\u00e4rte Ministerpr\u00e4sident P\u00e9ter Magyar am Montag auf Facebook.<\/strong><\/p>\n\n\n\n<p class=\"wp-block-paragraph\">\u201eNun k\u00f6nnen die Mittel aus Br\u00fcssel gerne eintreffen\u201c, <a href=\"https:\/\/mti.hu\/en\/articles\/2026\/08\/31\/magyar-hungary-has-met-all-requirements-access-eu-funds\" target=\"_blank\" rel=\"noopener\">sagte Magyar<\/a> und dankte allen, die zu den Bem\u00fchungen der Regierung beigetragen hatten. Ungarn hat Berichten zufolge die erforderlichen Ma\u00dfnahmen abgeschlossen, um rund 10 Milliarden Euro aus der EU-Fazilit\u00e4t f\u00fcr Wiederaufbau und Resilienz freizuschalten, w\u00e4hrend insgesamt 16,4 Milliarden Euro an zuvor eingefrorenen EU-Mitteln auf dem Spiel stehen.<\/p>\n\n\n\n<h2 class=\"wp-block-heading\">Magyar spricht von einer konstruktiveren Rolle<\/h2>\n\n\n\n<p class=\"wp-block-paragraph\">Ungarn sei unter der neuen Regierung zu einem konstruktiveren Akteur innerhalb der Europ\u00e4ischen Union geworden, sagte Magyar auf dem Bled Strategic Forum. \u201eDas bedeutet jedoch nicht, dass wir die ungarischen Interessen nicht jeden Augenblick eines jeden Tages verteidigen w\u00fcrden\u201c, f\u00fcgte er hinzu.<\/p><figure class=\"wp-block-image aligncenter size-full\"><figcaption class=\"wp-element-caption\">\n<\/figcaption><\/figure>\n\n<figure class=\"wp-block-image aligncenter size-full\"><figcaption class=\"wp-element-caption\">\n<\/figcaption><img decoding=\"async\" src=\"https:\/\/dailynewshungary.b-cdn.net\/wp-content\/uploads\/2026\/08\/Peter-Magyar-and-Anita-Orban.webp\" alt=\"P\u00e9ter Magyar and Anita Orb\u00e1n\" class=\"wp-image-705725\"\/><figcaption class=\"wp-element-caption\">Ministerpr\u00e4sident P\u00e9ter Magyar und Au\u00dfenministerin Anita Orb\u00e1n in Bled, Slowenien. Foto: <a href=\"https:\/\/www.facebook.com\/peter.magyar.102\/posts\/pfbid0xSD9C3j6iqDJC3kZjNLxDaVy7NLaNC6NxyF11mrafrBVbzh8gEoRa1jJXozidpGRl\" target=\"_blank\" rel=\"noopener\">Facebook\/P\u00e9ter Magyar<\/a><\/figcaption><\/figure>\n\n\n\n<p class=\"wp-block-paragraph\">Magyar sprach zudem von der Notwendigkeit, die politische F\u00fchrungsrolle der EU zu st\u00e4rken, ihre Wettbewerbsf\u00e4higkeit zu verbessern und das Potenzial der mitteleurop\u00e4ischen Zusammenarbeit zu nutzen. Er erkl\u00e4rte, Ungarn sei bereit, eine konstruktivere Rolle in der Europ\u00e4ischen Union zu spielen als in der Vergangenheit.<\/p>\n\n\n\n<h2 class=\"wp-block-heading\">\u201eWir sind gekommen, um unser Geld zu holen\u201c<\/h2>\n\n\n\n<p class=\"wp-block-paragraph\">\u201eEs ist keine gro\u00dfe Herausforderung, konstruktiver zu sein als zuvor\u201c, bemerkte er.<\/p>\n\n\n\n<p class=\"wp-block-paragraph\">Magyar betonte, dass es die Pflicht des Ministerpr\u00e4sidenten sei, die Interessen des ungarischen Volkes zu vertreten, genauso wie jeder EU-Mitgliedstaat verpflichtet sei, seine eigenen Interessen zu verteidigen.<\/p>\n\n\n\n<p class=\"has-very-light-gray-to-cyan-bluish-gray-gradient-background has-background wp-block-paragraph\"><strong>Falls Sie es verpasst haben: <a href=\"https:\/\/dailynewshungary.com\/de\/ungarisches-parlament-verabschiedet-haushaltsreformen-zur-freigabe-zusatzlicher-eu-mittel\/\/\">Ungarisches Parlament verabschiedet Steuerreformen zur Freigabe zus\u00e4tzlicher EU-Mittel<\/a><\/strong><\/p>\n\n\n\n<p class=\"wp-block-paragraph\">Magyar erinnerte an sein erstes Treffen mit Ursula von der Leyen, der Pr\u00e4sidentin der Europ\u00e4ischen Kommission, in Br\u00fcssel und erkl\u00e4rte, er habe den Standpunkt Ungarns deutlich gemacht: \u201eWir sind gekommen, um unser Geld zu holen.\u201c<\/p><figure class=\"wp-block-image aligncenter size-full\"><figcaption class=\"wp-element-caption\">\n<\/figcaption><\/figure>\n\n<figure class=\"wp-block-image aligncenter size-full\"><figcaption class=\"wp-element-caption\">\n<\/figcaption><img decoding=\"async\" src=\"https:\/\/dailynewshungary.b-cdn.net\/wp-content\/uploads\/2026\/05\/Peter-Magyar-and-Ursula-von-der-Leyen-2.webp\" alt=\"P\u00e9ter Magyar and Ursula von der Leyen (2)\" class=\"wp-image-698385\"\/><figcaption class=\"wp-element-caption\">Foto: Anadolu\/Dursun Aydemir<\/figcaption><\/figure>\n\n\n\n<p class=\"wp-block-paragraph\">Er beschrieb die Verhandlungen \u00fcber 16,4 Milliarden Euro an ungarischen EU-Mitteln, die drei oder vier Jahre lang eingefroren waren, als reibungslos. Laut Magyar erhielt Ungarn innerhalb eines einzigen Tages Zugang zu den Mitteln, obwohl die Europ\u00e4ische Kommission voraussichtlich zun\u00e4chst pr\u00fcfen wird, ob das Land die vereinbarten Meilensteine eingehalten hat, bevor die Mittel ausgezahlt werden.<\/p>\n\n\n\n<p class=\"has-very-light-gray-to-cyan-bluish-gray-gradient-background has-background wp-block-paragraph\"><strong><a href=\"https:\/\/dailynewshungary.com\/de\/ungarn-startet-55-milliarden-euro-modernisierung-des-schienennetzes-entwicklungsplan-erhalt-grunes-licht-2\/\/\">Ungarn will mit der Modernisierung des Schienennetzes im Umfang von 5,5 Milliarden Euro beginnen<\/a>, nachdem der Entwicklungsplan gr\u00fcnes Licht erhalten hat<\/strong><\/p>\n\n\n\n<p class=\"wp-block-paragraph\">Titelbild: Illustration. <a href=\"https:\/\/www.facebook.com\/peter.magyar.102\/posts\/pfbid02EQu1kEHQp8GWo3ynLe7aEX9FGm4d3oaTb5cVYs6X9vWFGuiEJ5Mz2ZL1Vg3ix3Yhl\" target=\"_blank\" rel=\"noopener\">Facebook\/P\u00e9ter Magyar<\/a><\/p>\n","protected":false},"excerpt":{"rendered":"<p>Ungarn hat alle Anforderungen der Europ\u00e4ischen Union erf\u00fcllt, um Zugang zu EU-Mitteln in H\u00f6he von \u201eTausenden Milliarden\u201c Forint zu erhalten, \u201eim Einklang mit seinen Verpflichtungen und innerhalb der heutigen Frist\u201c, erkl\u00e4rte Ministerpr\u00e4sident P\u00e9ter Magyar am Montag auf Facebook. \u201eNun k\u00f6nnen die Mittel aus Br\u00fcssel gerne eintreffen\u201c, sagte Magyar und dankte allen, die zu den Bem\u00fchungen [&hellip;]<\/p>\n","protected":false},"author":33,"featured_media":792006,"comment_status":"open","ping_status":"open","sticky":false,"template":"","format":"standard","meta":{"_acf_changed":false,"_display_image":"","footnotes":"","_members_access_role":[],"_members_access_error":""},"categories":[4899],"tags":[4757,1082,1118,4737,1102,1076],"class_list":["post-792005","post","type-post","status-publish","format-standard","has-post-thumbnail","hentry","category-auslandische","tag-eu-fordermittel","tag-europaische-union","tag-geld","tag-kategorie-politik-2","tag-ungarische-regierung","tag-ungarn"],"blocksy_meta":[],"acf":[],"author_username":"ugyelet","telegram_post":"","public_post_metadata":{"breaking_news":"yes","important":"no","csempe":"yes","center_tile":"no","disable_thumbnail":"no","target_lang":"","_featured_image_style":"","telegram_post":"","_xlat_group_id":"fc6e2eab-ab5b-4b7f-b4ff-98affafdb3c1"},"public_rank_math_data":{"title":"Eingefrorene EU-Mittel: Alle Bedingungen erf\u00fcllt, sagt Ministerpr\u00e4sident Magyar","description":"Ungarn habe alle Anforderungen der Europ\u00e4ischen Union erf\u00fcllt, um Zugang zu \u201eTausenden Milliarden\u201c Forint an EU-F\u00f6rdermitteln zu erhalten, sagte Magyar.","focus_keyword":"EU-F\u00f6rder","canonical_url":"","robots":"","primary_category":"4899","breadcrumb_title":"","facebook_title":"","facebook_description":"","facebook_image":"","facebook_image_id":"","twitter_title":"","twitter_description":"","twitter_image":"","twitter_image_id":"","twitter_card_type":"","twitter_use_facebook":"","advanced_robots":"","pillar_content":"","seo_score":"78","contentai_score":"","rich_snippet":""},"_links":{"self":[{"href":"https:\/\/dailynewshungary.com\/de\/wp-json\/wp\/v2\/posts\/792005","targetHints":{"allow":["GET"]}}],"collection":[{"href":"https:\/\/dailynewshungary.com\/de\/wp-json\/wp\/v2\/posts"}],"about":[{"href":"https:\/\/dailynewshungary.com\/de\/wp-json\/wp\/v2\/types\/post"}],"author":[{"embeddable":true,"href":"https:\/\/dailynewshungary.com\/de\/wp-json\/wp\/v2\/users\/33"}],"replies":[{"embeddable":true,"href":"https:\/\/dailynewshungary.com\/de\/wp-json\/wp\/v2\/comments?post=792005"}],"version-history":[{"count":0,"href":"https:\/\/dailynewshungary.com\/de\/wp-json\/wp\/v2\/posts\/792005\/revisions"}],"wp:featuredmedia":[{"embeddable":true,"href":"https:\/\/dailynewshungary.com\/de\/wp-json\/wp\/v2\/media\/792006"}],"wp:attachment":[{"href":"https:\/\/dailynewshungary.com\/de\/wp-json\/wp\/v2\/media?parent=792005"}],"wp:term":[{"taxonomy":"category","embeddable":true,"href":"https:\/\/dailynewshungary.com\/de\/wp-json\/wp\/v2\/categories?post=792005"},{"taxonomy":"post_tag","embeddable":true,"href":"https:\/\/dailynewshungary.com\/de\/wp-json\/wp\/v2\/tags?post=792005"}],"curies":[{"name":"wp","href":"https:\/\/api.w.org\/{rel}","templated":true}]}}