{"id":792007,"date":"2026-09-01T04:34:00","date_gmt":"2026-09-01T02:34:00","guid":{"rendered":"https:\/\/dailynewshungary.com\/de\/interne-dokumente-belegen-dass-ein-mit-orban-verbundener-politiker-und-geschaftsmann-uneingeschrankte-macht-uber-die-ungarischen-offentlich-rechtlichen-medien-hatte\/"},"modified":"2026-09-01T04:34:00","modified_gmt":"2026-09-01T02:34:00","slug":"interne-dokumente-belegen-dass-ein-mit-orban-verbundener-politiker-und-geschaftsmann-uneingeschrankte-macht-uber-die-ungarischen-offentlich-rechtlichen-medien-hatte","status":"publish","type":"post","link":"https:\/\/dailynewshungary.com\/de\/interne-dokumente-belegen-dass-ein-mit-orban-verbundener-politiker-und-geschaftsmann-uneingeschrankte-macht-uber-die-ungarischen-offentlich-rechtlichen-medien-hatte\/","title":{"rendered":"Interne Dokumente belegen, dass ein mit Orb\u00e1n verbundener Politiker und Gesch\u00e4ftsmann uneingeschr\u00e4nkte Macht \u00fcber die ungarischen \u00f6ffentlich-rechtlichen Medien hatte"},"content":{"rendered":"\n<p class=\"wp-block-paragraph\"><strong>Die Leiter der ungarischen \u00f6ffentlich-rechtlichen Medien erstatten Anzeige wegen mutma\u00dflich rechtswidriger Managementpraktiken in den vergangenen Jahren, teilte die Pressestelle des Betreibers, Duna M\u00e9diaszolg\u00e1ltat\u00f3, am Montag mit.<\/strong><\/p>\n\n\n\n<h2 class=\"wp-block-heading\">Mit Orb\u00e1n verbundener Politiker \u201elenkte die ungarischen \u00f6ffentlich-rechtlichen Medien\u201c<\/h2>\n\n\n\n<p class=\"wp-block-paragraph\">Interne Schreiben, Erkl\u00e4rungen und andere Dokumente, die bei einer \u00dcberpr\u00fcfung des damaligen Betreibers, des Fonds f\u00fcr Mediendienste und Verm\u00f6gensverwaltung (MTVA), aufgedeckt wurden, enth\u00fcllen Details zur politischen \u00dcberwachung der \u00f6ffentlich-rechtlichen Medien sowie zur Rolle, die Attila V\u00e1rhegyi, ein mit der Fidesz verbundener Politiker und Gesch\u00e4ftsmann, bei der Steuerung der Organisation gespielt hat, hei\u00dft es in der Erkl\u00e4rung.<\/p>\n\n\n\n<p class=\"wp-block-paragraph\">Der Erkl\u00e4rung zufolge wurden die \u00f6ffentlich-rechtlichen Medien faktisch von Herrn V\u00e1rhegyi geleitet, der als Berater unter Vertrag stand. Er \u00fcbernahm die Befugnisse der Medienf\u00fchrungskr\u00e4fte und traf Entscheidungen in Bezug auf Inhalte, Personal und finanzielle Angelegenheiten. \u201eIn vielen F\u00e4llen wagten es die Verantwortlichen der Einrichtung nicht einmal, ohne seine Zustimmung eine Entscheidung zu treffen\u201c, <a href=\"https:\/\/mti.hu\/en\/articles\/2026\/08\/31\/public-media-file-police-complaint-over-unlawful-leadership-practices\" target=\"_blank\" rel=\"noopener\">hie\u00df<\/a> es.<\/p><figure class=\"wp-block-image aligncenter size-full\"><figcaption class=\"wp-element-caption\">\n<\/figcaption><\/figure>\n\n<figure class=\"wp-block-image aligncenter size-full\"><figcaption class=\"wp-element-caption\">\n<\/figcaption><img decoding=\"async\" src=\"https:\/\/dailynewshungary.b-cdn.net\/wp-content\/uploads\/2026\/08\/MTVA-public-media-Attila-Varhegyi-Orban-close-steering.webp\" alt=\"MTVA public media Attila V\u00e1rhegyi Orb\u00e1n-close steering\" class=\"wp-image-705743\"\/><figcaption class=\"wp-element-caption\">Die Sendung vom 20. August der neu gestalteten ungarischen \u00f6ffentlich-rechtlichen Medien. Quelle: <a href=\"https:\/\/www.facebook.com\/kozmedia\/posts\/pfbid0Vom48gdDt3bmtUMjBPiL347ZrqnYc4qYWSWsL5pey3Xy4pc45g5ptsCSDTFAT6k7l\" target=\"_blank\" rel=\"noopener\">Facebook\/K\u00f6zm\u00e9dia<\/a><\/figcaption><\/figure>\n\n\n\n<h2 class=\"wp-block-heading\">Verbindung zwischen Politikern und den \u00f6ffentlich-rechtlichen Medien<\/h2>\n\n\n\n<p class=\"wp-block-paragraph\">Die Erkl\u00e4rung deutete zudem darauf hin, dass Herr V\u00e1rhegyi als Bindeglied zwischen der politischen F\u00fchrung und den \u00f6ffentlich-rechtlichen Medien fungierte und die W\u00fcnsche von Regierungsministern und Fidesz-Politikern weitergab.<\/p>\n\n\n\n<p class=\"wp-block-paragraph\">\u201eDas Verhalten von Herrn V\u00e1rhegyi zeigt deutlich, dass die \u00f6ffentlich-rechtlichen Medien, die gesetzlich verpflichtet sind, unabh\u00e4ngig von politischem Einfluss zu sein, in Wirklichkeit unter enger politischer Kontrolle standen\u201c, hie\u00df es in der Erkl\u00e4rung.<\/p>\n\n\n\n<p class=\"wp-block-paragraph\">Der Erkl\u00e4rung zufolge war nicht nur der informelle Einfluss von Herrn V\u00e1rhegyi rechtswidrig, sondern auch \u201edie Vorteile, die er angenommen hat\u201c.<\/p>\n\n\n\n<p class=\"has-very-light-gray-to-cyan-bluish-gray-gradient-background has-background wp-block-paragraph\"><strong>Falls Sie es verpasst haben: <a href=\"https:\/\/dailynewshungary.com\/de\/warum-ist-es-ein-problem-wenn-peter-magyar-entscheidet-wer-die-ungarischen-offentlich-rechtlichen-medien-leiten-darf\/\/\">Warum ist es ein Problem, wenn P\u00e9ter Magyar entscheidet, wer die ungarischen \u00f6ffentlich-rechtlichen Medien leiten darf?<\/a><\/strong><\/p>\n\n\n\n<p class=\"wp-block-paragraph\">So stellten ihm die \u00f6ffentlich-rechtlichen Medien beispielsweise jahrelang einen Fahrer zur Verf\u00fcgung, der als Veranstaltungsorganisator besch\u00e4ftigt war, \u201eum die Wahrheit in offiziellen Dokumenten zu verschleiern\u201c.<\/p><figure class=\"wp-block-image aligncenter size-full\"><figcaption class=\"wp-element-caption\">\n<\/figcaption><\/figure>\n\n<figure class=\"wp-block-image aligncenter size-full\"><figcaption class=\"wp-element-caption\">\n<\/figcaption><img loading=\"lazy\" decoding=\"async\" width=\"720\" height=\"480\" src=\"https:\/\/dailynewshungary.b-cdn.net\/wp-content\/uploads\/2021\/02\/orb\u00e1n-and-rog\u00e1n.jpg\" alt=\"orb\u00e1n and rog\u00e1n hungary most expensive state to run\" class=\"wp-image-377962\"\/><figcaption class=\"wp-element-caption\">Premierminister Orb\u00e1n (links) und Propagandaminister Antal Rog\u00e1n (rechts). Foto: Facebook\/Orb\u00e1n Viktor<\/figcaption><\/figure>\n\n\n\n<p class=\"wp-block-paragraph\">Herr V\u00e1rhegyi hielt zudem w\u00f6chentliche Treffen mit F\u00fchrungskr\u00e4ften der \u00f6ffentlich-rechtlichen Medien ab, bei denen \u201eGeneraldirektor D\u00e1niel Papp und andere F\u00fchrungskr\u00e4fte ihn selbst \u00fcber die kleinsten Angelegenheiten informierten\u201c, ihn zu geplanten Entscheidungen konsultierten und auf seine Anweisungen hin handelten, hie\u00df es in der Erkl\u00e4rung.<\/p>\n\n\n\n<p class=\"wp-block-paragraph\">In dem Dokument hie\u00df es ferner, dass Herr V\u00e1rhegyi seit 2023 ein monatliches Gehalt in H\u00f6he von 3,5 Millionen HUF bezogen habe.<\/p>\n\n\n\n<h2 class=\"wp-block-heading\">Eigent\u00fcmer der Porzellanmarke \u201eHoll\u00f3h\u00e1za\u201c<\/h2>\n\n\n\n<p class=\"wp-block-paragraph\">Herr V\u00e1rhegyi h\u00e4lt 100 Prozent der Anteile an der Porzellanmanufaktur Holl\u00f3h\u00e1za, einer weltbekannten ungarischen Marke, die er im Jahr 2020 erworben hat. Er zahlte damals 175 Millionen HUF f\u00fcr das Unternehmen.<\/p>\n\n\n\n<p class=\"has-very-light-gray-to-cyan-bluish-gray-gradient-background has-background wp-block-paragraph\"><strong><a href=\"https:\/\/dailynewshungary.com\/de\/die-ungarische-regierung-hat-die-offentlich-rechtlichen-medien-aus-der-orban-ara-abgeschafft-so-werden-sie-wieder-eingefuhrt-publicmedia-media-magyargovernment-20august\/\/\">Am 20. August k\u00f6nnte ein neues Kapitel in der Geschichte der \u00f6ffentlich-rechtlichen Medien beginnen <\/a><\/strong><\/p><figure class=\"wp-block-image aligncenter size-large\"><figcaption class=\"wp-element-caption\">\n<\/figcaption><\/figure>\n\n<figure class=\"wp-block-image aligncenter size-large\"><figcaption class=\"wp-element-caption\">\n<\/figcaption><img loading=\"lazy\" decoding=\"async\" width=\"1024\" height=\"768\" src=\"https:\/\/dailynewshungary.b-cdn.net\/wp-content\/uploads\/2020\/04\/Holl\u00f3h\u00e1zi-Porcel\u00e1n-Hungarikum-1024x768.jpg\" alt=\"Holl\u00f3h\u00e1zi Porcel\u00e1n\" class=\"wp-image-318360\" srcset=\"https:\/\/contentf5.dailynewshungary.com\/wp-content\/uploads\/2020\/04\/Holl\u00f3h\u00e1zi-Porcel\u00e1n-Hungarikum-1024x768.jpg 1024w, https:\/\/contentf5.dailynewshungary.com\/wp-content\/uploads\/2020\/04\/Holl\u00f3h\u00e1zi-Porcel\u00e1n-Hungarikum-300x225.jpg 300w, https:\/\/contentf5.dailynewshungary.com\/wp-content\/uploads\/2020\/04\/Holl\u00f3h\u00e1zi-Porcel\u00e1n-Hungarikum-768x576.jpg 768w, https:\/\/contentf5.dailynewshungary.com\/wp-content\/uploads\/2020\/04\/Holl\u00f3h\u00e1zi-Porcel\u00e1n-Hungarikum-800x600.jpg 800w, https:\/\/contentf5.dailynewshungary.com\/wp-content\/uploads\/2020\/04\/Holl\u00f3h\u00e1zi-Porcel\u00e1n-Hungarikum-1160x870.jpg 1160w, https:\/\/contentf5.dailynewshungary.com\/wp-content\/uploads\/2020\/04\/Holl\u00f3h\u00e1zi-Porcel\u00e1n-Hungarikum.jpg 1200w\" sizes=\"auto, (max-width: 1024px) 100vw, 1024px\" \/><figcaption class=\"wp-element-caption\">Erstklassige Produkte der Porzellanmanufaktur Holl\u00f3h\u00e1za. Foto: <a href=\"https:\/\/www.facebook.com\/patriotaeuropa\/\" target=\"_blank\" rel=\"noopener\">https:\/\/www.facebook.com\/patriotaeuropa\/\n<\/a><\/figcaption><\/figure>","protected":false},"excerpt":{"rendered":"<p>Die Leiter der ungarischen \u00f6ffentlich-rechtlichen Medien erstatten Anzeige wegen mutma\u00dflich rechtswidriger Managementpraktiken in den vergangenen Jahren, teilte die Pressestelle des Betreibers, Duna M\u00e9diaszolg\u00e1ltat\u00f3, am Montag mit. Mit Orb\u00e1n verbundener Politiker \u201elenkte die ungarischen \u00f6ffentlich-rechtlichen Medien\u201c Interne Schreiben, Erkl\u00e4rungen und andere Dokumente, die bei einer \u00dcberpr\u00fcfung des damaligen Betreibers, des Fonds f\u00fcr Mediendienste und Verm\u00f6gensverwaltung (MTVA), [&hellip;]<\/p>\n","protected":false},"author":18,"featured_media":792008,"comment_status":"open","ping_status":"open","sticky":false,"template":"","format":"standard","meta":{"_acf_changed":false,"_display_image":"","footnotes":"","_members_access_role":[],"_members_access_error":""},"categories":[4396],"tags":[2026,4540,4392,1207,4691,1076,1128],"class_list":["post-792007","post","type-post","status-publish","format-standard","has-post-thumbnail","hentry","category-ungarisch","tag-kategorie-politik","tag-kategorie-wirtschaft","tag-kategorie-wirtschaft-in-ungarn","tag-medien","tag-orban-regierung-2","tag-ungarn","tag-viktor-orban"],"blocksy_meta":[],"acf":[],"author_username":"johnwoods","telegram_post":"","public_post_metadata":{"breaking_news":"yes","important":"no","csempe":"yes","center_tile":"no","disable_thumbnail":"no","target_lang":"","_featured_image_style":"","telegram_post":"","_xlat_group_id":"4c36d285-0244-4767-91e2-e3ea92e4bf61"},"public_rank_math_data":{"title":"Sind Ungarns \u00f6ffentlich-rechtliche Medien in der Falle eines mit Orb\u00e1n verbundenen Unternehmers?","description":"Die Leiter der ungarischen \u00f6ffentlich-rechtlichen Medien erstatten Anzeige wegen mutma\u00dflich rechtswidriger Managementpraktiken in den vergangenen Jahren.","focus_keyword":"public media","canonical_url":"","robots":"","primary_category":"4396","breadcrumb_title":"","facebook_title":"","facebook_description":"","facebook_image":"","facebook_image_id":"","twitter_title":"","twitter_description":"","twitter_image":"","twitter_image_id":"","twitter_card_type":"","twitter_use_facebook":"","advanced_robots":"","pillar_content":"","seo_score":"79","contentai_score":"","rich_snippet":""},"_links":{"self":[{"href":"https:\/\/dailynewshungary.com\/de\/wp-json\/wp\/v2\/posts\/792007","targetHints":{"allow":["GET"]}}],"collection":[{"href":"https:\/\/dailynewshungary.com\/de\/wp-json\/wp\/v2\/posts"}],"about":[{"href":"https:\/\/dailynewshungary.com\/de\/wp-json\/wp\/v2\/types\/post"}],"author":[{"embeddable":true,"href":"https:\/\/dailynewshungary.com\/de\/wp-json\/wp\/v2\/users\/18"}],"replies":[{"embeddable":true,"href":"https:\/\/dailynewshungary.com\/de\/wp-json\/wp\/v2\/comments?post=792007"}],"version-history":[{"count":0,"href":"https:\/\/dailynewshungary.com\/de\/wp-json\/wp\/v2\/posts\/792007\/revisions"}],"wp:featuredmedia":[{"embeddable":true,"href":"https:\/\/dailynewshungary.com\/de\/wp-json\/wp\/v2\/media\/792008"}],"wp:attachment":[{"href":"https:\/\/dailynewshungary.com\/de\/wp-json\/wp\/v2\/media?parent=792007"}],"wp:term":[{"taxonomy":"category","embeddable":true,"href":"https:\/\/dailynewshungary.com\/de\/wp-json\/wp\/v2\/categories?post=792007"},{"taxonomy":"post_tag","embeddable":true,"href":"https:\/\/dailynewshungary.com\/de\/wp-json\/wp\/v2\/tags?post=792007"}],"curies":[{"name":"wp","href":"https:\/\/api.w.org\/{rel}","templated":true}]}}