{"id":792009,"date":"2026-09-01T06:04:00","date_gmt":"2026-09-01T04:04:00","guid":{"rendered":"https:\/\/dailynewshungary.com\/de\/gas-terrorismus-gegen-ungarn-serbische-behorden-ermitteln-gegen-eine-gruppe-von-verdachtigen\/"},"modified":"2026-09-01T09:05:34","modified_gmt":"2026-09-01T07:05:34","slug":"gas-terrorismus-gegen-ungarn-serbische-behorden-ermitteln-gegen-eine-gruppe-von-verdachtigen","status":"publish","type":"post","link":"https:\/\/dailynewshungary.com\/de\/gas-terrorismus-gegen-ungarn-serbische-behorden-ermitteln-gegen-eine-gruppe-von-verdachtigen\/","title":{"rendered":"\u201eGas-Terrorismus\u201c gegen Ungarn: Serbische Beh\u00f6rden ermitteln gegen eine Gruppe von Verd\u00e4chtigen"},"content":{"rendered":"\n<p class=\"wp-block-paragraph\"><strong>Gegen sieben Personen wird im Zusammenhang mit einer organisierten Gruppe ermittelt, die im Verdacht steht, Sprengstoff, Sprengvorrichtungen und Drohnen in Serbien beschafft und gelagert zu haben, um diese anschlie\u00dfend an vorab festgelegte Orte in L\u00e4ndern der Europ\u00e4ischen Union zu versenden. Die Gruppe soll zudem im April Sprengs\u00e4tze in der N\u00e4he der Gasinfrastruktur zwischen Ungarn und Serbien platziert haben, teilte die Oberstaatsanwaltschaft in Subotica am Montag mit.<\/strong><\/p>\n\n\n\n<h2 class=\"wp-block-heading\">Wollten sie die wichtige serbisch-ungarische Gaspipeline in die Luft sprengen?<\/h2>\n\n\n\n<p class=\"wp-block-paragraph\">Laut einer Erkl\u00e4rung wurden gegen die sieben Verd\u00e4chtigen Verfahren wegen des Verdachts auf illegale Herstellung, Besitz, Mitf\u00fchrung und Handel mit Waffen und Sprengstoffen eingeleitet, <a href=\"https:\/\/mti.hu\/hirek\/2026\/08\/31\/het-embert-gyanusitanak-az-aprilisban-magyarkanizsan-talalt-robbanoanyag-ugyeben-0\" target=\"_blank\" rel=\"noopener\">berichtete<\/a> MTI.<\/p>\n\n\n\n<p class=\"wp-block-paragraph\">Die Gruppe wurde im Rahmen von Ermittlungen zu Sprengstoffen aufgedeckt, die am 5. April in der Gemeinde Kanji\u017ea\/Magyarkanizsa gefunden worden waren. Die Ermittlungen wurden vom serbischen Sicherheitsdienst (BIA), dem Milit\u00e4rischen Sicherheitsdienst (VBA), der Kriminalpolizei des Innenministeriums und der Milit\u00e4rpolizei durchgef\u00fchrt. Bei der \u00dcberwachung der Aktivit\u00e4ten der Verd\u00e4chtigen entdeckten die Beh\u00f6rden weitere Sprengstoffe, Sprengvorrichtungen, Drohnen und sonstige f\u00fcr deren Betrieb erforderliche Ausr\u00fcstung.<\/p><figure class=\"wp-block-image aligncenter size-full\"><figcaption class=\"wp-element-caption\">\n<\/figcaption><\/figure>\n\n<figure class=\"wp-block-image aligncenter size-full\"><figcaption class=\"wp-element-caption\">\n<\/figcaption><img loading=\"lazy\" decoding=\"async\" width=\"1200\" height=\"797\" src=\"https:\/\/dailynewshungary.b-cdn.net\/wp-content\/uploads\/2024\/07\/oil_and_gas_pipeline.jpeg\" alt=\"oil and gas pipeline Russian oil mol Hungary's gas supply\" class=\"wp-image-606202\" srcset=\"https:\/\/contentf5.dailynewshungary.com\/wp-content\/uploads\/2024\/07\/oil_and_gas_pipeline.jpeg 1200w, https:\/\/contentf5.dailynewshungary.com\/wp-content\/uploads\/2024\/07\/oil_and_gas_pipeline-768x510.jpeg 768w, https:\/\/contentf5.dailynewshungary.com\/wp-content\/uploads\/2024\/07\/oil_and_gas_pipeline-334x222.jpeg 334w, https:\/\/contentf5.dailynewshungary.com\/wp-content\/uploads\/2024\/07\/oil_and_gas_pipeline-248x165.jpeg 248w, https:\/\/contentf5.dailynewshungary.com\/wp-content\/uploads\/2024\/07\/oil_and_gas_pipeline-1030x684.jpeg 1030w, https:\/\/contentf5.dailynewshungary.com\/wp-content\/uploads\/2024\/07\/oil_and_gas_pipeline-113x75.jpeg 113w, https:\/\/contentf5.dailynewshungary.com\/wp-content\/uploads\/2024\/07\/oil_and_gas_pipeline-480x319.jpeg 480w\" sizes=\"auto, (max-width: 1200px) 100vw, 1200px\" \/><figcaption class=\"wp-element-caption\">Illustration. Quelle: <a href=\"https:\/\/depositphotos.com\/editorial\/oil-workers-and-pipelines-6530258.html\" target=\"_blank\" rel=\"noopener\">depositphotos.com<\/a><\/figcaption><\/figure>\n\n\n\n<p class=\"wp-block-paragraph\">Die Staatsanwaltschaft erkl\u00e4rte, die Ermittlungen w\u00fcrden in Zusammenarbeit mit den Strafverfolgungsbeh\u00f6rden der betroffenen europ\u00e4ischen L\u00e4nder fortgesetzt. Die Ermittler versuchen, die genauen Rollen der Verd\u00e4chtigen sowie den beabsichtigten Verwendungszweck der beschlagnahmten Ausr\u00fcstung zu ermitteln.<\/p>\n\n\n\n<h2 class=\"wp-block-heading\">Der ehemalige Ministerpr\u00e4sident Orb\u00e1n deutete an, die Aktion sei Teil einer \u201einternationalen Erz\u00e4hlung\u201c<\/h2>\n\n\n\n<p class=\"wp-block-paragraph\">Am 5. April, nur sieben Tage vor den ungarischen Parlamentswahlen, wurden etwa vier Kilogramm einer mutma\u00dflich explosiven Substanz in zwei schwarzen Rucks\u00e4cken in der N\u00e4he einer Stra\u00dfe zwischen Fels\u0151hegy (Gornji Breg) und Ilonafalva (Vojvoda Zimonji\u0107) in der Gemeinde Kanji\u017ea. Die Oberstaatsanwaltschaft in Subotica teilte damals mit, dass es sich bei dem Material vermutlich um Plastiksprengstoff handele, zusammen mit Bauteilen, die zum Zusammenbau eines Sprengsatzes verwendet werden k\u00f6nnten.<\/p>\n\n\n\n<p class=\"has-very-light-gray-to-cyan-bluish-gray-gradient-background has-background wp-block-paragraph\"><strong><a href=\"https:\/\/dailynewshungary.com\/de\/russland-droht-mit-der-einstellung-der-ol-und-gaslieferungen-an-ungarn-nachdem-budapest-moskau-als-sicherheitsbedrohung-eingestuft-hat\/\/\">Russland droht mit der Einstellung der \u00d6l- und Gaslieferungen an Ungarn<\/a>, nachdem Budapest Moskau als Sicherheitsbedrohung eingestuft hat<\/strong><\/p>\n\n\n\n<p class=\"wp-block-paragraph\">Die verd\u00e4chtigen Gegenst\u00e4nde wurden in der N\u00e4he der Gaspipeline zwischen Serbien und Ungarn gefunden. An der Durchsuchung des Gebiets waren etwa 140 Soldaten und Polizeibeamte beteiligt.<\/p><figure class=\"wp-block-image aligncenter size-full\"><figcaption class=\"wp-element-caption\">\n<\/figcaption><\/figure>\n\n<figure class=\"wp-block-image aligncenter size-full\"><figcaption class=\"wp-element-caption\">\n<\/figcaption><img decoding=\"async\" src=\"https:\/\/dailynewshungary.b-cdn.net\/wp-content\/uploads\/2026\/04\/Serbia-modern-army-4.webp\" alt=\"Serbia modern army\" class=\"wp-image-694560\"\/><figcaption class=\"wp-element-caption\">Foto: <a href=\"https:\/\/www.facebook.com\/permalink.php?story_fbid=pfbid08Sau5KmKSB5NZmHWfiDbT9S1m7WRi972nBrTcBLxakiGUWiMPiBVtc2AVUi5HTD7l&amp;id=100064645005796\" target=\"_blank\" rel=\"noopener\">Facebook\/\u041c\u0438\u043d\u0438\u0441\u0442\u0430\u0440\u0441\u0442\u0432\u043e \u043e\u0434\u0431\u0440\u0430\u043d\u0435 \u0438 \u0412\u043e\u0458\u0441\u043a\u0430 \u0421\u0440\u0431\u0438\u0458\u0435<\/a><\/figcaption><\/figure>\n\n\n\n<p class=\"wp-block-paragraph\">Aleksandar Vu\u010di\u0107, Serbiens Pr\u00e4sident, erkl\u00e4rte damals, dass in unmittelbarer N\u00e4he der Gasinfrastruktur ein hochwirksamer Sprengstoff sowie die zu dessen Z\u00fcndung erforderlichen Z\u00fcnder gefunden worden seien. Er informierte zudem Viktor Orb\u00e1n, den damaligen ungarischen Ministerpr\u00e4sidenten, \u00fcber die Ermittlungen und erkl\u00e4rte, dass Ungarn und Nordserbien ohne Gasversorgung h\u00e4tten auskommen m\u00fcssen, w\u00e4re die mutma\u00dfliche Operation erfolgreich gewesen.<\/p>\n\n\n\n<p class=\"has-very-light-gray-to-cyan-bluish-gray-gradient-background has-background wp-block-paragraph\"><strong>Falls Sie es verpasst haben: <a href=\"https:\/\/dailynewshungary.com\/de\/an-der-ungarischen-grenze-festgenommene-mutmasliche-russische-agenten-hatten-moglicherweise-einen-bombenanschlag-in-deutschland-geplant-behorden-halten-sich-bedeckt\/\/\">An der ungarischen Grenze festgenommene mutma\u00dfliche russische Agenten \u201eh\u00e4tten m\u00f6glicherweise einen Bombenanschlag in Deutschland geplant\u201c<\/a> \u2013 Beh\u00f6rden halten sich bedeckt<\/strong><\/p>\n\n\n\n<h2 class=\"wp-block-heading\">Orb\u00e1n deutete an, dass die Ukraine hinter der Sabotage stecke<\/h2>\n\n\n\n<p class=\"wp-block-paragraph\">Anschlie\u00dfend erkl\u00e4rte der ehemalige Ministerpr\u00e4sident Orb\u00e1n, er wolle kein Land beschuldigen, deutete jedoch an, dass die Ereignisse Teil einer internationalen Strategie seien. Mit dieser r\u00e4tselhaften Bemerkung k\u00f6nnte er sich auf die russischen Gaslieferungen nach Ungarn bezogen haben, \u00fcber die er wiederholt mit der EU aneinandergeraten ist. Er erw\u00e4hnte die Nord-Stream-Pipeline, die angeblich von Ukrainern gesprengt worden sei, und f\u00fcgte hinzu, dass die Ukraine sowohl die F\u00e4higkeit als auch die Absicht habe, eine solche Tat zu begehen.<\/p><figure class=\"wp-block-image aligncenter size-full\"><figcaption class=\"wp-element-caption\">\n<\/figcaption><\/figure>\n\n<figure class=\"wp-block-image aligncenter size-full\"><figcaption class=\"wp-element-caption\">\n<\/figcaption><img decoding=\"async\" src=\"https:\/\/dailynewshungary.b-cdn.net\/wp-content\/uploads\/2026\/04\/PM-Viktor-Orban-and-FM-Szijjarto-in-Kiskundorozsma.webp\" alt=\"PM Viktor Orb\u00e1n and FM Szijj\u00e1rt\u00f3 in Kiskundorozsma\" class=\"wp-image-693635\"\/><figcaption class=\"wp-element-caption\">Orb\u00e1n und Au\u00dfenminister Szijj\u00e1rt\u00f3 hielten eine Pressekonferenz nahe der serbisch-ungarischen Grenze ab, nachdem Nachrichten \u00fcber die Sabotageaktion bekannt geworden waren. Foto: <a href=\"https:\/\/static.mti.hu\/styles\/h_800px_jpg\/public\/D_MTI20260406002.jpg?itok=1OezZag9\" target=\"_blank\" rel=\"noopener\">MTI\/Zolt\u00e1n Fischer<\/a><\/figcaption><\/figure>\n\n\n\n<p class=\"wp-block-paragraph\">Er verwies zudem auf Sabotageakte mit potenziell verheerenden Folgen, berief den Verteidigungsrat ein und warnte, dass niemand mit der Energiesicherheit Ungarns spielen d\u00fcrfe.<\/p>\n\n\n\n<p class=\"wp-block-paragraph\">Unterdessen wiesen die serbischen Beh\u00f6rden die Behauptung zur\u00fcck, die Ukraine k\u00f6nnte hinter der Platzierung der Sprengs\u00e4tze gestanden haben, und f\u00fcgten hinzu, dass die Sprengstoffe amerikanischen Ursprungs seien.<\/p><figure class=\"wp-block-image aligncenter size-full\"><figcaption class=\"wp-element-caption\">\n<\/figcaption><\/figure>\n\n<figure class=\"wp-block-image aligncenter size-full\"><figcaption class=\"wp-element-caption\">\n<\/figcaption><img decoding=\"async\" src=\"https:\/\/dailynewshungary.b-cdn.net\/wp-content\/uploads\/2026\/04\/President-Aleksandar-Vucic.webp\" alt=\"President Aleksandar Vucic\" class=\"wp-image-694434\"\/><figcaption class=\"wp-element-caption\">Foto: <a href=\"https:\/\/www.facebook.com\/photo.php?fbid=1503177831395358&amp;set=pb.100051094670379.-2207520000&amp;type=3\" target=\"_blank\" rel=\"noopener\">Facebook\/Aleksandar Vu\u010di\u0107<\/a><\/figcaption><\/figure>\n\n\n\n<p class=\"has-very-light-gray-to-cyan-bluish-gray-gradient-background has-background wp-block-paragraph\"><strong><a href=\"https:\/\/dailynewshungary.com\/de\/orban-vermutet-dass-die-ukraine-die-turkstream-pipeline-sabotieren-wollte-serbien-sieht-das-anders\/\/\">Orb\u00e1n vermutet, die Ukraine habe die Sabotage der TurkStream-Pipeline geplant \u2013 <\/a>Serbien sieht das anders <\/strong><\/p>\n\n\n\n<p class=\"wp-block-paragraph\"><\/p>\n","protected":false},"excerpt":{"rendered":"<p>Gegen sieben Personen wird im Zusammenhang mit einer organisierten Gruppe ermittelt, die im Verdacht steht, Sprengstoff, Sprengvorrichtungen und Drohnen in Serbien beschafft und gelagert zu haben, um diese anschlie\u00dfend an vorab festgelegte Orte in L\u00e4ndern der Europ\u00e4ischen Union zu versenden. Die Gruppe soll zudem im April Sprengs\u00e4tze in der N\u00e4he der Gasinfrastruktur zwischen Ungarn und [&hellip;]<\/p>\n","protected":false},"author":18,"featured_media":792010,"comment_status":"open","ping_status":"open","sticky":false,"template":"","format":"standard","meta":{"_acf_changed":false,"_display_image":"yes","footnotes":"","_members_access_role":[],"_members_access_error":""},"categories":[4400],"tags":[4273,1227,4564,4585,2026,1209,1484,1543,1092,1076],"class_list":["post-792009","post","type-post","status-publish","format-standard","has-post-thumbnail","hentry","category-kriminalitat","tag-ce","tag-energiekrise-in-ungarn","tag-kategorie-ausenpolitik","tag-kategorie-leben-in-ungarn","tag-kategorie-politik","tag-russland","tag-serbien","tag-terrorismus","tag-ukraine","tag-ungarn"],"blocksy_meta":[],"acf":[],"author_username":"johnwoods","telegram_post":"","public_post_metadata":{"breaking_news":"yes","important":"no","csempe":"yes","center_tile":"no","disable_thumbnail":"no","target_lang":"","_featured_image_style":"default","telegram_post":"","_xlat_group_id":"0df7a43a-ca37-42db-84a9-3765a212e12b"},"public_rank_math_data":{"title":"Gas-\u201eTerrorismus\u201c gegen Ungarn und Serbien: Gruppe von Verd\u00e4chtigen","description":"Serbische Beh\u00f6rden ermitteln gegen eine Gruppe von Personen, die angeblich versucht haben sollen, die ungarisch-serbische Gaspipeline in die Luft zu sprengen.","focus_keyword":"Serbien","canonical_url":"","robots":"","primary_category":"4400","breadcrumb_title":"","facebook_title":"","facebook_description":"","facebook_image":"","facebook_image_id":"","twitter_title":"","twitter_description":"","twitter_image":"","twitter_image_id":"","twitter_card_type":"","twitter_use_facebook":"","advanced_robots":"","pillar_content":"","seo_score":"68","contentai_score":"","rich_snippet":""},"_links":{"self":[{"href":"https:\/\/dailynewshungary.com\/de\/wp-json\/wp\/v2\/posts\/792009","targetHints":{"allow":["GET"]}}],"collection":[{"href":"https:\/\/dailynewshungary.com\/de\/wp-json\/wp\/v2\/posts"}],"about":[{"href":"https:\/\/dailynewshungary.com\/de\/wp-json\/wp\/v2\/types\/post"}],"author":[{"embeddable":true,"href":"https:\/\/dailynewshungary.com\/de\/wp-json\/wp\/v2\/users\/18"}],"replies":[{"embeddable":true,"href":"https:\/\/dailynewshungary.com\/de\/wp-json\/wp\/v2\/comments?post=792009"}],"version-history":[{"count":1,"href":"https:\/\/dailynewshungary.com\/de\/wp-json\/wp\/v2\/posts\/792009\/revisions"}],"predecessor-version":[{"id":792011,"href":"https:\/\/dailynewshungary.com\/de\/wp-json\/wp\/v2\/posts\/792009\/revisions\/792011"}],"wp:featuredmedia":[{"embeddable":true,"href":"https:\/\/dailynewshungary.com\/de\/wp-json\/wp\/v2\/media\/792010"}],"wp:attachment":[{"href":"https:\/\/dailynewshungary.com\/de\/wp-json\/wp\/v2\/media?parent=792009"}],"wp:term":[{"taxonomy":"category","embeddable":true,"href":"https:\/\/dailynewshungary.com\/de\/wp-json\/wp\/v2\/categories?post=792009"},{"taxonomy":"post_tag","embeddable":true,"href":"https:\/\/dailynewshungary.com\/de\/wp-json\/wp\/v2\/tags?post=792009"}],"curies":[{"name":"wp","href":"https:\/\/api.w.org\/{rel}","templated":true}]}}