{"id":792012,"date":"2026-09-01T07:34:00","date_gmt":"2026-09-01T05:34:00","guid":{"rendered":"https:\/\/dailynewshungary.com\/de\/ungarischer-mann-schlagt-und-foltert-seine-partnerin-und-zwingt-sie-ihr-eigenes-grab-zu-schaufeln\/"},"modified":"2026-09-01T10:44:51","modified_gmt":"2026-09-01T08:44:51","slug":"ungarischer-mann-schlagt-und-foltert-seine-partnerin-und-zwingt-sie-ihr-eigenes-grab-zu-schaufeln","status":"publish","type":"post","link":"https:\/\/dailynewshungary.com\/de\/ungarischer-mann-schlagt-und-foltert-seine-partnerin-und-zwingt-sie-ihr-eigenes-grab-zu-schaufeln\/","title":{"rendered":"Ungarischer Mann schl\u00e4gt und foltert seine Partnerin und zwingt sie, ihr eigenes Grab zu schaufeln"},"content":{"rendered":"\n<p class=\"wp-block-paragraph\"><strong>Ein 49-j\u00e4hriger Mann soll seine Partnerin geschlagen, bedroht und gefoltert haben, bevor er sie in einen Wald zwang, um dort das zu graben, was als ihr eigenes Grab gedacht war. Ihm drohen nun Anklagen, die mit bis zu 12 Jahren Haft geahndet werden k\u00f6nnen.<\/strong><\/p>\n\n\n\n<h2 class=\"wp-block-heading\">Frau angeblich gezwungen, ihr eigenes Grab zu schaufeln<\/h2>\n\n\n\n<p class=\"wp-block-paragraph\">Die Staatsanwaltschaft in Gy\u0151r hat Anklage gegen einen 49-j\u00e4hrigen Mann erhoben, der seine Partnerin angeblich brutal angegriffen und sie unter anderem gezwungen hat, in einem nahegelegenen Wald ihr eigenes Grab zu schaufeln.<\/p>\n\n\n\n<p class=\"wp-block-paragraph\">Laut der von der Bezirksstaatsanwaltschaft Gy\u0151r zitierten <a href=\"https:\/\/ugyeszseg.hu\/arra-kenyszeritette-parjat-hogy-assa-meg-a-sajat-sirjat\/\" target=\"_blank\" rel=\"noopener\">Anklageschrift<\/a> waren der Mann und die Frau seit etwa anderthalb Jahren in einer Beziehung, als es im November 2025 in ihrer Wohnung in Gy\u0151r zu einem Streit kam.<\/p>\n\n\n\n<blockquote class=\"wp-block-quote is-layout-flow wp-block-quote-is-layout-flow\">\n<p class=\"wp-block-paragraph\">Der Mann soll die Frau mehrfach geschlagen haben, bevor er sie mit einer Pistole bedrohte und ihr befahl, eine Schaufel mitzunehmen. Anschlie\u00dfend brachte er sie in einen Wald und zwang sie, ein Grab f\u00fcr sich selbst zu schaufeln.<\/p>\n<\/blockquote>\n\n\n\n<p class=\"wp-block-paragraph\">Der Darstellung der Staatsanwaltschaft zufolge eskalierte der Angriff daraufhin. Der Mann soll die Frau zu Boden gesto\u00dfen, sich auf ihre Brust gesetzt und ihr Erde in den Mund gesch\u00fcttet haben, bis sie das Bewusstsein verlor.<\/p>\n\n\n\n<h2 class=\"wp-block-heading\">Die mutma\u00dfliche Folter setzte sich zu Hause fort<\/h2>\n\n\n\n<p class=\"wp-block-paragraph\">Als die Frau wieder zu sich kam, brachte der Mann sie angeblich zur\u00fcck nach Hause, wo die Misshandlungen weitergingen.<\/p>\n\n\n\n<blockquote class=\"wp-block-quote is-layout-flow wp-block-quote-is-layout-flow\">\n<p class=\"wp-block-paragraph\">Nach Angaben der Staatsanwaltschaft dr\u00fcckte er einen hei\u00dfen L\u00f6ffel gegen ihren K\u00f6rper und dr\u00fcckte Zigarettenkippen auf ihr aus.<\/p>\n<\/blockquote>\n\n\n\n<p class=\"wp-block-paragraph\">Der Frau gelang es schlie\u00dflich, die Beziehung zu beenden, doch der mutma\u00dfliche Missbrauch h\u00f6rte damit nicht auf. Der Mann soll sie nach ihrer Trennung wiederholt bedroht haben.<\/p>\n\n\n\n<blockquote class=\"wp-block-quote is-layout-flow wp-block-quote-is-layout-flow\">\n<p class=\"has-black-color has-pale-ocean-gradient-background has-text-color has-background has-link-color wp-elements-1 wp-block-paragraph\"><strong>Falls Sie es verpasst haben: <a href=\"https:\/\/dailynewshungary.com\/de\/mann-in-lebensbedrohlichem-zustand-nach-schwerem-sturz-in-der-nahe-der-budapester-kettenbrucke\/\/\">Mann in lebensbedrohlichem Zustand nach schwerem Sturz in der N\u00e4he der Budapester Kettenbr\u00fccke<\/a><\/strong><\/p>\n<\/blockquote>\n\n\n\n<h2 class=\"wp-block-heading\">Bei einer Durchsuchung wurde eine nicht zugelassene Schrotflinte beschlagnahmt<\/h2>\n\n\n\n<p class=\"wp-block-paragraph\">Bei einer anschlie\u00dfenden Durchsuchung der Wohnung des Mannes wurden laut Staatsanwaltschaft Waffen sichergestellt. Die Beh\u00f6rden sollen eine Gaswarnpistole sowie eine illegal gehaltene Jagdflinte und Munition beschlagnahmt haben.<\/p>\n\n\n\n<p class=\"wp-block-paragraph\">Gegen den Mann, der sich derzeit in Haft befindet, wurde Anklage wegen schwerer Freiheitsberaubung, schwerer Gewalt in der Partnerschaft sowie wegen des unerlaubten Besitzes und Missbrauchs von Schusswaffen und Munition erhoben.<\/p>\n\n\n\n<p class=\"wp-block-paragraph\">Nach den ungarischen Strafma\u00dfvorschriften k\u00f6nnten ihm bei einer Verurteilung insgesamt bis zu 12 Jahre Freiheitsstrafe drohen. Das Landgericht Gy\u0151r wird voraussichtlich die Entscheidung in der Sache treffen.<\/p>\n\n\n\n<p class=\"has-text-align-center has-black-color has-electric-grass-gradient-background has-text-color has-background has-link-color wp-elements-2 wp-block-paragraph\"><strong>Bleiben Sie mit unserem \u201eHungary Weekly Briefing\u201c auf dem Laufenden: <a href=\"https:\/\/substack.com\/@thehungaryinsider\" target=\"_blank\" rel=\"noopener\">Abonnieren Sie es auf Substack<\/a>!<\/strong><\/p>\n","protected":false},"excerpt":{"rendered":"<p>Ein 49-j\u00e4hriger Mann soll seine Partnerin geschlagen, bedroht und gefoltert haben, bevor er sie in einen Wald zwang, um dort das zu graben, was als ihr eigenes Grab gedacht war. Ihm drohen nun Anklagen, die mit bis zu 12 Jahren Haft geahndet werden k\u00f6nnen. Frau angeblich gezwungen, ihr eigenes Grab zu schaufeln Die Staatsanwaltschaft in [&hellip;]<\/p>\n","protected":false},"author":62,"featured_media":792013,"comment_status":"open","ping_status":"open","sticky":false,"template":"","format":"standard","meta":{"_acf_changed":false,"_display_image":"yes","footnotes":"","_members_access_role":[],"_members_access_error":""},"categories":[4406],"tags":[4273,1326,4809,1236,1163,1076],"class_list":["post-792012","post","type-post","status-publish","format-standard","has-post-thumbnail","hentry","category-life","tag-ce","tag-gericht","tag-kategorie-kriminalitat-2","tag-polizei","tag-ungarische-polizei","tag-ungarn"],"blocksy_meta":[],"acf":[],"author_username":"hmercedesz","telegram_post":"","public_post_metadata":{"breaking_news":"yes","important":"no","csempe":"yes","center_tile":"no","disable_thumbnail":"no","target_lang":"","_featured_image_style":"default","telegram_post":"","_xlat_group_id":"c2da238f-5507-417c-b04b-384c55fbb518"},"public_rank_math_data":{"title":"%title% %sep% %sitename%","description":"","focus_keyword":"grave","canonical_url":"","robots":"","primary_category":"4406","breadcrumb_title":"","facebook_title":"","facebook_description":"","facebook_image":"","facebook_image_id":"","twitter_title":"","twitter_description":"","twitter_image":"","twitter_image_id":"","twitter_card_type":"","twitter_use_facebook":"","advanced_robots":"","pillar_content":"","seo_score":"14","contentai_score":"","rich_snippet":""},"_links":{"self":[{"href":"https:\/\/dailynewshungary.com\/de\/wp-json\/wp\/v2\/posts\/792012","targetHints":{"allow":["GET"]}}],"collection":[{"href":"https:\/\/dailynewshungary.com\/de\/wp-json\/wp\/v2\/posts"}],"about":[{"href":"https:\/\/dailynewshungary.com\/de\/wp-json\/wp\/v2\/types\/post"}],"author":[{"embeddable":true,"href":"https:\/\/dailynewshungary.com\/de\/wp-json\/wp\/v2\/users\/62"}],"replies":[{"embeddable":true,"href":"https:\/\/dailynewshungary.com\/de\/wp-json\/wp\/v2\/comments?post=792012"}],"version-history":[{"count":1,"href":"https:\/\/dailynewshungary.com\/de\/wp-json\/wp\/v2\/posts\/792012\/revisions"}],"predecessor-version":[{"id":792016,"href":"https:\/\/dailynewshungary.com\/de\/wp-json\/wp\/v2\/posts\/792012\/revisions\/792016"}],"wp:featuredmedia":[{"embeddable":true,"href":"https:\/\/dailynewshungary.com\/de\/wp-json\/wp\/v2\/media\/792013"}],"wp:attachment":[{"href":"https:\/\/dailynewshungary.com\/de\/wp-json\/wp\/v2\/media?parent=792012"}],"wp:term":[{"taxonomy":"category","embeddable":true,"href":"https:\/\/dailynewshungary.com\/de\/wp-json\/wp\/v2\/categories?post=792012"},{"taxonomy":"post_tag","embeddable":true,"href":"https:\/\/dailynewshungary.com\/de\/wp-json\/wp\/v2\/tags?post=792012"}],"curies":[{"name":"wp","href":"https:\/\/api.w.org\/{rel}","templated":true}]}}