{"id":792021,"date":"2026-09-01T10:14:00","date_gmt":"2026-09-01T08:14:00","guid":{"rendered":"https:\/\/dailynewshungary.com\/de\/auslieferung-des-ungarischen-mol-chefs-an-kroatien-peter-magyar-gibt-auf-dem-bled-forum-eine-kryptische-antwort\/"},"modified":"2026-09-01T10:14:00","modified_gmt":"2026-09-01T08:14:00","slug":"auslieferung-des-ungarischen-mol-chefs-an-kroatien-peter-magyar-gibt-auf-dem-bled-forum-eine-kryptische-antwort","status":"publish","type":"post","link":"https:\/\/dailynewshungary.com\/de\/auslieferung-des-ungarischen-mol-chefs-an-kroatien-peter-magyar-gibt-auf-dem-bled-forum-eine-kryptische-antwort\/","title":{"rendered":"Auslieferung des ungarischen MOL-Chefs an Kroatien? P\u00e9ter Magyar gibt auf dem Bled-Forum eine kryptische Antwort"},"content":{"rendered":"\n<p class=\"wp-block-paragraph\"><strong>Ungarn und Kroatien k\u00f6nnten sich auf eine neue Runde hochrangiger Gespr\u00e4che \u00fcber den langj\u00e4hrigen Streit um den kroatischen \u00d6lkonzern INA und die ungarische MOL-Gruppe vorbereiten.<\/strong><\/p>\n\n\n\n<h2 class=\"wp-block-heading\">P\u00e9ter Magyar wurde zum Chef des \u00d6lkonzerns MOL befragt<\/h2>\n\n\n\n<p class=\"wp-block-paragraph\">Bei seiner Rede auf dem Bled Strategic Forum in Slowenien erkl\u00e4rte der ungarische Ministerpr\u00e4sident P\u00e9ter Magyar, Ungarn sei bereit, mit Kroatien zu verhandeln, und es k\u00f6nne ein \u201eneues Kapitel\u201c in den Beziehungen zwischen den beiden L\u00e4ndern beginnen.<\/p>\n\n\n\n<p class=\"wp-block-paragraph\">Magyar erkl\u00e4rte, er habe in Bled ein kurzes Treffen mit dem kroatischen Ministerpr\u00e4sidenten Andrej Plenkovi\u0107 abgehalten. Die beiden Regierungschefs kamen \u00fcberein, dass ihre Au\u00dfen- und Wirtschaftsminister Gespr\u00e4che \u00fcber die Beziehungen zwischen INA und MOL aufnehmen sollten. Magyar schlug zudem vor, dass in absehbarer Zukunft ein Treffen zwischen den beiden Ministerpr\u00e4sidenten stattfinden k\u00f6nnte.<\/p>\n\n\n\n<p class=\"wp-block-paragraph\">\u201eWir sind bereit zu verhandeln. Nat\u00fcrlich wird jeder seine eigenen nationalen Interessen vertreten, aber das ist normal. Gleichzeitig sehen wir alle, dass sich die Gelegenheit bietet, ein neues Kapitel in den Beziehungen zwischen den beiden L\u00e4ndern aufzuschlagen\u201c, sagte Magyar laut der kroatischen Zeitung <a href=\"https:\/\/www.jutarnji.hr\/vijesti\/svijet\/madjarska-hrvatska-otvaraju-razgovore-o-ini-i-molu-nakon-bleda-15742091\" target=\"_blank\" rel=\"noopener\">\u201eJutarnji List<\/a>\u201c.<\/p>\n\n\n\n<h2 class=\"wp-block-heading\">Wie sieht es mit Zsolt Hern\u00e1di aus?<\/h2>\n\n\n\n<p class=\"wp-block-paragraph\">Die Frage um den MOL-Vorstandsvorsitzenden und Gesch\u00e4ftsf\u00fchrer Zsolt Hern\u00e1di bleibt einer der heikelsten Aspekte des Konflikts. Magyar wurde direkt gefragt, ob Ungarn bereit w\u00e4re, Hern\u00e1di an Kroatien auszuliefern, wo ein europ\u00e4ischer Haftbefehl gegen ihn vorliegt. Der ungarische Ministerpr\u00e4sident gab jedoch keine eindeutige Ja- oder Nein-Antwort.<\/p>\n\n\n\n<p class=\"wp-block-paragraph\">Stattdessen verwies er erneut auf seine \u00c4u\u00dferungen zur Er\u00f6ffnung eines \u201eneuen Kapitels\u201c in den ungarisch-kroatischen Beziehungen. \u201eIch habe die Frage bereits beantwortet, indem ich sagte, dass die M\u00f6glichkeit besteht, ein neues Kapitel zwischen Kroatien und Ungarn aufzuschlagen. Beide L\u00e4nder haben ihre eigenen Verpflichtungen, die gekl\u00e4rt werden m\u00fcssen. Das ist meine Antwort\u201c, sagte Magyar. Seine Antwort l\u00e4sst offen, ob sich die Haltung Budapests in Bezug auf Hern\u00e1di \u00e4ndern k\u00f6nnte. Derzeit gibt es keine ausdr\u00fcckliche Best\u00e4tigung daf\u00fcr, dass Ungarn beabsichtigt, den MOL-Chef auszuliefern.<\/p>\n\n\n\n<p class=\"has-text-align-center has-black-color has-electric-grass-gradient-background has-text-color has-background has-link-color wp-elements-1 wp-block-paragraph\"><strong>Bleiben Sie mit unserem \u201eHungary Weekly Briefing\u201c auf dem Laufenden: <a href=\"https:\/\/substack.com\/@thehungaryinsider\" target=\"_blank\" rel=\"noopener\">Abonnieren Sie es auf Substack<\/a>!<\/strong><\/p>\n\n\n\n<h2 class=\"wp-block-heading\">Der INA-Streit belastet die Beziehungen seit Jahren<\/h2>\n\n\n\n<p class=\"wp-block-paragraph\">Die Beziehung zwischen MOL und INA ist seit mehr als einem Jahrzehnt eine wichtige Quelle f\u00fcr Spannungen zwischen Ungarn und Kroatien. MOL erwarb im Jahr 2003 25 Prozent plus eine Aktie an INA und baute seinen Anteil in der Folge weiter aus. Das Unternehmen h\u00e4lt nun 49,08 Prozent an dem kroatischen \u00d6lkonzern, w\u00e4hrend der kroatische Staat 44,84 Prozent besitzt.<\/p>\n\n\n\n<p class=\"wp-block-paragraph\">Im Mittelpunkt des Streits stehen die Kontrolle \u00fcber die INA, die Unternehmensf\u00fchrung sowie die M\u00f6glichkeit eines R\u00fcckkaufs der MOL-Anteile durch Kroatien. Beide Seiten waren zudem in Schiedsverfahren verwickelt. Plenkovi\u0107 erkl\u00e4rte, die ungel\u00f6sten INA-MOL-Probleme h\u00e4tten die allgemeinen ungarisch-kroatischen Beziehungen behindert, trotz starker Verbindungen zwischen den beiden L\u00e4ndern in den Bereichen Wirtschaft, Tourismus und Energie. \u201eIch denke, wir befinden uns nun in einer Lage, in der wir versuchen k\u00f6nnen, diese Angelegenheit zu l\u00f6sen, und danach weitermachen k\u00f6nnen\u201c, sagte der kroatische Ministerpr\u00e4sident.<\/p>\n\n\n\n<p class=\"has-black-color has-very-light-gray-to-cyan-bluish-gray-gradient-background has-text-color has-background has-link-color wp-elements-2 wp-block-paragraph\"><strong>Bleiben Sie auf dem Laufenden: <a href=\"https:\/\/dailynewshungary.com\/de\/peter-magyar-in-bled-uber-krisenmanagement-haushaltsdefizit-eu-angelegenheiten-illegale-migration-und-regionale-zusammenarbeit\/\/\">P\u00e9ter Magyar in Bled \u00fcber Krisenmanagement, Haushaltsdefizit, EU-Angelegenheiten, illegale Migration und regionale Zusammenarbeit<\/a><\/strong><\/p>\n\n\n\n<h2 class=\"wp-block-heading\">Der Fall Hern\u00e1di bleibt weiterhin ungel\u00f6st<\/h2>\n\n\n\n<p class=\"wp-block-paragraph\">Die kroatischen Beh\u00f6rden haben Hern\u00e1di im Zusammenhang mit dem Erwerb der Verwaltungsrechte an der INA durch MOL der Bestechung beschuldigt. Er hat die Vorw\u00fcrfe zur\u00fcckgewiesen. Sein Rechtsstreit ist eng mit dem umfassenderen politischen und unternehmerischen Konflikt zwischen Budapest und Zagreb verkn\u00fcpft.<\/p>\n\n\n\n<p class=\"wp-block-paragraph\">Die j\u00fcngsten \u00c4u\u00dferungen beider Ministerpr\u00e4sidenten k\u00f6nnten auf einen erneuten Versuch hindeuten, den INA-Konflikt beizulegen. Ob die vorgeschlagenen Gespr\u00e4che zu einer dauerhaften Einigung f\u00fchren k\u00f6nnen \u2013 und ob der Fall Hern\u00e1di Teil einer umfassenderen Vereinbarung sein wird \u2013, bleibt ungewiss.<\/p>\n\n\n\n<p class=\"has-black-color has-very-light-gray-to-cyan-bluish-gray-gradient-background has-text-color has-background has-link-color wp-elements-3 wp-block-paragraph\"><strong>Lesen Sie auch: <a href=\"https:\/\/dailynewshungary.com\/de\/gas-terrorismus-gegen-ungarn-serbische-behorden-ermitteln-gegen-eine-gruppe-von-verdachtigen\/\/\">\u201eGas-Terrorismus\u201c gegen Ungarn: Serbische Beh\u00f6rden ermitteln gegen eine Gruppe von Verd\u00e4chtigen<\/a><\/strong><\/p>\n","protected":false},"excerpt":{"rendered":"<p>Ungarn und Kroatien k\u00f6nnten sich auf eine neue Runde hochrangiger Gespr\u00e4che \u00fcber den langj\u00e4hrigen Streit um den kroatischen \u00d6lkonzern INA und die ungarische MOL-Gruppe vorbereiten. P\u00e9ter Magyar wurde zum Chef des \u00d6lkonzerns MOL befragt Bei seiner Rede auf dem Bled Strategic Forum in Slowenien erkl\u00e4rte der ungarische Ministerpr\u00e4sident P\u00e9ter Magyar, Ungarn sei bereit, mit Kroatien [&hellip;]<\/p>\n","protected":false},"author":91,"featured_media":792022,"comment_status":"open","ping_status":"open","sticky":false,"template":"","format":"standard","meta":{"_acf_changed":false,"_display_image":"","footnotes":"","_members_access_role":[],"_members_access_error":""},"categories":[4426],"tags":[1132,1227,4564,2026,1199,1206,1076],"class_list":["post-792021","post","type-post","status-publish","format-standard","has-post-thumbnail","hentry","category-eu","tag-diplomatie","tag-energiekrise-in-ungarn","tag-kategorie-ausenpolitik","tag-kategorie-politik","tag-kroatien","tag-mol","tag-ungarn"],"blocksy_meta":[],"acf":[],"author_username":"api","telegram_post":"","public_post_metadata":{"breaking_news":"yes","important":"no","csempe":"yes","center_tile":"no","disable_thumbnail":"no","target_lang":"","_featured_image_style":"","telegram_post":"","_xlat_group_id":"53475850-bad0-42d1-a276-d5a1517f02e0"},"public_rank_math_data":{"title":"%title% %sep% %sitename%","description":"","focus_keyword":"mol","canonical_url":"","robots":"","primary_category":"4426","breadcrumb_title":"","facebook_title":"","facebook_description":"","facebook_image":"","facebook_image_id":"","twitter_title":"","twitter_description":"","twitter_image":"","twitter_image_id":"","twitter_card_type":"","twitter_use_facebook":"","advanced_robots":"","pillar_content":"","seo_score":"76","contentai_score":"","rich_snippet":""},"_links":{"self":[{"href":"https:\/\/dailynewshungary.com\/de\/wp-json\/wp\/v2\/posts\/792021","targetHints":{"allow":["GET"]}}],"collection":[{"href":"https:\/\/dailynewshungary.com\/de\/wp-json\/wp\/v2\/posts"}],"about":[{"href":"https:\/\/dailynewshungary.com\/de\/wp-json\/wp\/v2\/types\/post"}],"author":[{"embeddable":true,"href":"https:\/\/dailynewshungary.com\/de\/wp-json\/wp\/v2\/users\/91"}],"replies":[{"embeddable":true,"href":"https:\/\/dailynewshungary.com\/de\/wp-json\/wp\/v2\/comments?post=792021"}],"version-history":[{"count":0,"href":"https:\/\/dailynewshungary.com\/de\/wp-json\/wp\/v2\/posts\/792021\/revisions"}],"wp:featuredmedia":[{"embeddable":true,"href":"https:\/\/dailynewshungary.com\/de\/wp-json\/wp\/v2\/media\/792022"}],"wp:attachment":[{"href":"https:\/\/dailynewshungary.com\/de\/wp-json\/wp\/v2\/media?parent=792021"}],"wp:term":[{"taxonomy":"category","embeddable":true,"href":"https:\/\/dailynewshungary.com\/de\/wp-json\/wp\/v2\/categories?post=792021"},{"taxonomy":"post_tag","embeddable":true,"href":"https:\/\/dailynewshungary.com\/de\/wp-json\/wp\/v2\/tags?post=792021"}],"curies":[{"name":"wp","href":"https:\/\/api.w.org\/{rel}","templated":true}]}}