{"id":792025,"date":"2026-09-01T12:54:00","date_gmt":"2026-09-01T10:54:00","guid":{"rendered":"https:\/\/dailynewshungary.com\/de\/industrie-kletterer-stirbt-nach-sturz-vom-dach-eines-ungarischen-regierungsgebaudes\/"},"modified":"2026-09-01T12:54:00","modified_gmt":"2026-09-01T10:54:00","slug":"industrie-kletterer-stirbt-nach-sturz-vom-dach-eines-ungarischen-regierungsgebaudes","status":"publish","type":"post","link":"https:\/\/dailynewshungary.com\/de\/industrie-kletterer-stirbt-nach-sturz-vom-dach-eines-ungarischen-regierungsgebaudes\/","title":{"rendered":"Industrie-Kletterer stirbt nach Sturz vom Dach eines ungarischen Regierungsgeb\u00e4udes"},"content":{"rendered":"\n<p class=\"wp-block-paragraph\"><strong>Ein Arbeiter kam am Dienstag ums Leben, nachdem er vom Dach eines Regierungsgeb\u00e4udes in Szeged gest\u00fcrzt war. Die Polizei hat Ermittlungen zu dem t\u00f6dlichen Arbeitsunfall aufgenommen.<\/strong><\/p>\n\n\n\n<h2 class=\"wp-block-heading\">Arbeiter st\u00fcrzte von Regierungsgeb\u00e4ude in Szeged<\/h2>\n\n\n\n<p class=\"wp-block-paragraph\">Am Dienstag gegen Mittag ereignete sich in Szeged ein t\u00f6dlicher Arbeitsunfall, als ein Industriekletterer vom Dach des Bezirksamtes Csongr\u00e1d-Csan\u00e1d st\u00fcrzte, wie <a href=\"https:\/\/szegeder.hu\/szeged\/2026-09-01\/halalos-baleset-munkas-szegedi-kormanyhivatal-teteje-rendorseg-nyomozas\/\" target=\"_blank\" rel=\"noopener\">\u201eSzegeder\u201c berichtete<\/a>.<\/p>\n\n\n\n<blockquote class=\"wp-block-quote is-layout-flow wp-block-quote-is-layout-flow\">\n<p class=\"wp-block-paragraph\">Der Arbeiter st\u00fcrzte auf das Dach des Restaurants \u201eV\u00e1rmegye\u201c neben dem Bezirksamt und starb laut lokalen Berichten noch am Unfallort.<\/p>\n<\/blockquote>\n\n\n\n<p class=\"wp-block-paragraph\">Es wird angenommen, dass der Mann aus einer H\u00f6he von mindestens 15 Metern gest\u00fcrzt ist. Lokalen Berichten zufolge erlitt er eine schwere Kopfverletzung, die m\u00f6glicherweise zu seinem Tod beigetragen hat, obwohl die genaue Todesursache noch nicht offiziell festgestellt wurde.<\/p>\n\n\n\n<p class=\"wp-block-paragraph\">Fotos vom Unfallort zeigen Seile, die vom Regierungsgeb\u00e4ude herabh\u00e4ngen und offenbar vom Arbeiter w\u00e4hrend seiner Arbeit verwendet wurden. Au\u00dferdem wurden Arbeiter beobachtet, die nach dem Unfall eine Schutzabdeckung am Unfallort anbrachten.<\/p>\n\n\n\n<iframe loading=\"lazy\" src=\"https:\/\/www.facebook.com\/plugins\/post.php?href=https%3A%2F%2Fwww.facebook.com%2Fszegeder.hu%2Fposts%2Fpfbid02Y3wPqWeck4x88zWnaaYrrrehXYHQmRx9qauwCpAn6gqTBHoFXdw9sSfkh6HxwZDSl&#038;show_text=true&#038;width=500\" width=\"500\" height=\"500\" style=\"border:none;overflow:hidden\" scrolling=\"no\" frameborder=\"0\" allowfullscreen=\"true\" allow=\"autoplay; clipboard-write; encrypted-media; picture-in-picture; web-share\"><\/iframe>\n\n\n\n<h2 class=\"wp-block-heading\">Polizei untersucht die Umst\u00e4nde des t\u00f6dlichen Sturzes<\/h2>\n\n\n\n<p class=\"wp-block-paragraph\">Die Umst\u00e4nde, die dazu f\u00fchrten, dass der Hochseilkletterer vom Dach st\u00fcrzte, sind weiterhin unklar. Die Polizei teilte den lokalen Medien mit, dass der Arbeiter aus derzeit noch unbekannten Gr\u00fcnden st\u00fcrzte.<\/p>\n\n\n\n<p class=\"wp-block-paragraph\">Die Polizeidirektion des Landkreises Csongr\u00e1d-Csan\u00e1d hat Ermittlungen wegen Gef\u00e4hrdung der Arbeitssicherheit eingeleitet. An den Ermittlungen sind Experten beteiligt, um den Hergang zu kl\u00e4ren und festzustellen, ob m\u00f6glicherweise gegen Sicherheitsvorschriften versto\u00dfen wurde. Die Ermittlungen dauern an.<\/p>\n\n\n\n<blockquote class=\"wp-block-quote is-layout-flow wp-block-quote-is-layout-flow\">\n<p class=\"has-black-color has-pale-ocean-gradient-background has-text-color has-background has-link-color wp-elements-1 wp-block-paragraph\"><strong>Falls Sie es verpasst haben: <a href=\"https:\/\/dailynewshungary.com\/de\/mann-in-lebensbedrohlichem-zustand-nach-schwerem-sturz-in-der-nahe-der-budapester-kettenbrucke\/\/\">Mann nach schwerem Sturz in der N\u00e4he der Kettenbr\u00fccke in Budapest in lebensbedrohlichem Zustand<\/a><\/strong><\/p>\n<\/blockquote>\n","protected":false},"excerpt":{"rendered":"<p>Ein Arbeiter kam am Dienstag ums Leben, nachdem er vom Dach eines Regierungsgeb\u00e4udes in Szeged gest\u00fcrzt war. Die Polizei hat Ermittlungen zu dem t\u00f6dlichen Arbeitsunfall aufgenommen. Arbeiter st\u00fcrzte von Regierungsgeb\u00e4ude in Szeged Am Dienstag gegen Mittag ereignete sich in Szeged ein t\u00f6dlicher Arbeitsunfall, als ein Industriekletterer vom Dach des Bezirksamtes Csongr\u00e1d-Csan\u00e1d st\u00fcrzte, wie \u201eSzegeder\u201c berichtete. [&hellip;]<\/p>\n","protected":false},"author":62,"featured_media":792026,"comment_status":"open","ping_status":"open","sticky":false,"template":"","format":"standard","meta":{"_acf_changed":false,"_display_image":"","footnotes":"","_members_access_role":[],"_members_access_error":""},"categories":[4406],"tags":[4957,1236,1386,1163,1076],"class_list":["post-792025","post","type-post","status-publish","format-standard","has-post-thumbnail","hentry","category-life","tag-kategorie-unfall","tag-polizei","tag-szeged","tag-ungarische-polizei","tag-ungarn"],"blocksy_meta":[],"acf":[],"author_username":"hmercedesz","telegram_post":"","public_post_metadata":{"breaking_news":"yes","important":"no","csempe":"yes","center_tile":"no","disable_thumbnail":"no","target_lang":"","_featured_image_style":"","telegram_post":"","_xlat_group_id":"7555e83b-a947-490f-a0a2-dc52acd003bb"},"public_rank_math_data":{"title":"%title% %sep% %sitename%","description":"","focus_keyword":"Kletterer","canonical_url":"","robots":"","primary_category":"4406","breadcrumb_title":"","facebook_title":"","facebook_description":"","facebook_image":"","facebook_image_id":"","twitter_title":"","twitter_description":"","twitter_image":"","twitter_image_id":"","twitter_card_type":"","twitter_use_facebook":"","advanced_robots":"","pillar_content":"","seo_score":"75","contentai_score":"","rich_snippet":""},"_links":{"self":[{"href":"https:\/\/dailynewshungary.com\/de\/wp-json\/wp\/v2\/posts\/792025","targetHints":{"allow":["GET"]}}],"collection":[{"href":"https:\/\/dailynewshungary.com\/de\/wp-json\/wp\/v2\/posts"}],"about":[{"href":"https:\/\/dailynewshungary.com\/de\/wp-json\/wp\/v2\/types\/post"}],"author":[{"embeddable":true,"href":"https:\/\/dailynewshungary.com\/de\/wp-json\/wp\/v2\/users\/62"}],"replies":[{"embeddable":true,"href":"https:\/\/dailynewshungary.com\/de\/wp-json\/wp\/v2\/comments?post=792025"}],"version-history":[{"count":0,"href":"https:\/\/dailynewshungary.com\/de\/wp-json\/wp\/v2\/posts\/792025\/revisions"}],"wp:featuredmedia":[{"embeddable":true,"href":"https:\/\/dailynewshungary.com\/de\/wp-json\/wp\/v2\/media\/792026"}],"wp:attachment":[{"href":"https:\/\/dailynewshungary.com\/de\/wp-json\/wp\/v2\/media?parent=792025"}],"wp:term":[{"taxonomy":"category","embeddable":true,"href":"https:\/\/dailynewshungary.com\/de\/wp-json\/wp\/v2\/categories?post=792025"},{"taxonomy":"post_tag","embeddable":true,"href":"https:\/\/dailynewshungary.com\/de\/wp-json\/wp\/v2\/tags?post=792025"}],"curies":[{"name":"wp","href":"https:\/\/api.w.org\/{rel}","templated":true}]}}