{"id":792034,"date":"2026-09-01T14:14:00","date_gmt":"2026-09-01T12:14:00","guid":{"rendered":"https:\/\/dailynewshungary.com\/de\/ungarns-neuer-haushalt-2026-offenbart-ein-massives-loch-in-hohe-von-mehreren-milliarden-euro\/"},"modified":"2026-09-01T14:14:00","modified_gmt":"2026-09-01T12:14:00","slug":"ungarns-neuer-haushalt-2026-offenbart-ein-massives-loch-in-hohe-von-mehreren-milliarden-euro","status":"publish","type":"post","link":"https:\/\/dailynewshungary.com\/de\/ungarns-neuer-haushalt-2026-offenbart-ein-massives-loch-in-hohe-von-mehreren-milliarden-euro\/","title":{"rendered":"Ungarns neuer Haushalt 2026 offenbart ein massives Loch in H\u00f6he von mehreren Milliarden Euro"},"content":{"rendered":"\n<p class=\"wp-block-paragraph\"><strong>Die Tisza-Regierung hat einen \u00fcberarbeiteten Haushalt f\u00fcr 2026 vorgelegt, der sowohl die staatlichen Einnahmen als auch die Ausgaben drastisch erh\u00f6ht, w\u00e4hrend das prognostizierte Defizit auf 7.110 Milliarden HUF (ca. 19 Milliarden Euro) steigt, was weit \u00fcber dem urspr\u00fcnglich von der Vorg\u00e4ngerregierung genehmigten Wert liegt.<\/strong><\/p>\n\n\n\n<h2 class=\"wp-block-heading\">Neue Regierung stellt drastisch \u00fcberarbeiteten Haushalt vor<\/h2>\n\n\n\n<p class=\"wp-block-paragraph\">Das ungarische Finanzministerium legte dem Parlament am 31. August, kurz vor Ablauf der Frist, den \u00fcberarbeiteten Haushalt 2026 vor. Die \u00dcberarbeitung wurde als notwendig erachtet, nachdem die neue Regierung im Anschluss an den Regierungswechsel im April die Finanzen des Landes \u00fcberpr\u00fcft hatte, wie <a href=\"https:\/\/444.hu\/2026\/09\/01\/5244-milliarddal-tobb-kiadas-2352-milliarddal-tobb-bevetel-bo-7000-milliardos-lyuk-a-tisza-kormany-uj-koltsegveteseben\" target=\"_blank\" rel=\"noopener\">444.hu berichtet<\/a>.<\/p>\n\n\n\n<p class=\"wp-block-paragraph\">Die vorherige Regierung hatte den Haushalt 2026 im vergangenen Sommer auf der Grundlage von Annahmen verabschiedet, die sich inzwischen als unrealistisch erwiesen haben, darunter ein Wirtschaftswachstum von mehr als 4 % und ein deutlich geringeres Defizit.<\/p>\n\n\n\n<p class=\"wp-block-paragraph\">Den \u00fcberarbeiteten Zahlen zufolge wird der Staat in diesem Jahr nun Einnahmen in H\u00f6he von 41.915 Milliarden HUF erzielen, verglichen mit 39.562 Milliarden HUF im urspr\u00fcnglichen Haushalt.<\/p>\n\n\n\n<blockquote class=\"wp-block-quote is-layout-flow wp-block-quote-is-layout-flow\">\n<p class=\"wp-block-paragraph\">Gleichzeitig werden die Ausgaben voraussichtlich 49.025 Milliarden HUF erreichen, gegen\u00fcber 43.781 Milliarden HUF. Daraus ergibt sich ein prognostiziertes Defizit von 7.110 Milliarden HUF, verglichen mit den urspr\u00fcnglich veranschlagten 4.218 Milliarden HUF.<\/p>\n<\/blockquote>\n\n\n\n<p class=\"wp-block-paragraph\">Die Regierung plant, die Defizitquote bis zum Jahresende auf rund 7,5 % zu senken, verglichen mit den 8,3 %, die bei der \u00dcberpr\u00fcfung des \u00fcbernommenen Haushalts ermittelt wurden.<\/p><figure class=\"wp-block-image aligncenter size-large\"><figcaption class=\"wp-element-caption\">\n<\/figcaption><\/figure>\n\n<figure class=\"wp-block-image aligncenter size-large\"><figcaption class=\"wp-element-caption\">\n<\/figcaption><img decoding=\"async\" src=\"https:\/\/dailynewshungary.b-cdn.net\/wp-content\/uploads\/2026\/09\/Andras-Karman-Finance-Minister-1280x854.webp\" alt=\"Andr\u00e1s K\u00e1rm\u00e1n Finance Minister\" class=\"wp-image-705781\"\/><figcaption class=\"wp-element-caption\">Foto: <a href=\"https:\/\/www.facebook.com\/photo?fbid=122144504967014766&amp;set=pcb.122144505147014766&amp;locale=hu_HU\" target=\"_blank\" rel=\"noopener\">Facebook\/Andr\u00e1s K\u00e1rm\u00e1n<\/a><\/figcaption><\/figure>\n\n\n\n<h2 class=\"wp-block-heading\">EU-Mittel sollen die Einnahmen ankurbeln<\/h2>\n\n\n\n<p class=\"wp-block-paragraph\">Eine der gr\u00f6\u00dften Ver\u00e4nderungen auf der Einnahmenseite betrifft die H\u00f6he der erwarteten Mittel aus EU-Programmen. Der \u00fcberarbeitete Haushalt sieht Einnahmen in H\u00f6he von 3.708 Milliarden HUF aus EU-Programmen vor, was mehr als dem Doppelten der urspr\u00fcnglich geplanten 1.800 Milliarden HUF entspricht.<\/p>\n\n\n\n<p class=\"wp-block-paragraph\">Allerdings wird nun erwartet, dass mehrere andere Einnahmes\u00e4ulen schlechter ausfallen werden als urspr\u00fcnglich prognostiziert. Die K\u00f6rperschaftssteuereinnahmen werden voraussichtlich um fast 250 Milliarden HUF unter den urspr\u00fcnglichen Planungen liegen, w\u00e4hrend die Verbrauchsteuereinnahmen um rund 220 Milliarden HUF zur\u00fcckgehen d\u00fcrften. Die Mehrwertsteuereinnahmen werden voraussichtlich um fast 400 Milliarden HUF unter der urspr\u00fcnglichen Sch\u00e4tzung liegen.<\/p>\n\n\n\n<blockquote class=\"wp-block-quote is-layout-flow wp-block-quote-is-layout-flow\">\n<p class=\"has-black-color has-pale-ocean-gradient-background has-text-color has-background has-link-color wp-elements-1 wp-block-paragraph\">Falls Sie es verpasst haben: <a href=\"https:\/\/dailynewshungary.com\/de\/magyar-ungarn-hat-alle-bedingungen-fur-den-zugriff-auf-eingefrorene-eu-mittel-erfullt\/\/\">Ministerpr\u00e4sident Magyar: Ungarn hat alle Bedingungen f\u00fcr den Zugriff auf eingefrorene EU-Mittel erf\u00fcllt<\/a><\/p>\n<\/blockquote>\n\n\n\n<h2 class=\"wp-block-heading\">Staatliche Verm\u00f6genswerte und sonstige Ausgaben treiben die Ausgaben in die H\u00f6he<\/h2>\n\n\n\n<p class=\"wp-block-paragraph\">Die Ausgaben sind deutlich st\u00e4rker gestiegen als die Einnahmen. Der gr\u00f6\u00dfte Anstieg betrifft die Ausgaben im Zusammenhang mit staatlichen Verm\u00f6genswerten, die nun voraussichtlich 1.770 Milliarden HUF \u00fcbersteigen werden \u2013 das sind mehr als 1.400 Milliarden HUF \u00fcber der urspr\u00fcnglichen Zuweisung.<\/p>\n\n\n\n<p class=\"wp-block-paragraph\">Dies ist besonders bemerkenswert, da in der ersten Jahresh\u00e4lfte tats\u00e4chlich nur rund 120 Milliarden HUF aus dieser Haushaltslinie ausgegeben wurden, was darauf hindeutet, dass in der zweiten Jahresh\u00e4lfte deutlich h\u00f6here Ausgaben anfallen k\u00f6nnten.<\/p>\n\n\n\n<p class=\"wp-block-paragraph\">Auch bei den sonstigen Ausgaben wird ein Anstieg um fast 1.000 Milliarden HUF auf rund 1.540 Milliarden HUF erwartet, w\u00e4hrend die Zinszahlungen voraussichtlich ebenfalls etwas h\u00f6her ausfallen werden. Die Ausgaben im Zusammenhang mit EU-Programmen werden voraussichtlich 3.467 Milliarden HUF erreichen und damit ebenfalls \u00fcber dem urspr\u00fcnglich veranschlagten Betrag liegen.<\/p><figure class=\"wp-block-image aligncenter size-large\"><figcaption class=\"wp-element-caption\">\n<\/figcaption><\/figure>\n\n<figure class=\"wp-block-image aligncenter size-large\"><figcaption class=\"wp-element-caption\">\n<\/figcaption><img decoding=\"async\" src=\"https:\/\/dailynewshungary.b-cdn.net\/wp-content\/uploads\/2026\/07\/andras-karman-finance-minister-1280x854.webp\" alt=\"andr\u00e1s k\u00e1rm\u00e1n finance minister magyar government budget\" class=\"wp-image-701688\"\/><figcaption class=\"wp-element-caption\">Foto: <a href=\"https:\/\/www.facebook.com\/karmanandras\/posts\/pfbid028ykn8pYfJe8at7mQTejwCWXg5EtvZoQh7axSkm9UXyuPrkLVbedPH3L7ck2fX1jvl?locale=hu_HU\" target=\"_blank\" rel=\"noopener\">Facebook\/Andr\u00e1s K\u00e1rm\u00e1n<\/a><\/figcaption><\/figure>\n\n\n\n<h2 class=\"wp-block-heading\">Regierung erh\u00f6ht Notfallreserven<\/h2>\n\n\n\n<p class=\"wp-block-paragraph\">Der \u00fcberarbeitete Haushalt st\u00e4rkt zudem die staatlichen Reserven um insgesamt 756 Milliarden HUF. Rund 500 Milliarden HUF flie\u00dfen in einen neu eingerichteten Havariefonds, der zur Bew\u00e4ltigung von Herausforderungen wie D\u00fcrre und der Energiekrise beitragen soll.<\/p>\n\n\n\n<p class=\"wp-block-paragraph\">Weitere rund 250 Milliarden HUF werden die R\u00fccklagen f\u00fcr unvorhergesehene Ausgaben aufstocken, die zuvor bei weniger als 750 Milliarden HUF lagen. Gleichzeitig plant die Regierung, bei den Ausgaben der zentralen Haushaltsbeh\u00f6rden und den zentral verwalteten Mitteln rund 120 Milliarden HUF einzusparen, wodurch sich der geplante Betrag von 13.550 Milliarden HUF auf 13.427 Milliarden HUF verringert.<\/p>\n\n\n\n<p class=\"has-text-align-center has-black-color has-electric-grass-gradient-background has-text-color has-background has-link-color wp-elements-2 wp-block-paragraph\"><strong>Bleiben Sie mit unserem \u201eHungary Weekly Briefing\u201c auf dem Laufenden:<\/strong> <strong><a href=\"https:\/\/substack.com\/@thehungaryinsider\" target=\"_blank\" rel=\"noopener\">Abonnieren Sie es auf Substack<\/a>!<\/strong><\/p>\n\n\n\n<h2 class=\"wp-block-heading\">Wie sieht es mit den versprochenen zus\u00e4tzlichen Mitteln f\u00fcr das Gesundheitswesen aus?<\/h2>\n\n\n\n<p class=\"wp-block-paragraph\">Der \u00fcberarbeitete Haushalt vermittelt zudem ein klareres Bild von einem der wichtigsten Wahlversprechen der Tisza-Regierung: der Aufstockung der staatlichen Mittel f\u00fcr das Gesundheitswesen um 500 Milliarden HUF pro Jahr. Die Antwort ist komplexer, als die Schlagzeilenzahl vermuten l\u00e4sst.<\/p>\n\n\n\n<p class=\"wp-block-paragraph\">Laut <a href=\"https:\/\/www.portfolio.hu\/gazdasag\/20260901\/benyujtotta-a-kormany-az-uj-2026-os-koltsegvetest-mennyi-plusz-penzt-kap-az-egeszsegugy-859518\" target=\"_blank\" rel=\"noopener\">\u201ePortfolio\u201c<\/a> erh\u00f6ht der \u00fcberarbeitete Haushalt die Mittelzuweisung f\u00fcr den Krankenversicherungsfonds von rund 4.945 Milliarden HUF auf \u00fcber 5.112 Milliarden HUF, was einer Steigerung von etwa 167 Milliarden HUF entspricht. Im Vergleich zu den tats\u00e4chlichen Ausgaben des Fonds in H\u00f6he von 4.902 Milliarden HUF im Jahr 2025 bedeutet die neue Zuweisung eine Steigerung um rund 210 Milliarden HUF.<\/p>\n\n\n\n<p class=\"wp-block-paragraph\">Das Budget f\u00fcr medizinische Behandlung und Pr\u00e4vention steigt von 2.886 Milliarden HUF im urspr\u00fcnglichen Haushalt 2026 auf 3.004 Milliarden HUF in der \u00fcberarbeiteten Fassung \u2013 ein Anstieg von lediglich rund 50 Milliarden HUF im Vergleich zum urspr\u00fcnglichen Plan der vorherigen Regierung. Die Zahlen h\u00e4ngen daher stark davon ab, was verglichen wird.<\/p>\n\n\n\n<p class=\"wp-block-paragraph\">So werden beispielsweise die Ausgaben f\u00fcr kombinierte fach\u00e4rztliche Gesundheitsleistungen im \u00fcberarbeiteten Haushalt 2026 auf 1.409 Milliarden HUF veranschlagt. Im Vergleich zu den urspr\u00fcnglich f\u00fcr 2025 zugewiesenen 909 Milliarden HUF entspricht dies einer Steigerung von genau 500 Milliarden HUF.<\/p>\n\n\n\n<p class=\"wp-block-paragraph\">Die vorherige Regierung hatte diese Mittelzuweisung f\u00fcr 2026 jedoch bereits erheblich erh\u00f6ht, sodass die gesamte Aufstockung um 500 Milliarden HUF nicht der neuen Regierung zugeschrieben werden kann.<\/p>\n\n\n\n<p class=\"wp-block-paragraph\">Der \u00fcberarbeitete Haushalt sieht daher keine eindeutige Aufstockung der Gesundheitsausgaben um 500 Milliarden HUF vor, die der Tisza-Regierung zugeschrieben werden k\u00f6nnte. Auch die versprochene Gehaltserh\u00f6hung von 20\u201325 % f\u00fcr das Gesundheitspersonal l\u00e4sst sich im \u00fcberarbeiteten Haushalt 2026 noch nicht eindeutig erkennen.<\/p>\n","protected":false},"excerpt":{"rendered":"<p>Die Tisza-Regierung hat einen \u00fcberarbeiteten Haushalt f\u00fcr 2026 vorgelegt, der sowohl die staatlichen Einnahmen als auch die Ausgaben drastisch erh\u00f6ht, w\u00e4hrend das prognostizierte Defizit auf 7.110 Milliarden HUF (ca. 19 Milliarden Euro) steigt, was weit \u00fcber dem urspr\u00fcnglich von der Vorg\u00e4ngerregierung genehmigten Wert liegt. Neue Regierung stellt drastisch \u00fcberarbeiteten Haushalt vor Das ungarische Finanzministerium legte [&hellip;]<\/p>\n","protected":false},"author":62,"featured_media":792035,"comment_status":"open","ping_status":"open","sticky":false,"template":"","format":"standard","meta":{"_acf_changed":false,"_display_image":"","footnotes":"","_members_access_role":[],"_members_access_error":""},"categories":[1081],"tags":[1174,4485,4482,4540,4691,1102,1137,1225,1076,1104],"class_list":["post-792034","post","type-post","status-publish","format-standard","has-post-thumbnail","hentry","category-politik","tag-haushalt","tag-kategorie-finanzen-ungarn","tag-kategorie-ungarische-politik","tag-kategorie-wirtschaft","tag-orban-regierung-2","tag-ungarische-regierung","tag-ungarische-wirtschaft","tag-ungarischer-haushalt","tag-ungarn","tag-wirtschaft"],"blocksy_meta":[],"acf":[],"author_username":"hmercedesz","telegram_post":"","public_post_metadata":{"breaking_news":"yes","important":"no","csempe":"yes","center_tile":"no","disable_thumbnail":"no","target_lang":"","_featured_image_style":"","telegram_post":"","_xlat_group_id":"a6ce852a-f3c5-4c1d-a0ec-50ea45b8c686"},"public_rank_math_data":{"title":"%title% %sep% %sitename%","description":"","focus_keyword":"budget","canonical_url":"","robots":"","primary_category":"1081","breadcrumb_title":"","facebook_title":"","facebook_description":"","facebook_image":"","facebook_image_id":"","twitter_title":"","twitter_description":"","twitter_image":"","twitter_image_id":"","twitter_card_type":"","twitter_use_facebook":"","advanced_robots":"","pillar_content":"","seo_score":"85","contentai_score":"","rich_snippet":""},"_links":{"self":[{"href":"https:\/\/dailynewshungary.com\/de\/wp-json\/wp\/v2\/posts\/792034","targetHints":{"allow":["GET"]}}],"collection":[{"href":"https:\/\/dailynewshungary.com\/de\/wp-json\/wp\/v2\/posts"}],"about":[{"href":"https:\/\/dailynewshungary.com\/de\/wp-json\/wp\/v2\/types\/post"}],"author":[{"embeddable":true,"href":"https:\/\/dailynewshungary.com\/de\/wp-json\/wp\/v2\/users\/62"}],"replies":[{"embeddable":true,"href":"https:\/\/dailynewshungary.com\/de\/wp-json\/wp\/v2\/comments?post=792034"}],"version-history":[{"count":0,"href":"https:\/\/dailynewshungary.com\/de\/wp-json\/wp\/v2\/posts\/792034\/revisions"}],"wp:featuredmedia":[{"embeddable":true,"href":"https:\/\/dailynewshungary.com\/de\/wp-json\/wp\/v2\/media\/792035"}],"wp:attachment":[{"href":"https:\/\/dailynewshungary.com\/de\/wp-json\/wp\/v2\/media?parent=792034"}],"wp:term":[{"taxonomy":"category","embeddable":true,"href":"https:\/\/dailynewshungary.com\/de\/wp-json\/wp\/v2\/categories?post=792034"},{"taxonomy":"post_tag","embeddable":true,"href":"https:\/\/dailynewshungary.com\/de\/wp-json\/wp\/v2\/tags?post=792034"}],"curies":[{"name":"wp","href":"https:\/\/api.w.org\/{rel}","templated":true}]}}