{"id":792036,"date":"2026-09-01T15:34:00","date_gmt":"2026-09-01T13:34:00","guid":{"rendered":"https:\/\/dailynewshungary.com\/de\/polizei-funf-manner-wurden-in-ungarn-jahrelang-geschlagen-und-als-moderne-sklaven-gehalten\/"},"modified":"2026-09-01T15:34:00","modified_gmt":"2026-09-01T13:34:00","slug":"polizei-funf-manner-wurden-in-ungarn-jahrelang-geschlagen-und-als-moderne-sklaven-gehalten","status":"publish","type":"post","link":"https:\/\/dailynewshungary.com\/de\/polizei-funf-manner-wurden-in-ungarn-jahrelang-geschlagen-und-als-moderne-sklaven-gehalten\/","title":{"rendered":"Polizei: F\u00fcnf M\u00e4nner wurden in Ungarn jahrelang geschlagen und als moderne Sklaven gehalten"},"content":{"rendered":"\n<p class=\"wp-block-paragraph\"><strong>Ihnen wurden Arbeit und Unterkunft versprochen, doch laut Polizei mussten sie letztendlich 10\u201312 Stunden t\u00e4glich ohne Bezahlung, ohne Ruhetage und ohne regelm\u00e4\u00dfige finanzielle Unterst\u00fctzung arbeiten und wurden Berichten zufolge geschlagen und bedroht, wenn ihre Leistung als unzureichend erachtet wurde.<\/strong><\/p>\n\n\n\n<h2 class=\"wp-block-heading\"><strong>M\u00e4nner sollen gezwungen worden sein, ohne Bezahlung zu arbeiten<\/strong><\/h2>\n\n\n\n<p class=\"wp-block-paragraph\">Die ungarische Polizei hat einen 55-j\u00e4hrigen Mann festgenommen, der im Verdacht steht, Menschenhandel und Zwangsarbeit begangen zu haben, nachdem f\u00fcnf M\u00e4nner angeblich rund zwei Jahre lang auf einem Anwesen in Vecs\u00e9s bei Budapest ausgebeutet worden waren.<\/p>\n\n\n\n<p class=\"wp-block-paragraph\">Nach Angaben der <a href=\"https:\/\/www.police.hu\/hu\/hirek-es-informaciok\/legfrissebb-hireink\/bunugyek\/fizetes-helyett-felelem\" target=\"_blank\" rel=\"noopener\">Polizeidirektion des Komitats Pest<\/a> wurden den Opfern urspr\u00fcnglich eine Anstellung und eine Unterkunft versprochen. Stattdessen wurden sie laut Ermittlern unter Androhung von Gewalt und k\u00f6rperlicher Misshandlung zu langen Arbeitszeiten gezwungen.<\/p>\n\n\n\n<p class=\"wp-block-paragraph\">Die M\u00e4nner wurden Berichten zufolge in einem Anwesen in Vecs\u00e9s untergebracht. An Wochentagen wurden sie nach Budapest gebracht, um dort Bau- und Elektroarbeiten zu verrichten, w\u00e4hrend sie in Vecs\u00e9s Aufgaben im Bereich der Tierhaltung ausf\u00fchren mussten.<\/p>\n\n\n\n<p class=\"wp-block-paragraph\">Sie sollen t\u00e4glich 10 bis 12 Stunden ohne angemessene Ruhepausen oder freie Tage gearbeitet haben. Obwohl sie diese Arbeit rund zwei Jahre lang verrichteten, erhielten sie Berichten zufolge weder Lohn noch regelm\u00e4\u00dfige finanzielle Unterst\u00fctzung.<\/p>\n\n\n\n<blockquote class=\"wp-block-quote is-layout-flow wp-block-quote-is-layout-flow\">\n<p class=\"has-black-color has-pale-ocean-gradient-background has-text-color has-background has-link-color wp-elements-1 wp-block-paragraph\"><strong>Falls Sie es verpasst haben: <a href=\"https:\/\/dailynewshungary.com\/de\/ungarischer-mann-schlagt-und-foltert-seine-partnerin-und-zwingt-sie-ihr-eigenes-grab-zu-schaufeln\/\/\">Ungarischer Mann schl\u00e4gt und foltert seine Partnerin und zwingt sie, ihr eigenes Grab zu schaufeln<\/a><\/strong><\/p>\n<\/blockquote>\n\n\n\n<h2 class=\"wp-block-heading\"><strong>Die Opfer sollen in Angst gelebt haben<\/strong><\/h2>\n\n\n\n<p class=\"wp-block-paragraph\">Nach Angaben der Polizei kamen im Laufe der Ermittlungen immer schwerwiegendere Details ans Licht, nachdem eines der mutma\u00dflichen Opfer am sp\u00e4ten Abend des 26. August bei der Polizeidienststelle des 18. Bezirks der Budapester Polizeidirektion Anzeige erstattet hatte.<\/p>\n\n\n\n<p class=\"wp-block-paragraph\">Beamte aus Monor trafen kurz nach Mitternacht auf dem Grundst\u00fcck in Vecs\u00e9s ein und begannen mit der Erhebung von Informationen. Die anschlie\u00dfende Befragung der mutma\u00dflichen Opfer soll weitere Aufschl\u00fcsse \u00fcber die Bedingungen gegeben haben, unter denen diese gelebt und gearbeitet hatten.<\/p>\n\n\n\n<blockquote class=\"wp-block-quote is-layout-flow wp-block-quote-is-layout-flow\">\n<p class=\"wp-block-paragraph\">Den Ermittlern zufolge wurden die M\u00e4nner in einem Zustand der Angst gehalten und angeblich angegriffen, wenn ihre Leistung nicht den Erwartungen entsprach.<\/p>\n<\/blockquote>\n\n\n\n<p class=\"wp-block-paragraph\">Ein Mann wurde Berichten zufolge trotz einer Verletzung des Bewegungsapparats zur Fortsetzung der Arbeit gezwungen. Ein anderer wurde angeblich mehrfach geschlagen und war so ver\u00e4ngstigt, dass er es nicht wagte, wegen seiner Verletzungen einen Arzt aufzusuchen.<\/p>\n\n\n\n<h2 class=\"wp-block-heading\"><strong>Der Verd\u00e4chtige bestreitet die Vorw\u00fcrfe<\/strong><\/h2>\n\n\n\n<p class=\"wp-block-paragraph\">Die Polizei nahm den 55-j\u00e4hrigen Lajos T. kurz nach Eingang der Anzeige fest. Er wurde in Gewahrsam genommen, und die Staatsanwaltschaft beantragte seine Untersuchungshaft, die anschlie\u00dfend vom Gericht angeordnet wurde. Der Verd\u00e4chtige bestreitet die Tatvorw\u00fcrfe und hat Beschwerde gegen die Anschuldigungen eingelegt.<\/p>\n\n\n\n<p class=\"wp-block-paragraph\">Die Polizei fahndet weiterhin nach seinem mutma\u00dflichen Komplizen. Die Polizeidirektion des Komitats Pest ermittelt in diesem Fall wegen des Verdachts auf Menschenhandel und Zwangsarbeit zum Nachteil mehrerer Opfer. Die Ermittlungen dauern an.<\/p>\n\n\n\n<p class=\"has-text-align-center has-black-color has-electric-grass-gradient-background has-text-color has-background has-link-color wp-elements-2 wp-block-paragraph\"><strong>Bleiben Sie mit unserem \u201eHungary Weekly Briefing\u201c auf dem Laufenden: <a href=\"https:\/\/substack.com\/@thehungaryinsider\" target=\"_blank\" rel=\"noopener\">Abonnieren Sie es auf Substack<\/a>!<\/strong><\/p>\n","protected":false},"excerpt":{"rendered":"<p>Ihnen wurden Arbeit und Unterkunft versprochen, doch laut Polizei mussten sie letztendlich 10\u201312 Stunden t\u00e4glich ohne Bezahlung, ohne Ruhetage und ohne regelm\u00e4\u00dfige finanzielle Unterst\u00fctzung arbeiten und wurden Berichten zufolge geschlagen und bedroht, wenn ihre Leistung als unzureichend erachtet wurde. M\u00e4nner sollen gezwungen worden sein, ohne Bezahlung zu arbeiten Die ungarische Polizei hat einen 55-j\u00e4hrigen Mann [&hellip;]<\/p>\n","protected":false},"author":62,"featured_media":792037,"comment_status":"open","ping_status":"open","sticky":false,"template":"","format":"standard","meta":{"_acf_changed":false,"_display_image":"","footnotes":"","_members_access_role":[],"_members_access_error":""},"categories":[4406],"tags":[1326,4809,1236,1163,1076],"class_list":["post-792036","post","type-post","status-publish","format-standard","has-post-thumbnail","hentry","category-life","tag-gericht","tag-kategorie-kriminalitat-2","tag-polizei","tag-ungarische-polizei","tag-ungarn"],"blocksy_meta":[],"acf":[],"author_username":"hmercedesz","telegram_post":"","public_post_metadata":{"breaking_news":"yes","important":"no","csempe":"yes","center_tile":"no","disable_thumbnail":"no","target_lang":"","_featured_image_style":"","telegram_post":"","_xlat_group_id":"c1a4c460-3cf9-4acb-b32e-140ca28475ae"},"public_rank_math_data":{"title":"%title% %sep% %sitename%","description":"Nach Angaben der Polizei wurden ihnen Arbeit und Unterkunft versprochen, doch letztendlich mussten sie 10\u201312 Stunden t\u00e4glich ohne Bezahlung arbeiten...","focus_keyword":"police","canonical_url":"","robots":"","primary_category":"4406","breadcrumb_title":"","facebook_title":"","facebook_description":"","facebook_image":"","facebook_image_id":"","twitter_title":"","twitter_description":"","twitter_image":"","twitter_image_id":"","twitter_card_type":"","twitter_use_facebook":"","advanced_robots":"","pillar_content":"","seo_score":"78","contentai_score":"","rich_snippet":""},"_links":{"self":[{"href":"https:\/\/dailynewshungary.com\/de\/wp-json\/wp\/v2\/posts\/792036","targetHints":{"allow":["GET"]}}],"collection":[{"href":"https:\/\/dailynewshungary.com\/de\/wp-json\/wp\/v2\/posts"}],"about":[{"href":"https:\/\/dailynewshungary.com\/de\/wp-json\/wp\/v2\/types\/post"}],"author":[{"embeddable":true,"href":"https:\/\/dailynewshungary.com\/de\/wp-json\/wp\/v2\/users\/62"}],"replies":[{"embeddable":true,"href":"https:\/\/dailynewshungary.com\/de\/wp-json\/wp\/v2\/comments?post=792036"}],"version-history":[{"count":0,"href":"https:\/\/dailynewshungary.com\/de\/wp-json\/wp\/v2\/posts\/792036\/revisions"}],"wp:featuredmedia":[{"embeddable":true,"href":"https:\/\/dailynewshungary.com\/de\/wp-json\/wp\/v2\/media\/792037"}],"wp:attachment":[{"href":"https:\/\/dailynewshungary.com\/de\/wp-json\/wp\/v2\/media?parent=792036"}],"wp:term":[{"taxonomy":"category","embeddable":true,"href":"https:\/\/dailynewshungary.com\/de\/wp-json\/wp\/v2\/categories?post=792036"},{"taxonomy":"post_tag","embeddable":true,"href":"https:\/\/dailynewshungary.com\/de\/wp-json\/wp\/v2\/tags?post=792036"}],"curies":[{"name":"wp","href":"https:\/\/api.w.org\/{rel}","templated":true}]}}