{"id":792042,"date":"2026-09-01T19:34:00","date_gmt":"2026-09-01T17:34:00","guid":{"rendered":"https:\/\/dailynewshungary.com\/de\/35-jahre-unabhangigkeit-usbekistans-ein-land-das-stolz-auf-die-vergangenheit-zuruckblickt-und-zuversichtlich-in-die-zukunft-schaut\/"},"modified":"2026-09-01T19:34:00","modified_gmt":"2026-09-01T17:34:00","slug":"35-jahre-unabhangigkeit-usbekistans-ein-land-das-stolz-auf-die-vergangenheit-zuruckblickt-und-zuversichtlich-in-die-zukunft-schaut","status":"publish","type":"post","link":"https:\/\/dailynewshungary.com\/de\/35-jahre-unabhangigkeit-usbekistans-ein-land-das-stolz-auf-die-vergangenheit-zuruckblickt-und-zuversichtlich-in-die-zukunft-schaut\/","title":{"rendered":"35 Jahre Unabh\u00e4ngigkeit Usbekistans: Ein Land, das stolz auf die Vergangenheit zur\u00fcckblickt \u2013 und zuversichtlich in die Zukunft schaut"},"content":{"rendered":"\n<p class=\"wp-block-paragraph\"><strong>Der Unabh\u00e4ngigkeitstag Usbekistans wird am 1. September in diesem Jahr mit besonderer Bedeutung gefeiert: Das zentralasiatische Land begeht 35 Jahre Unabh\u00e4ngigkeit. Ich hatte die Gelegenheit, einen Teil der Feierlichkeiten in Taschkent hautnah mitzuerleben, wo eine au\u00dfergew\u00f6hnliche staatliche Zeremonie nicht nur eine spektakul\u00e4re Show bot, sondern auch einen aufschlussreichen Einblick darin gew\u00e4hrte, wie Usbekistan seine Vergangenheit, Gegenwart und Zukunft sieht.<\/strong><\/p>\n\n\n\n<p class=\"wp-block-paragraph\">Es gibt Nationalfeiertage, die in erster Linie blo\u00dfe Daten im Kalender sind, und es gibt andere, bei denen die Bedeutung des Anlasses un\u00fcbersehbar ist, sobald man tats\u00e4chlich vor Ort ist. In Usbekistan geh\u00f6rt der Unabh\u00e4ngigkeitstag eindeutig zur letzteren Kategorie.<\/p>\n\n\n\n<p class=\"wp-block-paragraph\">In der usbekischen Hauptstadt herrschte bereits festliche Stimmung, als ich am 28. August an der zentralen Staatszeremonie teilnahm. Doch abgesehen von den Flaggen, der Musik, den T\u00e4nzern und der monumentalen Kulisse blieb mir vor allem das Gef\u00fchl im Ged\u00e4chtnis, dass der 35. Jahrestag Usbekistans nicht einfach nur als Feier eines Ereignisses aus dem Jahr 1991 pr\u00e4sentiert wird. Er wird auch als Gelegenheit genutzt, um zu zeigen, wie sehr sich das Land ver\u00e4ndert hat \u2013 insbesondere im Laufe des letzten Jahrzehnts.<\/p>\n\n\n\n<h2 class=\"wp-block-heading\">Was feiert Usbekistan am Unabh\u00e4ngigkeitstag?<\/h2>\n\n\n\n<p class=\"wp-block-paragraph\">Usbekistan erkl\u00e4rte am <strong>31. August 1991<\/strong>, in den letzten Monaten der Sowjetunion, seine staatliche Unabh\u00e4ngigkeit. Der folgende Tag, der 1. September, wurde zum Unabh\u00e4ngigkeitstag erkl\u00e4rt und entwickelte sich in der Folge zum wichtigsten Nationalfeiertag des Landes.<\/p>\n\n\n\n<p class=\"wp-block-paragraph\">Auf einer au\u00dferordentlichen Sitzung des Obersten Sowjets der Usbekischen SSR verabschiedeten die Abgeordneten sowohl den Beschluss zur Ausrufung der Unabh\u00e4ngigkeit der Republik Usbekistan als auch Gesetze, die die Grundlagen des neuen souver\u00e4nen Staates festlegten. Die Usbekische SSR wurde in Republik Usbekistan umbenannt.<\/p>\n\n\n\n<p class=\"wp-block-paragraph\">F\u00fcnfunddrei\u00dfig Jahre sp\u00e4ter ist dieser Jahrestag daher weit mehr als nur ein zeremonieller Anlass. F\u00fcr die Usbeken steht er f\u00fcr die Wiederherstellung der nationalen Souver\u00e4nit\u00e4t und die F\u00e4higkeit des Landes, seine politische, wirtschaftliche und kulturelle Ausrichtung selbst zu bestimmen.<\/p>\n\n\n\n<p class=\"wp-block-paragraph\">Die diesj\u00e4hrigen offiziellen Feierlichkeiten stehen unter dem Motto <strong>\u201eEin Vaterland, ein Volk \u2013 gemeinsam gestalten wir ein neues Leben und eine neue Zukunft!\u201c<\/strong>, ein Slogan, der auch viel \u00fcber den Schwerpunkt der Regierung auf Entwicklung und nationale Erneuerung aussagt.<\/p>\n\n\n\n<h2 class=\"wp-block-heading\">Mehr als tausend K\u00fcnstler in Neu-Taschkent<\/h2>\n\n\n\n<p class=\"wp-block-paragraph\">Am 28. August erlebte ich das Ausma\u00df der <strong>Feierlichkeiten zum Unabh\u00e4ngigkeitstag Usbekistans<\/strong> hautnah, als ich an der gro\u00dfen staatlichen Feier in Neu-Taschkent teilnahm.<\/p>\n\n\n\n<blockquote class=\"instagram-media\" data-instgrm-captioned data-instgrm-permalink=\"https:\/\/www.instagram.com\/reel\/Dclf7F8BWaQ\/?utm_source=ig_embed&amp;utm_campaign=loading\" data-instgrm-version=\"14\" style=\" background:#FFF; border:0; border-radius:3px; box-shadow:0 0 1px 0 rgba(0,0,0,0.5),0 1px 10px 0 rgba(0,0,0,0.15); margin: 1px; max-width:540px; min-width:326px; padding:0; width:99.375%; width:-webkit-calc(100% - 2px); width:calc(100% - 2px);\"><div style=\"padding:16px;\"> <a href=\"https:\/\/www.instagram.com\/reel\/Dclf7F8BWaQ\/?utm_source=ig_embed&amp;utm_campaign=loading\" style=\" background:#FFFFFF; line-height:0; padding:0 0; text-align:center; text-decoration:none; width:100%;\" target=\"_blank\" rel=\"noopener\"> <div style=\" display: flex; flex-direction: row; align-items: center;\"> <div style=\"background-color: #F4F4F4; border-radius: 50%; flex-grow: 0; height: 40px; margin-right: 14px; width: 40px;\"><\/div> <div style=\"display: flex; flex-direction: column; flex-grow: 1; justify-content: center;\"> <div style=\" background-color: #F4F4F4; border-radius: 4px; flex-grow: 0; height: 14px; margin-bottom: 6px; width: 100px;\"><\/div> <div style=\" background-color: #F4F4F4; border-radius: 4px; flex-grow: 0; height: 14px; width: 60px;\"><\/div><\/div><\/div><div style=\"padding: 19% 0;\"><\/div> <div style=\"display:block; height:50px; margin:0 auto 12px; width:50px;\"><svg width=\"50px\" height=\"50px\" viewBox=\"0 0 60 60\" version=\"1.1\" xmlns=\"https:\/\/www.w3.org\/2000\/svg\" xmlns:xlink=\"https:\/\/www.w3.org\/1999\/xlink\"><g stroke=\"none\" stroke-width=\"1\" fill=\"none\" fill-rule=\"evenodd\"><g transform=\"translate(-511.000000, -20.000000)\" fill=\"#000000\"><g><path d=\"M556.869,30.41 C554.814,30.41 553.148,32.076 553.148,34.131 C553.148,36.186 554.814,37.852 556.869,37.852 C558.924,37.852 560.59,36.186 560.59,34.131 C560.59,32.076 558.924,30.41 556.869,30.41 M541,60.657 C535.114,60.657 530.342,55.887 530.342,50 C530.342,44.114 535.114,39.342 541,39.342 C546.887,39.342 551.658,44.114 551.658,50 C551.658,55.887 546.887,60.657 541,60.657 M541,33.886 C532.1,33.886 524.886,41.1 524.886,50 C524.886,58.899 532.1,66.113 541,66.113 C549.9,66.113 557.115,58.899 557.115,50 C557.115,41.1 549.9,33.886 541,33.886 M565.378,62.101 C565.244,65.022 564.756,66.606 564.346,67.663 C563.803,69.06 563.154,70.057 562.106,71.106 C561.058,72.155 560.06,72.803 558.662,73.347 C557.607,73.757 556.021,74.244 553.102,74.378 C549.944,74.521 548.997,74.552 541,74.552 C533.003,74.552 532.056,74.521 528.898,74.378 C525.979,74.244 524.393,73.757 523.338,73.347 C521.94,72.803 520.942,72.155 519.894,71.106 C518.846,70.057 518.197,69.06 517.654,67.663 C517.244,66.606 516.755,65.022 516.623,62.101 C516.479,58.943 516.448,57.996 516.448,50 C516.448,42.003 516.479,41.056 516.623,37.899 C516.755,34.978 517.244,33.391 517.654,32.338 C518.197,30.938 518.846,29.942 519.894,28.894 C520.942,27.846 521.94,27.196 523.338,26.654 C524.393,26.244 525.979,25.756 528.898,25.623 C532.057,25.479 533.004,25.448 541,25.448 C548.997,25.448 549.943,25.479 553.102,25.623 C556.021,25.756 557.607,26.244 558.662,26.654 C560.06,27.196 561.058,27.846 562.106,28.894 C563.154,29.942 563.803,30.938 564.346,32.338 C564.756,33.391 565.244,34.978 565.378,37.899 C565.522,41.056 565.552,42.003 565.552,50 C565.552,57.996 565.522,58.943 565.378,62.101 M570.82,37.631 C570.674,34.438 570.167,32.258 569.425,30.349 C568.659,28.377 567.633,26.702 565.965,25.035 C564.297,23.368 562.623,22.342 560.652,21.575 C558.743,20.834 556.562,20.326 553.369,20.18 C550.169,20.033 549.148,20 541,20 C532.853,20 531.831,20.033 528.631,20.18 C525.438,20.326 523.257,20.834 521.349,21.575 C519.376,22.342 517.703,23.368 516.035,25.035 C514.368,26.702 513.342,28.377 512.574,30.349 C511.834,32.258 511.326,34.438 511.181,37.631 C511.035,40.831 511,41.851 511,50 C511,58.147 511.035,59.17 511.181,62.369 C511.326,65.562 511.834,67.743 512.574,69.651 C513.342,71.625 514.368,73.296 516.035,74.965 C517.703,76.634 519.376,77.658 521.349,78.425 C523.257,79.167 525.438,79.673 528.631,79.82 C531.831,79.965 532.853,80.001 541,80.001 C549.148,80.001 550.169,79.965 553.369,79.82 C556.562,79.673 558.743,79.167 560.652,78.425 C562.623,77.658 564.297,76.634 565.965,74.965 C567.633,73.296 568.659,71.625 569.425,69.651 C570.167,67.743 570.674,65.562 570.82,62.369 C570.966,59.17 571,58.147 571,50 C571,41.851 570.966,40.831 570.82,37.631\"><\/path><\/g><\/g><\/g><\/svg><\/div><div style=\"padding-top: 8px;\"> <div style=\" color:#3897f0; font-family:Arial,sans-serif; font-size:14px; font-style:normal; font-weight:550; line-height:18px;\">Diesen Beitrag auf Instagram ansehen<\/div><\/div><div style=\"padding: 12.5% 0;\"><\/div> <div style=\"display: flex; flex-direction: row; margin-bottom: 14px; align-items: center;\"><div> <div style=\"background-color: #F4F4F4; border-radius: 50%; height: 12.5px; width: 12.5px; transform: translateX(0px) translateY(7px);\"><\/div> <div style=\"background-color: #F4F4F4; height: 12.5px; transform: rotate(-45deg) translateX(3px) translateY(1px); width: 12.5px; flex-grow: 0; margin-right: 14px; margin-left: 2px;\"><\/div> <div style=\"background-color: #F4F4F4; border-radius: 50%; height: 12.5px; width: 12.5px; transform: translateX(9px) translateY(-18px);\"><\/div><\/div><div style=\"margin-left: 8px;\"> <div style=\" background-color: #F4F4F4; border-radius: 50%; flex-grow: 0; height: 20px; width: 20px;\"><\/div> <div style=\" width: 0; height: 0; border-top: 2px solid transparent; border-left: 6px solid #f4f4f4; border-bottom: 2px solid transparent; transform: translateX(16px) translateY(-4px) rotate(30deg)\"><\/div><\/div><div style=\"margin-left: auto;\"> <div style=\" width: 0px; border-top: 8px solid #F4F4F4; border-right: 8px solid transparent; transform: translateY(16px);\"><\/div> <div style=\" background-color: #F4F4F4; flex-grow: 0; height: 12px; width: 16px; transform: translateY(-4px);\"><\/div> <div style=\" width: 0; height: 0; border-top: 8px solid #F4F4F4; border-left: 8px solid transparent; transform: translateY(-4px) translateX(8px);\"><\/div><\/div><\/div> <div style=\"display: flex; flex-direction: column; flex-grow: 1; justify-content: center; margin-bottom: 24px;\"> <div style=\" background-color: #F4F4F4; border-radius: 4px; flex-grow: 0; height: 14px; margin-bottom: 6px; width: 224px;\"><\/div> <div style=\" background-color: #F4F4F4; border-radius: 4px; flex-grow: 0; height: 14px; width: 144px;\"><\/div><\/div><\/a><p style=\" color:#c9c8cd; font-family:Arial,sans-serif; font-size:14px; line-height:17px; margin-bottom:0; margin-top:8px; overflow:hidden; padding:8px 0 7px; text-align:center; text-overflow:ellipsis; white-space:nowrap;\"><a href=\"https:\/\/www.instagram.com\/reel\/Dclf7F8BWaQ\/?utm_source=ig_embed&amp;utm_campaign=loading\" style=\" color:#c9c8cd; font-family:Arial,sans-serif; font-size:14px; font-style:normal; font-weight:normal; line-height:17px; text-decoration:none;\" target=\"_blank\" rel=\"noopener\">Ein Beitrag geteilt von Alp\u00e1r Kat\u00f3 (@alpar_kato)<\/a><\/p><\/div><\/blockquote>\n<script async src=\"\/\/www.instagram.com\/embed.js\"><\/script>\n\n\n\n<p class=\"wp-block-paragraph\">Pr\u00e4sident Shavkat Mirziyoyev richtete einige Worte an das Publikum, bevor ein gro\u00df angelegtes Kulturprogramm begann, an dem mehr als tausend T\u00e4nzer, Darsteller und Statisten beteiligt waren. Das schiere Ausma\u00df der Inszenierung war beeindruckend: Sorgf\u00e4ltig choreografierte Szenen, traditionelle Elemente und moderne Inszenierung verbanden sich, um die Geschichte des Landes und seiner Bev\u00f6lkerung zu erz\u00e4hlen.<\/p>\n\n\n\n<p class=\"wp-block-paragraph\">Die Wahl von New Tashkent als Veranstaltungsort vermittelte zudem eine klare Botschaft. Das riesige neue Stadtentwicklungsprojekt soll zu einem Zentrum f\u00fcr Bildung, Kultur und Wissenschaft werden und, wie Mirziyoyev es formulierte, ein Symbol f\u00fcr die St\u00e4rke des \u201eneuen Usbekistans\u201c. Der Pr\u00e4sident hob zudem die k\u00fcrzlich fertiggestellten Bildungs- und Kultureinrichtungen in der Region hervor.<\/p><figure class=\"wp-block-image size-large\"><figcaption class=\"wp-element-caption\">\n<\/figcaption><\/figure>\n\n<figure class=\"wp-block-image size-large\"><figcaption class=\"wp-element-caption\">\n<\/figcaption><img decoding=\"async\" src=\"https:\/\/dailynewshungary.b-cdn.net\/wp-content\/uploads\/2026\/09\/President-Shavkat-Mirziyoyev-addressed-the-audience-before-a-huge-cultural-programme-began-1280x853.webp\" alt=\"President Shavkat Mirziyoyev Addressed The Audience Before A Huge Cultural Programme Began X\" class=\"wp-image-705792\"\/><figcaption class=\"wp-element-caption\">Pr\u00e4sident Shavkat Mirziyoyev wandte sich an das Publikum, bevor ein umfangreiches Kulturprogramm begann.<\/figcaption><\/figure>\n\n\n\n<p class=\"wp-block-paragraph\">Mehrere Aussagen aus seiner Rede stachen besonders hervor.<\/p>\n\n\n\n<p class=\"wp-block-paragraph\">Mirziyoyev betonte, dass die moderne Unabh\u00e4ngigkeit zwar erst 1991 erreicht wurde, die Staatlichkeit und Zivilisation Usbekistans jedoch Tausende von Jahren zur\u00fcckreichen. Er bezeichnete zudem die Menschenw\u00fcrde und die M\u00f6glichkeit, in Freiheit zu leben, als grundlegende Errungenschaften der Unabh\u00e4ngigkeit und verwies dabei auf die umfassenden Reformen, die in den letzten Jahren eingeleitet wurden.<\/p>\n\n\n\n<p class=\"wp-block-paragraph\">Kurz vor Beginn der Hauptfeier fasste der Pr\u00e4sident das Ausma\u00df des Wandels in ungew\u00f6hnlich ambitionierten Worten zusammen: <strong>\u201eF\u00fcnfunddrei\u00dfig Jahre sind historisch gesehen eine kurze Zeitspanne\u201c,<\/strong> sagte er und argumentierte, dass das Ausma\u00df der Errungenschaften des Landes diesen Zeitraum jedoch deutlich l\u00e4nger erscheinen lasse.<\/p>\n\n\n\n<p class=\"wp-block-paragraph\">Die Feier selbst unterstrich diese Botschaft. Es handelte sich um eine W\u00fcrdigung der Geschichte, aber ganz bewusst auch um eine Darstellung dessen, was Usbekistan nach Ansicht der Beh\u00f6rden in Zukunft werden k\u00f6nnte.<\/p>\n\n\n\n<figure class=\"wp-block-gallery has-nested-images columns-default is-cropped wp-block-gallery-1 is-layout-flex wp-block-gallery-is-layout-flex\">\n<figure class=\"wp-block-image size-large\"><a href=\"https:\/\/dailynewshungary.b-cdn.net\/wp-content\/uploads\/2026\/09\/Independence-Day-2026-Uzbekistan-at-35-7.webp\" target=\"_blank\" rel=\"noopener\"><img decoding=\"async\" data-id=\"705798\" src=\"https:\/\/dailynewshungary.b-cdn.net\/wp-content\/uploads\/2026\/09\/Independence-Day-2026-Uzbekistan-at-35-7.webp\" alt=\"Independence Day Uzbekistan At\" class=\"wp-image-705798\"\/><\/a><figcaption class=\"wp-element-caption\">35 Jahre Unabh\u00e4ngigkeit Usbekistans: Ein Land, das stolz zur\u00fcckblickt \u2013 und zuversichtlich in die Zukunft blickt<\/figcaption><\/figure>\n\n\n\n<figure class=\"wp-block-image size-large\"><a href=\"https:\/\/dailynewshungary.b-cdn.net\/wp-content\/uploads\/2026\/09\/Independence-Day-2026-Uzbekistan-at-35-4.webp\" target=\"_blank\" rel=\"noopener\"><img decoding=\"async\" data-id=\"705795\" src=\"https:\/\/dailynewshungary.b-cdn.net\/wp-content\/uploads\/2026\/09\/Independence-Day-2026-Uzbekistan-at-35-4.webp\" alt=\"Uzbekistan Independence Day at 35: a country looking proudly back \u2013 and confidently ahead\" class=\"wp-image-705795\"\/><\/a><figcaption class=\"wp-element-caption\">35 Jahre Unabh\u00e4ngigkeit Usbekistans: Ein Land, das stolz zur\u00fcckblickt \u2013 und zuversichtlich in die Zukunft blickt<\/figcaption><\/figure>\n\n\n\n<figure class=\"wp-block-image size-large\"><a href=\"https:\/\/dailynewshungary.b-cdn.net\/wp-content\/uploads\/2026\/09\/Independence-Day-2026-Uzbekistan-at-35-celebration-in-Tashkent.webp\" target=\"_blank\" rel=\"noopener\"><img decoding=\"async\" data-id=\"705797\" src=\"https:\/\/dailynewshungary.b-cdn.net\/wp-content\/uploads\/2026\/09\/Independence-Day-2026-Uzbekistan-at-35-celebration-in-Tashkent.webp\" alt=\"Independence Day Uzbekistan At Celebration In Tashkent\" class=\"wp-image-705797\"\/><\/a><figcaption class=\"wp-element-caption\">35 Jahre Unabh\u00e4ngigkeit Usbekistans: Ein Land, das stolz zur\u00fcckblickt \u2013 und zuversichtlich in die Zukunft schaut<\/figcaption><\/figure>\n\n\n\n<figure class=\"wp-block-image size-large\"><a href=\"https:\/\/dailynewshungary.b-cdn.net\/wp-content\/uploads\/2026\/09\/Independence-Day-2026-Uzbekistan-at-35-5.webp\" target=\"_blank\" rel=\"noopener\"><img decoding=\"async\" data-id=\"705796\" src=\"https:\/\/dailynewshungary.b-cdn.net\/wp-content\/uploads\/2026\/09\/Independence-Day-2026-Uzbekistan-at-35-5.webp\" alt=\"President Shavkat Mirziyoyev addressed the audience before a huge cultural programme began\" class=\"wp-image-705796\"\/><\/a><figcaption class=\"wp-element-caption\">35 Jahre Unabh\u00e4ngigkeit Usbekistans: Ein Land, das stolz auf die Vergangenheit blickt \u2013 und zuversichtlich in die Zukunft<\/figcaption><\/figure>\n\n\n\n<figure class=\"wp-block-image size-large\"><a href=\"https:\/\/dailynewshungary.b-cdn.net\/wp-content\/uploads\/2026\/09\/Independence-Day-2026-Uzbekistan-at-35-8.webp\" target=\"_blank\" rel=\"noopener\"><img decoding=\"async\" data-id=\"705799\" src=\"https:\/\/dailynewshungary.b-cdn.net\/wp-content\/uploads\/2026\/09\/Independence-Day-2026-Uzbekistan-at-35-8.webp\" alt=\"Independence Day Uzbekistan At\" class=\"wp-image-705799\"\/><\/a><figcaption class=\"wp-element-caption\">35 Jahre Unabh\u00e4ngigkeit Usbekistans: Ein Land, das stolz auf die Vergangenheit blickt \u2013 und zuversichtlich in die Zukunft<\/figcaption><\/figure>\n<\/figure>\n\n\n\n<h2 class=\"wp-block-heading\">F\u00fcnfunddrei\u00dfig Jahre des Wandels \u2013 und ein au\u00dfergew\u00f6hnliches letztes Jahrzehnt<\/h2>\n\n\n\n<p class=\"wp-block-paragraph\">An dieser Stelle wird es schwierig, meine eigenen Eindr\u00fccke von Usbekistan vom Jubil\u00e4um selbst zu trennen.<\/p>\n\n\n\n<p class=\"wp-block-paragraph\">Nach dem, was ich gesehen habe, hat das Land in den 35 Jahren seit der Unabh\u00e4ngigkeit sowohl wirtschaftlich als auch politisch eine enorme Entwicklung durchlaufen. Besonders sichtbar ist jedoch der Wandel, der sich in etwa im letzten Jahrzehnt vollzogen hat.<\/p>\n\n\n\n<p class=\"wp-block-paragraph\">In Taschkent l\u00e4sst sich dies konkret erkennen: neue Stra\u00dfen, gro\u00dfe Bauprojekte, \u00f6ffentliche Pl\u00e4tze, Hotels, Gesch\u00e4ftsviertel und ehrgeizige kulturelle Einrichtungen. Man sp\u00fcrt zudem, dass das Land deutlich weltoffener geworden ist und daran interessiert ist, Touristen, Unternehmen, Investoren und internationale Partner anzuziehen.<\/p>\n\n\n\n<p class=\"wp-block-paragraph\">Wirtschaftsstatistiken st\u00fctzen zumindest teilweise diesen Eindruck. Zahlen der Weltbank zeigen, dass das reale BIP Usbekistans <strong>im Jahr 2025<\/strong> um <strong>7,7 Prozent<\/strong> gewachsen ist, nachdem es im Jahr zuvor um 6,7 Prozent gewachsen war. Das BIP des Landes in aktuellen Dollar belief sich im Jahr 2025 auf rund 147 Milliarden US-Dollar. Die Weltbank hat zudem das ab 2017 eingeleitete umfassende Reformprogramm als wichtigen Faktor f\u00fcr das wirtschaftliche Wachstum des Landes bezeichnet.<\/p>\n\n\n\n<iframe loading=\"lazy\" src=\"https:\/\/www.linkedin.com\/embed\/feed\/update\/urn:li:ugcPost:7499403415156912128?compact=1\" height=\"399\" width=\"504\" frameborder=\"0\" allowfullscreen=\"\" title=\"Embedded post\"><\/iframe>\n\n\n\n<p class=\"wp-block-paragraph\">Das bedeutet nicht, dass alle Probleme verschwunden sind oder dass sich ein 35-j\u00e4hriger Wandel auf neue Geb\u00e4ude und BIP-Statistiken reduzieren l\u00e4sst. Doch f\u00fcr einen Besucher sind das Tempo und der Ehrgeiz kaum zu \u00fcbersehen.<\/p>\n\n\n\n<p class=\"wp-block-paragraph\">Vielleicht ist dies ein Grund, warum der Begriff <strong>\u201eNeues Usbekistan\u201c<\/strong> in offiziellen Reden so h\u00e4ufig auftaucht. Nach einer Reise durch das Land gewinnt dieser Ausdruck zunehmend an Bedeutung: Usbekistan ist bewusst bestrebt, ein neues internationales Image aufzubauen und gleichzeitig sein au\u00dfergew\u00f6hnliches historisches Erbe zu bewahren \u2013 und zunehmend zur Schau zu stellen.<\/p>\n\n\n\n<h2 class=\"wp-block-heading\">Warum sich eine Reise von Ungarn nach Usbekistan lohnt<\/h2>\n\n\n\n<p class=\"wp-block-paragraph\">Und schon dieses historische Erbe allein ist ein \u00fcberzeugender Grund f\u00fcr einen Besuch.<\/p>\n\n\n\n<p class=\"wp-block-paragraph\">F\u00fcr ungarische Reisende mag Usbekistan noch immer weit entfernt erscheinen. Doch nur wenige Reiseziele bieten eine solche Konzentration an spektakul\u00e4rer Architektur und Geschichte der Seidenstra\u00dfe.<\/p>\n\n\n\n<p class=\"wp-block-paragraph\"><strong><a href=\"https:\/\/uzbekistan.travel\/en\/i\/samarkand\/\" target=\"_blank\" rel=\"noopener\">Samarkand<\/a><\/strong> ist der naheliegende Ausgangspunkt. Der Registan-Platz mit seinen drei monumentalen Madrasas, die einen der bekanntesten \u00f6ffentlichen Pl\u00e4tze Zentralasiens umgeben, ist in natura noch beeindruckender als auf Fotos. Die UNESCO beschreibt Samarkand als Kreuzung und Schmelztiegel der Weltkulturen mit einer mehr als zweieinhalb Jahrtausende alten Geschichte.<\/p><figure class=\"wp-block-image size-full\"><figcaption class=\"wp-element-caption\">\n<\/figcaption><\/figure>\n\n<figure class=\"wp-block-image size-full\"><figcaption class=\"wp-element-caption\">\n<\/figcaption><img loading=\"lazy\" decoding=\"async\" width=\"1200\" height=\"900\" src=\"https:\/\/dailynewshungary.b-cdn.net\/wp-content\/uploads\/2024\/05\/Uzbegisztan-Uzbekistan-Tashkent-Taskent-Szamarkand-Samarkand-58.jpg\" alt=\"Samarkand Uzbekistan UNESCO\" class=\"wp-image-598818\" srcset=\"https:\/\/contentf5.dailynewshungary.com\/wp-content\/uploads\/2024\/05\/Uzbegisztan-Uzbekistan-Tashkent-Taskent-Szamarkand-Samarkand-58.jpg 1200w, https:\/\/contentf5.dailynewshungary.com\/wp-content\/uploads\/2024\/05\/Uzbegisztan-Uzbekistan-Tashkent-Taskent-Szamarkand-Samarkand-58-768x576.jpg 768w, https:\/\/contentf5.dailynewshungary.com\/wp-content\/uploads\/2024\/05\/Uzbegisztan-Uzbekistan-Tashkent-Taskent-Szamarkand-Samarkand-58-296x222.jpg 296w, https:\/\/contentf5.dailynewshungary.com\/wp-content\/uploads\/2024\/05\/Uzbegisztan-Uzbekistan-Tashkent-Taskent-Szamarkand-Samarkand-58-1030x773.jpg 1030w, https:\/\/contentf5.dailynewshungary.com\/wp-content\/uploads\/2024\/05\/Uzbegisztan-Uzbekistan-Tashkent-Taskent-Szamarkand-Samarkand-58-100x75.jpg 100w, https:\/\/contentf5.dailynewshungary.com\/wp-content\/uploads\/2024\/05\/Uzbegisztan-Uzbekistan-Tashkent-Taskent-Szamarkand-Samarkand-58-960x720.jpg 960w, https:\/\/contentf5.dailynewshungary.com\/wp-content\/uploads\/2024\/05\/Uzbegisztan-Uzbekistan-Tashkent-Taskent-Szamarkand-Samarkand-58-480x360.jpg 480w\" sizes=\"auto, (max-width: 1200px) 100vw, 1200px\" \/><figcaption class=\"wp-element-caption\">Registan-Platz, Samarkand, Usbekistan. Foto: Daily News Hungary<\/figcaption><\/figure>\n\n\n\n<p class=\"wp-block-paragraph\">Dann gibt es noch <strong><a href=\"https:\/\/whc.unesco.org\/en\/list\/602\/\" target=\"_blank\" rel=\"noopener\">Buchara<\/a><\/strong>, eine mehr als 2.000 Jahre alte Stadt an der Seidenstra\u00dfe, deren historisches Zentrum nach wie vor eines der am besten erhaltenen Beispiele f\u00fcr eine mittelalterliche zentralasiatische Stadt darstellt.<\/p>\n\n\n\n<p class=\"wp-block-paragraph\">Und <strong><a href=\"https:\/\/uzbekistan.travel\/en\/i\/khiva\/\" target=\"_blank\" rel=\"noopener\">Chiwa<\/a><\/strong> bietet ein ganz anderes Erlebnis: Wenn man die alte, von Mauern umgebene Stadt betritt, f\u00fchlt es sich weniger wie der Besuch eines einzelnen Denkmals an, sondern eher so, als w\u00fcrde man direkt in eine andere historische Epoche eintreten.<\/p>\n\n\n\n<p class=\"wp-block-paragraph\">Taschkent selbst verf\u00fcgt nun \u00fcber eine bedeutende neue Sehensw\u00fcrdigkeit, die es verdient, in eine Reihe mit diesen ber\u00fchmten St\u00e4dten an der Seidenstra\u00dfe gestellt zu werden.<\/p>\n\n\n\n<p class=\"has-very-light-gray-to-cyan-bluish-gray-gradient-background has-background wp-block-paragraph\">Falls Sie es verpasst haben \u2013 <a href=\"https:\/\/dailynewshungary.com\/uzbekistan-tourism-2026\/\">Usbekistan mit 35: Der Tourismus wird zu einem starken Symbol f\u00fcr Unabh\u00e4ngigkeit, Offenheit und nationales Wachstum<\/a><\/p>\n\n\n\n<h2 class=\"wp-block-heading\">Taschkents au\u00dfergew\u00f6hnliches Zentrum f\u00fcr islamische Zivilisation<\/h2>\n\n\n\n<p class=\"wp-block-paragraph\">Das <strong>Zentrum f\u00fcr islamische Zivilisation in Usbekistan<\/strong>, das im M\u00e4rz 2026 in Taschkent offiziell er\u00f6ffnet wurde, ist eines der ehrgeizigsten Kulturprojekte des Landes.<\/p>\n\n\n\n<p class=\"wp-block-paragraph\">Der weitl\u00e4ufige Komplex vereint ein Museum, eine Bibliothek, Forschungseinrichtungen und Ausstellungen, die die intellektuelle und wissenschaftliche Geschichte der islamischen Zivilisation in Zentralasien nachzeichnen. Zu seinen Best\u00e4nden z\u00e4hlen Manuskripte, historische Objekte und Materialien zu einigen der Gelehrten, deren Werk die Mathematik, Astronomie, Medizin und Philosophie weit \u00fcber die Region hinaus gepr\u00e4gt hat.<\/p>\n\n\n\n<figure class=\"wp-block-image size-full\"><img decoding=\"async\" src=\"https:\/\/dailynewshungary.b-cdn.net\/wp-content\/uploads\/2026\/08\/Center-for-Islamic-Civilization-in-Uzbekistan-view.webp\" alt=\"Center For Islamic Civilization In Uzbekistan View\" class=\"wp-image-705473\"\/><\/figure>\n\n\n\n<p class=\"wp-block-paragraph\">Sein Ausma\u00df ist bemerkenswert. Bis Anfang Juni \u2013 weniger als drei Monate nach der Er\u00f6ffnung \u2013 hatte das Zentrum nach Angaben der usbekischen Regierung bereits rund eine halbe Million in- und ausl\u00e4ndische Besucher empfangen.<\/p>\n\n\n\n<p class=\"wp-block-paragraph\">F\u00fcr alle, die sich f\u00fcr Geschichte, Religion, Wissenschaft oder Architektur interessieren, lohnt es sich, mehrere Stunden einzuplanen, anstatt den Besuch lediglich als kurzen Zwischenstopp auf einer Stadtrundfahrt durch Taschkent zu betrachten.<\/p>\n\n\n\n<h2 class=\"wp-block-heading\">Die Gastfreundschaft ist vielleicht Usbekistans gr\u00f6\u00dfte Attraktion<\/h2>\n\n\n\n<p class=\"wp-block-paragraph\">Geb\u00e4ude, Denkm\u00e4ler und der wirtschaftliche Wandel erkl\u00e4ren nur zum Teil, warum Usbekistan einen so starken Eindruck hinterl\u00e4sst.<\/p>\n\n\n\n<p class=\"wp-block-paragraph\">Der andere Teil sind die Menschen.<\/p>\n\n\n\n<p class=\"wp-block-paragraph\">Was mir immer wieder auffiel, war die aufrichtige Gastfreundschaft der Usbeken. Besucher werden herzlich empfangen, Gespr\u00e4che kommen leicht in Gang, und das Essen wird oft in solchen Mengen serviert, dass es fast unm\u00f6glich ist, einen weiteren Teller abzulehnen.<\/p>\n\n\n\n<p class=\"wp-block-paragraph\">Und damit kommen wir zur usbekischen Gastronomie.<\/p>\n\n\n\n<p class=\"wp-block-paragraph\">Das bekannteste Gericht des Landes ist nat\u00fcrlich <strong>Plov<\/strong> \u2013 Reis, der mit Fleisch, M\u00f6hren, Zwiebeln und Gew\u00fcrzen gekocht wird und in Usbekistan regionale Varianten aufweist. Doch die usbekische K\u00fcche auf Plov zu reduzieren, w\u00e4re ungerecht. In einem traditionellen Ofen gebackene Samsa, Schaschlik, Lagman-Nudeln, Suppen, frisches Obst, Gem\u00fcse und das allgegenw\u00e4rtige runde usbekische Fladenbrot machen das Essen hier zu einer Attraktion f\u00fcr sich.<\/p>\n\n\n\n<figure class=\"wp-block-gallery has-nested-images columns-default is-cropped wp-block-gallery-2 is-layout-flex wp-block-gallery-is-layout-flex\">\n<figure class=\"wp-block-image size-large\"><a href=\"https:\/\/dailynewshungary.b-cdn.net\/wp-content\/uploads\/2024\/05\/Uzbegisztan-Uzbekistan-Tashkent-Taskent-Szamarkand-Samarkand-81.jpg\" target=\"_blank\" rel=\"noopener\"><img loading=\"lazy\" decoding=\"async\" width=\"900\" height=\"1200\" data-id=\"598840\" src=\"https:\/\/dailynewshungary.b-cdn.net\/wp-content\/uploads\/2024\/05\/Uzbegisztan-Uzbekistan-Tashkent-Taskent-Szamarkand-Samarkand-81.jpg\" alt=\"Uzbekistan Tashkent plov center\" class=\"wp-image-598840\" srcset=\"https:\/\/contentf5.dailynewshungary.com\/wp-content\/uploads\/2024\/05\/Uzbegisztan-Uzbekistan-Tashkent-Taskent-Szamarkand-Samarkand-81.jpg 900w, https:\/\/contentf5.dailynewshungary.com\/wp-content\/uploads\/2024\/05\/Uzbegisztan-Uzbekistan-Tashkent-Taskent-Szamarkand-Samarkand-81-768x1024.jpg 768w, https:\/\/contentf5.dailynewshungary.com\/wp-content\/uploads\/2024\/05\/Uzbegisztan-Uzbekistan-Tashkent-Taskent-Szamarkand-Samarkand-81-167x222.jpg 167w, https:\/\/contentf5.dailynewshungary.com\/wp-content\/uploads\/2024\/05\/Uzbegisztan-Uzbekistan-Tashkent-Taskent-Szamarkand-Samarkand-81-56x75.jpg 56w, https:\/\/contentf5.dailynewshungary.com\/wp-content\/uploads\/2024\/05\/Uzbegisztan-Uzbekistan-Tashkent-Taskent-Szamarkand-Samarkand-81-480x640.jpg 480w\" sizes=\"auto, (max-width: 900px) 100vw, 900px\" \/><\/a><figcaption class=\"wp-element-caption\">Plov-Zentrum, Taschkent, Usbekistan. Foto: Daily News Hungary<\/figcaption><\/figure>\n\n\n\n<figure class=\"wp-block-image size-large\"><a href=\"https:\/\/dailynewshungary.b-cdn.net\/wp-content\/uploads\/2024\/05\/Uzbegisztan-Uzbekistan-Tashkent-Taskent-Szamarkand-Samarkand-85.jpg\" target=\"_blank\" rel=\"noopener\"><img loading=\"lazy\" decoding=\"async\" width=\"1200\" height=\"900\" data-id=\"598844\" src=\"https:\/\/dailynewshungary.b-cdn.net\/wp-content\/uploads\/2024\/05\/Uzbegisztan-Uzbekistan-Tashkent-Taskent-Szamarkand-Samarkand-85.jpg\" alt=\"Uzbekistan Tashkent\" class=\"wp-image-598844\" srcset=\"https:\/\/contentf5.dailynewshungary.com\/wp-content\/uploads\/2024\/05\/Uzbegisztan-Uzbekistan-Tashkent-Taskent-Szamarkand-Samarkand-85.jpg 1200w, https:\/\/contentf5.dailynewshungary.com\/wp-content\/uploads\/2024\/05\/Uzbegisztan-Uzbekistan-Tashkent-Taskent-Szamarkand-Samarkand-85-768x576.jpg 768w, https:\/\/contentf5.dailynewshungary.com\/wp-content\/uploads\/2024\/05\/Uzbegisztan-Uzbekistan-Tashkent-Taskent-Szamarkand-Samarkand-85-296x222.jpg 296w, https:\/\/contentf5.dailynewshungary.com\/wp-content\/uploads\/2024\/05\/Uzbegisztan-Uzbekistan-Tashkent-Taskent-Szamarkand-Samarkand-85-1030x773.jpg 1030w, https:\/\/contentf5.dailynewshungary.com\/wp-content\/uploads\/2024\/05\/Uzbegisztan-Uzbekistan-Tashkent-Taskent-Szamarkand-Samarkand-85-100x75.jpg 100w, https:\/\/contentf5.dailynewshungary.com\/wp-content\/uploads\/2024\/05\/Uzbegisztan-Uzbekistan-Tashkent-Taskent-Szamarkand-Samarkand-85-960x720.jpg 960w, https:\/\/contentf5.dailynewshungary.com\/wp-content\/uploads\/2024\/05\/Uzbegisztan-Uzbekistan-Tashkent-Taskent-Szamarkand-Samarkand-85-480x360.jpg 480w\" sizes=\"auto, (max-width: 1200px) 100vw, 1200px\" \/><\/a><figcaption class=\"wp-element-caption\">Plov Center, Taschkent, Usbekistan. Foto: Daily News Hungary<\/figcaption><\/figure>\n\n\n\n<figure class=\"wp-block-image size-large\"><a href=\"https:\/\/dailynewshungary.b-cdn.net\/wp-content\/uploads\/2024\/05\/Uzbegisztan-Uzbekistan-Tashkent-Taskent-Szamarkand-Samarkand-100.jpg\" target=\"_blank\" rel=\"noopener\"><img loading=\"lazy\" decoding=\"async\" width=\"900\" height=\"1200\" data-id=\"598859\" src=\"https:\/\/dailynewshungary.b-cdn.net\/wp-content\/uploads\/2024\/05\/Uzbegisztan-Uzbekistan-Tashkent-Taskent-Szamarkand-Samarkand-100.jpg\" alt=\"Uzbekistan Tashkent\" class=\"wp-image-598859\" srcset=\"https:\/\/contentf5.dailynewshungary.com\/wp-content\/uploads\/2024\/05\/Uzbegisztan-Uzbekistan-Tashkent-Taskent-Szamarkand-Samarkand-100.jpg 900w, https:\/\/contentf5.dailynewshungary.com\/wp-content\/uploads\/2024\/05\/Uzbegisztan-Uzbekistan-Tashkent-Taskent-Szamarkand-Samarkand-100-768x1024.jpg 768w, https:\/\/contentf5.dailynewshungary.com\/wp-content\/uploads\/2024\/05\/Uzbegisztan-Uzbekistan-Tashkent-Taskent-Szamarkand-Samarkand-100-167x222.jpg 167w, https:\/\/contentf5.dailynewshungary.com\/wp-content\/uploads\/2024\/05\/Uzbegisztan-Uzbekistan-Tashkent-Taskent-Szamarkand-Samarkand-100-56x75.jpg 56w, https:\/\/contentf5.dailynewshungary.com\/wp-content\/uploads\/2024\/05\/Uzbegisztan-Uzbekistan-Tashkent-Taskent-Szamarkand-Samarkand-100-480x640.jpg 480w\" sizes=\"auto, (max-width: 900px) 100vw, 900px\" \/><\/a><figcaption class=\"wp-element-caption\">Plov Center, Taschkent, Usbekistan. Foto: Daily News Hungary<\/figcaption><\/figure>\n<\/figure>\n\n\n\n<p class=\"wp-block-paragraph\">Essen spielt auch eine gesellschaftliche Rolle. Die Mahlzeiten sind ausgedehnt, gemeinschaftlich und reichhaltig. Es wird st\u00e4ndig Tee serviert. Der Tisch ist nicht nur ein Ort zum Essen, sondern der Ort, an dem G\u00e4ste Teil des Geschehens werden.<\/p>\n\n\n\n<p class=\"wp-block-paragraph\">F\u00fcr Reisende mag dies letztendlich ebenso unvergesslich sein wie der Registan-Platz oder die alten Stadtmauern von Chiwa.<\/p>\n\n\n\n<h2 class=\"wp-block-heading\">Beim Unabh\u00e4ngigkeitstag Usbekistans geht es um mehr als nur die Vergangenheit<\/h2>\n\n\n\n<p class=\"wp-block-paragraph\">Als ich am 28. August in Neu-Taschkent stand und mehr als tausend Darsteller die riesige B\u00fchne f\u00fcllten, war leicht zu verstehen, warum der 35. Jahrestag hier eine so gro\u00dfe Bedeutung hat.<\/p>\n\n\n\n<p class=\"wp-block-paragraph\"><strong>Der Unabh\u00e4ngigkeitstag Usbekistans<\/strong> erinnert an einen entscheidenden Moment im Jahr 1991, doch das heutige Usbekistan nutzt diesen Jahrestag ganz offensichtlich ebenso sehr, um in die Zukunft zu blicken wie in die Vergangenheit.<\/p>\n\n\n\n<p class=\"wp-block-paragraph\">Es herrscht gro\u00dfer Stolz auf die St\u00e4dte an der Seidenstra\u00dfe, die Gelehrten der Antike und die Traditionen, die diesen Teil der Welt gepr\u00e4gt haben. Gleichzeitig ist eine ebenso deutliche Entschlossenheit zu erkennen, neue Universit\u00e4ten, Unternehmen, Verkehrsverbindungen, Museen, Wohnviertel und eine Wirtschaft aufzubauen, die weitaus st\u00e4rker mit der Au\u00dfenwelt vernetzt ist.<\/p>\n\n\n\n<p class=\"wp-block-paragraph\">Nachdem ich beide Seiten des Landes kennengelernt habe \u2013 seine historischen Sch\u00e4tze und das au\u00dfergew\u00f6hnliche Ausma\u00df an Bau- und Entwicklungsprojekten, die heute stattfinden \u2013, ist mein st\u00e4rkster Eindruck, dass Usbekistan seine ersten 35 Jahre der Unabh\u00e4ngigkeit nicht als Abschluss einer Geschichte betrachtet.<\/p>\n\n\n\n<p class=\"wp-block-paragraph\">Es betrachtet sie als den Anfang einer neuen Geschichte.<\/p>\n\n\n\n<p class=\"has-very-light-gray-to-cyan-bluish-gray-gradient-background has-background wp-block-paragraph\">Wie wir bereits berichteten, <a href=\"https:\/\/dailynewshungary.com\/de\/das-internationale-medienforum-taschkent-bringt-2026-journalisten-aus-aller-welt-zusammen\/\/\">brachte das Internationale Medienforum in Taschkent im Jahr 2026 Journalisten aus aller Welt zusammen<\/a><\/p>\n","protected":false},"excerpt":{"rendered":"<p>Der Unabh\u00e4ngigkeitstag Usbekistans wird am 1. September in diesem Jahr mit besonderer Bedeutung gefeiert: Das zentralasiatische Land begeht 35 Jahre Unabh\u00e4ngigkeit. Ich hatte die Gelegenheit, einen Teil der Feierlichkeiten in Taschkent hautnah mitzuerleben, wo eine au\u00dfergew\u00f6hnliche staatliche Zeremonie nicht nur eine spektakul\u00e4re Show bot, sondern auch einen aufschlussreichen Einblick darin gew\u00e4hrte, wie Usbekistan seine Vergangenheit, [&hellip;]<\/p>\n","protected":false},"author":88,"featured_media":792043,"comment_status":"open","ping_status":"open","sticky":false,"template":"","format":"standard","meta":{"_acf_changed":false,"_display_image":"","footnotes":"","_members_access_role":[],"_members_access_error":""},"categories":[1154],"tags":[1094,4794,1272,1192],"class_list":["post-792042","post","type-post","status-publish","format-standard","has-post-thumbnail","hentry","category-welt","tag-asien","tag-kategorie-weltnachrichten-2","tag-usbekistan","tag-video"],"blocksy_meta":[],"acf":[],"author_username":"alpar.kato","telegram_post":"","public_post_metadata":{"breaking_news":"yes","important":"no","csempe":"no","center_tile":"no","disable_thumbnail":"no","target_lang":"","_featured_image_style":"","telegram_post":"","_xlat_group_id":"e53e4486-b7bd-4d68-a2e3-fcaaba24a9cd"},"public_rank_math_data":{"title":"Unabh\u00e4ngigkeitstag Usbekistans: 35 Jahre Wandel","description":"Der Unabh\u00e4ngigkeitstag Usbekistans steht f\u00fcr 35 Jahre Unabh\u00e4ngigkeit, rasante Entwicklung, ein reiches Kulturerbe und herzliche Gastfreundschaft.","focus_keyword":"Unabh\u00e4ngigkeitstag Usbekistans","canonical_url":"","robots":"","primary_category":"1154","breadcrumb_title":"","facebook_title":"","facebook_description":"","facebook_image":"","facebook_image_id":"","twitter_title":"","twitter_description":"","twitter_image":"","twitter_image_id":"","twitter_card_type":"","twitter_use_facebook":"","advanced_robots":"","pillar_content":"","seo_score":"84","contentai_score":"","rich_snippet":""},"_links":{"self":[{"href":"https:\/\/dailynewshungary.com\/de\/wp-json\/wp\/v2\/posts\/792042","targetHints":{"allow":["GET"]}}],"collection":[{"href":"https:\/\/dailynewshungary.com\/de\/wp-json\/wp\/v2\/posts"}],"about":[{"href":"https:\/\/dailynewshungary.com\/de\/wp-json\/wp\/v2\/types\/post"}],"author":[{"embeddable":true,"href":"https:\/\/dailynewshungary.com\/de\/wp-json\/wp\/v2\/users\/88"}],"replies":[{"embeddable":true,"href":"https:\/\/dailynewshungary.com\/de\/wp-json\/wp\/v2\/comments?post=792042"}],"version-history":[{"count":0,"href":"https:\/\/dailynewshungary.com\/de\/wp-json\/wp\/v2\/posts\/792042\/revisions"}],"wp:featuredmedia":[{"embeddable":true,"href":"https:\/\/dailynewshungary.com\/de\/wp-json\/wp\/v2\/media\/792043"}],"wp:attachment":[{"href":"https:\/\/dailynewshungary.com\/de\/wp-json\/wp\/v2\/media?parent=792042"}],"wp:term":[{"taxonomy":"category","embeddable":true,"href":"https:\/\/dailynewshungary.com\/de\/wp-json\/wp\/v2\/categories?post=792042"},{"taxonomy":"post_tag","embeddable":true,"href":"https:\/\/dailynewshungary.com\/de\/wp-json\/wp\/v2\/tags?post=792042"}],"curies":[{"name":"wp","href":"https:\/\/api.w.org\/{rel}","templated":true}]}}