{"id":792057,"date":"2026-09-02T08:54:00","date_gmt":"2026-09-02T06:54:00","guid":{"rendered":"https:\/\/dailynewshungary.com\/de\/trotz-fruherer-dementis-der-regierung-konnte-ein-neues-werk-der-batterieindustrie-in-debrecen-entstehen\/"},"modified":"2026-09-02T13:15:36","modified_gmt":"2026-09-02T11:15:36","slug":"trotz-fruherer-dementis-der-regierung-konnte-ein-neues-werk-der-batterieindustrie-in-debrecen-entstehen","status":"publish","type":"post","link":"https:\/\/dailynewshungary.com\/de\/trotz-fruherer-dementis-der-regierung-konnte-ein-neues-werk-der-batterieindustrie-in-debrecen-entstehen\/","title":{"rendered":"Trotz fr\u00fcherer Dementis der Regierung k\u00f6nnte ein neues Werk der Batterieindustrie in Debrecen entstehen"},"content":{"rendered":"\n<p class=\"wp-block-paragraph\"><strong>Eine Tochtergesellschaft von CATL beantragt die Genehmigung f\u00fcr eine neue Anlage zur Neuverpackung und NeuMontage von Batterien in Debrecen \u2013 Monate, nachdem P\u00e9ter Szijj\u00e1rt\u00f3 betont hatte, dass keine neuen Investitionen in die Batterieindustrie f\u00fcr die Stadt geplant seien.<\/strong><\/p>\n\n\n\n<h2 class=\"wp-block-heading\">CATL-Tochtergesellschaft steht hinter der geplanten Anlage in Debrecen<\/h2>\n\n\n\n<p class=\"wp-block-paragraph\">Laut dem lokalen Nachrichtenportal <a href=\"https:\/\/debreciner.hu\/cikk\/megvan-a-nyolcadik-ujabb-akkuipari-uzem-debrecenben\" target=\"_blank\" rel=\"noopener\">\u201eDebreciner\u201c<\/a> k\u00f6nnte in Debrecen eine neue Industrieanlage im Bereich Batterietechnik von GreenPower Energy Debrecen Kft., einer ungarischen Tochtergesellschaft des chinesischen Batterieriesen CATL, errichtet werden \u2013 dies geht aus Dokumenten hervor, die von der Bezirksverwaltung Hajd\u00fa-Bihar ver\u00f6ffentlicht wurden.<\/p>\n\n\n\n<p class=\"wp-block-paragraph\">Ein Umweltvertr\u00e4glichkeitspr\u00fcfungsverfahren f\u00fcr das Projekt l\u00e4uft bereits seit dem 23. Juni, obwohl die \u00d6ffentlichkeit erst durch eine am 31. August ver\u00f6ffentlichte Bekanntmachung \u00fcber das Verfahren informiert wurde. Es wird zudem eine \u00f6ffentliche Anh\u00f6rung stattfinden, deren Termin und Einzelheiten zu einem sp\u00e4teren Zeitpunkt bekannt gegeben werden.<\/p>\n\n\n\n<p class=\"wp-block-paragraph\">Die geplante Anlage soll in einer 44.000 Quadratmeter gro\u00dfen Industriehalle untergebracht werden, die vom staatlichen Unternehmen Inpark in der s\u00fcdlichen Wirtschaftszone von Debrecen errichtet wurde. Inpark hatte im vergangenen Jahr mit dem Bau der Halle begonnen, sich jedoch zuvor geweigert, Angaben dar\u00fcber zu machen, welche Art von industrieller T\u00e4tigkeit dort stattfinden w\u00fcrde.<\/p>\n\n\n\n<p class=\"wp-block-paragraph\">Die Anlage w\u00e4re der j\u00fcngste Neuzugang in Debrecens rasch expandierender Batterieindustrie, zu der bereits das gro\u00dfe Batterieproduktionsprojekt von CATL sowie ein separates Werk zur Montage von Batteriemodulen geh\u00f6ren.<\/p>\n\n\n\n<h2 class=\"wp-block-heading\">Szijj\u00e1rt\u00f3 hatte zuvor eine weitere Investition im Batteriebereich dementiert<\/h2>\n\n\n\n<p class=\"wp-block-paragraph\">Die Pl\u00e4ne sind besonders bemerkenswert, da sie offenbar im Widerspruch zu einer kategorischen Aussage stehen, die der damalige Au\u00dfenminister P\u00e9ter Szijj\u00e1rt\u00f3 Anfang dieses Jahres abgegeben hatte. Auf einer Pressekonferenz in Beretty\u00f3\u00fajfalu am 17. Februar wies Szijj\u00e1rt\u00f3 Behauptungen zur\u00fcck, wonach eine weitere, zuvor nicht angek\u00fcndigte Investition im Batteriebereich in Debrecen oder an einem anderen Ort im Komitat Hajd\u00fa-Bihar geplant sei.<\/p>\n\n\n\n<blockquote class=\"wp-block-quote is-layout-flow wp-block-quote-is-layout-flow\">\n<p class=\"wp-block-paragraph\">Er hatte zudem die Einwohner von Debrecen beschuldigt, im Zusammenhang mit Berichten \u00fcber weitere Entwicklungen in der Batterieindustrie in der Region falsche Informationen zu verbreiten.<\/p>\n<\/blockquote>\n\n\n\n<p class=\"wp-block-paragraph\">Zu diesem Zeitpunkt war Inpark jedoch bereits mit dem Bau der neuen Industriehalle besch\u00e4ftigt. Auf die Frage nach deren Verwendungszweck im Januar erkl\u00e4rte das staatliche Unternehmen lediglich, dass es moderne industrielle Infrastruktur f\u00fcr internationale Unternehmen bereitstellen und das Wirtschaftswachstum in der Region f\u00f6rdern werde. Es gab nicht \u00f6ffentlich bekannt, dass das Geb\u00e4ude f\u00fcr Aktivit\u00e4ten im Zusammenhang mit Batterien genutzt werden k\u00f6nnte.<\/p>\n\n\n\n<p class=\"has-text-align-center has-black-color has-electric-grass-gradient-background has-text-color has-background has-link-color wp-elements-1 wp-block-paragraph\"><strong>Bleiben Sie mit unserem \u201eHungary Weekly Briefing\u201c auf dem Laufenden:<\/strong> <strong><a href=\"https:\/\/substack.com\/@thehungaryinsider\" target=\"_blank\" rel=\"noopener\">Abonnieren Sie es auf Substack<\/a>!<\/strong><\/p>\n\n\n\n<h2 class=\"wp-block-heading\">Keine Zellproduktion, aber bis zu 85 Tonnen Sonderm\u00fcll<\/h2>\n\n\n\n<p class=\"wp-block-paragraph\">Im Rahmen des geplanten Betriebs w\u00fcrden keine Batteriezellen hergestellt. Den Umweltunterlagen zufolge w\u00fcrde GreenPower Energy die Verpackung von Batteriezellen, Modulen und Akkupacks anpassen, Montagearbeiten auf Modul- und Akkupack-Ebene durchf\u00fchren sowie Werkzeuge und Ausr\u00fcstung f\u00fcr die Produktionslinien herstellen und reparieren.<\/p>\n\n\n\n<p class=\"wp-block-paragraph\">In den Unterlagen wird betont, dass der elektrochemische Betrieb der Batterien in der Anlage nicht ver\u00e4ndert w\u00fcrde. Es w\u00fcrde keine Elektrodenherstellung, keine Handhabung von Elektrolyten und keine Produktion von Batteriezellen geben.<\/p>\n\n\n\n<blockquote class=\"wp-block-quote is-layout-flow wp-block-quote-is-layout-flow\">\n<p class=\"wp-block-paragraph\">Dennoch w\u00fcrden in der Anlage erhebliche Abfallmengen anfallen.<\/p>\n<\/blockquote>\n\n\n\n<p class=\"wp-block-paragraph\">Es wird erwartet, dass die Anlage j\u00e4hrlich etwa 2.000 bis 2.200 Tonnen nicht gef\u00e4hrlichen Abfalls produziert, der gr\u00f6\u00dftenteils aus Papier, Pappe, Kunststoff und Verpackungsmaterialien aus Holz sowie aus Metallabf\u00e4llen und defekten oder aussortierten Batterien besteht.<\/p>\n\n\n\n<p class=\"wp-block-paragraph\">Zudem wird davon ausgegangen, dass j\u00e4hrlich 80\u201385 Tonnen gef\u00e4hrlicher Abfall anfallen. Dazu z\u00e4hlen vor allem Klebstoffabf\u00e4lle, mit gef\u00e4hrlichen Stoffen kontaminierte Verpackungen, kontaminierte Bauteile und sonstige technische R\u00fcckst\u00e4nde. Batterieabf\u00e4lle w\u00fcrden von spezialisierten Entsorgungsunternehmen behandelt, bevor sie zur endg\u00fcltigen Entsorgung weitergeleitet werden.<\/p>\n\n\n\n<blockquote class=\"wp-block-quote is-layout-flow wp-block-quote-is-layout-flow\">\n<p class=\"has-black-color has-pale-ocean-gradient-background has-text-color has-background has-link-color wp-elements-2 wp-block-paragraph\"><strong>Falls Sie es verpasst haben: <a href=\"https:\/\/dailynewshungary.com\/de\/ursache-der-vergiftung-im-batteriewerk-in-debrecen-aufgedeckt-doch-es-gibt-auch-gute-nachrichten\/\/\">Ursache der Vergiftung im Batteriewerk in Debrecen aufgekl\u00e4rt \u2013 doch es gibt auch gute Nachrichten<\/a><\/strong><\/p>\n<\/blockquote>\n\n\n\n<h2 class=\"wp-block-heading\">Mehr als 100 Lkw pro Tag<\/h2>\n\n\n\n<p class=\"wp-block-paragraph\">In der Umweltvertr\u00e4glichkeitspr\u00fcfung wird zudem gesch\u00e4tzt, dass die Anlage zu einem erheblichen zus\u00e4tzlichen Verkehrsaufkommen f\u00fchren w\u00fcrde. Die Berechnungen ber\u00fccksichtigen einen erwarteten t\u00e4glichen Zuwachs von 124 Sattelz\u00fcgen, 52 Pkw und leichten Nutzfahrzeugen sowie 12 Bussen.<\/p>\n\n\n\n<p class=\"wp-block-paragraph\">Zwar w\u00e4re der Anstieg im Vergleich zum bestehenden Verkehrsaufkommen auf Hauptverkehrsstra\u00dfen wie der Autobahn M35 und den Stra\u00dfen 47 und 481 Berichten zufolge moderat, doch w\u00e4ren die Auswirkungen auf die Stra\u00dfen, die direkt zum Industriegel\u00e4nde f\u00fchren, erheblich gr\u00f6\u00dfer.<\/p>\n\n\n\n<p class=\"wp-block-paragraph\">Der Bewertung zufolge k\u00f6nnte sich der Schwerlastverkehr auf der Inpark-Zufahrtsstra\u00dfe und der Hermann-Konseder-Stra\u00dfe in etwa verdoppeln. Das Projekt durchl\u00e4uft nun das Umweltpr\u00fcfungsverfahren, einschlie\u00dflich einer \u00f6ffentlichen Anh\u00f6rung, bevor die Beh\u00f6rden die entsprechenden Entscheidungen treffen.<\/p>\n","protected":false},"excerpt":{"rendered":"<p>Eine Tochtergesellschaft von CATL beantragt die Genehmigung f\u00fcr eine neue Anlage zur Neuverpackung und NeuMontage von Batterien in Debrecen \u2013 Monate, nachdem P\u00e9ter Szijj\u00e1rt\u00f3 betont hatte, dass keine neuen Investitionen in die Batterieindustrie f\u00fcr die Stadt geplant seien. CATL-Tochtergesellschaft steht hinter der geplanten Anlage in Debrecen Laut dem lokalen Nachrichtenportal \u201eDebreciner\u201c k\u00f6nnte in Debrecen eine [&hellip;]<\/p>\n","protected":false},"author":62,"featured_media":792058,"comment_status":"open","ping_status":"open","sticky":false,"template":"","format":"standard","meta":{"_acf_changed":false,"_display_image":"yes","footnotes":"","_members_access_role":[],"_members_access_error":""},"categories":[1081],"tags":[4273,1116,1107,1343,4766,4736,4763,4691,1076],"class_list":["post-792057","post","type-post","status-publish","format-standard","has-post-thumbnail","hentry","category-politik","tag-ce","tag-debrecen","tag-gesundheit","tag-investitionen","tag-kategorie-ungarische-politik-2","tag-kategorie-wirtschaft-2","tag-kategorie-wirtschaft-in-ungarn-2","tag-orban-regierung-2","tag-ungarn"],"blocksy_meta":[],"acf":[],"author_username":"hmercedesz","telegram_post":"","public_post_metadata":{"breaking_news":"yes","important":"no","csempe":"yes","center_tile":"no","disable_thumbnail":"no","target_lang":"","_featured_image_style":"default","telegram_post":"","_xlat_group_id":"ad1a3844-c468-43e4-a5cb-871f7586f63c"},"public_rank_math_data":{"title":"%title% %sep% %sitename% \u201e","description":"","focus_keyword":"\u201c-Batterie","canonical_url":"","robots":"","primary_category":"1081","breadcrumb_title":"","facebook_title":"","facebook_description":"","facebook_image":"","facebook_image_id":"","twitter_title":"","twitter_description":"","twitter_image":"","twitter_image_id":"","twitter_card_type":"","twitter_use_facebook":"","advanced_robots":"","pillar_content":"","seo_score":"66","contentai_score":"","rich_snippet":""},"_links":{"self":[{"href":"https:\/\/dailynewshungary.com\/de\/wp-json\/wp\/v2\/posts\/792057","targetHints":{"allow":["GET"]}}],"collection":[{"href":"https:\/\/dailynewshungary.com\/de\/wp-json\/wp\/v2\/posts"}],"about":[{"href":"https:\/\/dailynewshungary.com\/de\/wp-json\/wp\/v2\/types\/post"}],"author":[{"embeddable":true,"href":"https:\/\/dailynewshungary.com\/de\/wp-json\/wp\/v2\/users\/62"}],"replies":[{"embeddable":true,"href":"https:\/\/dailynewshungary.com\/de\/wp-json\/wp\/v2\/comments?post=792057"}],"version-history":[{"count":1,"href":"https:\/\/dailynewshungary.com\/de\/wp-json\/wp\/v2\/posts\/792057\/revisions"}],"predecessor-version":[{"id":792063,"href":"https:\/\/dailynewshungary.com\/de\/wp-json\/wp\/v2\/posts\/792057\/revisions\/792063"}],"wp:featuredmedia":[{"embeddable":true,"href":"https:\/\/dailynewshungary.com\/de\/wp-json\/wp\/v2\/media\/792058"}],"wp:attachment":[{"href":"https:\/\/dailynewshungary.com\/de\/wp-json\/wp\/v2\/media?parent=792057"}],"wp:term":[{"taxonomy":"category","embeddable":true,"href":"https:\/\/dailynewshungary.com\/de\/wp-json\/wp\/v2\/categories?post=792057"},{"taxonomy":"post_tag","embeddable":true,"href":"https:\/\/dailynewshungary.com\/de\/wp-json\/wp\/v2\/tags?post=792057"}],"curies":[{"name":"wp","href":"https:\/\/api.w.org\/{rel}","templated":true}]}}