{"id":792064,"date":"2026-09-02T11:14:00","date_gmt":"2026-09-02T09:14:00","guid":{"rendered":"https:\/\/dailynewshungary.com\/de\/premierminister-magyar-kundigt-nach-treffen-mit-manfred-weber-den-nachsten-eu-schritt-der-tisza-partei-an\/"},"modified":"2026-09-02T13:41:17","modified_gmt":"2026-09-02T11:41:17","slug":"premierminister-magyar-kundigt-nach-treffen-mit-manfred-weber-den-nachsten-eu-schritt-der-tisza-partei-an","status":"publish","type":"post","link":"https:\/\/dailynewshungary.com\/de\/premierminister-magyar-kundigt-nach-treffen-mit-manfred-weber-den-nachsten-eu-schritt-der-tisza-partei-an\/","title":{"rendered":"Premierminister Magyar k\u00fcndigt nach Treffen mit Manfred Weber den n\u00e4chsten EU-Schritt der Tisza-Partei an"},"content":{"rendered":"\n<p class=\"wp-block-paragraph\"><strong>P\u00e9ter Magyar erkl\u00e4rt, dass die regierende Tisza-Partei Ungarns bereit sein werde, der Europ\u00e4ischen Volkspartei (EVP) beizutreten, sobald das Verfahren nach Artikel 7 der EU-Vertrags gegen Ungarn abgeschlossen sei.<\/strong><\/p>\n\n\n\n<p class=\"wp-block-paragraph\">Magyar, der nach dem Wahlsieg der Tisza-Partei im April zum ungarischen Ministerpr\u00e4sidenten ernannt wurde, gab dies nach einem Treffen mit Manfred Weber, dem Vorsitzenden der Europ\u00e4ischen Volkspartei, am Mittwoch in Budapest bekannt.<\/p>\n\n\n\n<p class=\"wp-block-paragraph\">Die beiden Politiker er\u00f6rterten, wie sich Ungarn seit der Wahl ver\u00e4ndert hat, wobei Magyar besonders hervorhob, was er als das Ende \u00f6ffentlich finanzierter \u201eHasskampagnen\u201c im Land bezeichnete.<\/p>\n\n\n\n<p class=\"wp-block-paragraph\"><a href=\"https:\/\/www.facebook.com\/peter.magyar.102\/posts\/pfbid02ixbMroU8dHNizZZ7yhiENtU1fHSdFUnG8zAvHNFto9XujFJGXGZPvuoZ1od9cmXrl\" target=\"_blank\" rel=\"noopener\">Laut Magyar<\/a> erkl\u00e4rte Weber, dass ihm die Unterst\u00fctzung Ungarns als bayerischer Politiker stets wichtig gewesen sei und dass er die Angriffe der fr\u00fcheren Regierung gegen ihn pers\u00f6nlich als belastend empfunden habe.<\/p>\n\n\n\n<iframe loading=\"lazy\" src=\"https:\/\/www.facebook.com\/plugins\/post.php?href=https%3A%2F%2Fwww.facebook.com%2Fpeter.magyar.102%2Fposts%2Fpfbid02ixbMroU8dHNizZZ7yhiENtU1fHSdFUnG8zAvHNFto9XujFJGXGZPvuoZ1od9cmXrl&#038;show_text=true&#038;width=500\" width=\"500\" height=\"755\" style=\"border:none;overflow:hidden\" scrolling=\"no\" frameborder=\"0\" allowfullscreen=\"true\" allow=\"autoplay; clipboard-write; encrypted-media; picture-in-picture; web-share\"><\/iframe>\n\n\n\n<h2 class=\"wp-block-heading\">Tisza strebt die Vollmitgliedschaft in der EVP an<\/h2>\n\n\n\n<p class=\"wp-block-paragraph\">Einer der politisch bedeutendsten Punkte des Treffens war die Ank\u00fcndigung von Magyar, dass Tisza beabsichtige, der Europ\u00e4ischen Volkspartei selbst beizutreten.<\/p>\n\n\n\n<p class=\"wp-block-paragraph\">Tisza ist zwar bereits seit 2024 Teil der EVP-Fraktion im Europ\u00e4ischen Parlament, doch die Mitgliedschaft in der \u00fcbergeordneten europ\u00e4ischen Parteifamilie w\u00fcrde einen weiteren Schritt in Richtung einer engeren Zusammenarbeit mit Europas gr\u00f6\u00dfter Mitte-Rechts-Parteifamilie darstellen.<\/p>\n\n\n\n<blockquote class=\"wp-block-quote is-layout-flow wp-block-quote-is-layout-flow\">\n<p class=\"wp-block-paragraph\">Magyar erkl\u00e4rte, Tisza werde der EVP \u201egerne beitreten\u201c, sobald die EU-Institutionen das gegen Ungarn eingeleitete Verfahren nach Artikel 7 abgeschlossen h\u00e4tten.<\/p>\n<\/blockquote>\n\n\n\n<p class=\"wp-block-paragraph\">Das Verfahren wurde 2018 vom Europ\u00e4ischen Parlament aufgrund von Bedenken hinsichtlich der Rechtsstaatlichkeit und anderer grundlegender EU-Werte eingeleitet. Es ist seit Jahren ungel\u00f6st.<\/p>\n\n\n\n<p class=\"wp-block-paragraph\">Die Frage der Beendigung des Verfahrens hat seit dem Machtantritt von Tisza erneut an Aufmerksamkeit gewonnen. Weber erkl\u00e4rte bereits im April, das Europ\u00e4ische Parlament solle Schritte zur Beendigung des Verfahrens unternehmen.<\/p>\n\n\n\n<iframe loading=\"lazy\" src=\"https:\/\/www.facebook.com\/plugins\/post.php?href=https%3A%2F%2Fwww.facebook.com%2Fmanfred.weber.en%2Fposts%2Fpfbid0KqiHFfjRYBDaT8EeTa6rBzjV8uQM7o2rQbitULt7Sng7S9evWnHqg3jkomULx8CDl&#038;show_text=true&#038;width=500\" width=\"500\" height=\"555\" style=\"border:none;overflow:hidden\" scrolling=\"no\" frameborder=\"0\" allowfullscreen=\"true\" allow=\"autoplay; clipboard-write; encrypted-media; picture-in-picture; web-share\"><\/iframe>\n\n\n\n<p class=\"has-text-align-center has-black-color has-electric-grass-gradient-background has-text-color has-background has-link-color wp-elements-1 wp-block-paragraph\"><strong>Bleiben Sie mit unserem \u201eHungary Weekly Briefing\u201c auf dem Laufenden:<\/strong> <strong><a href=\"https:\/\/substack.com\/@thehungaryinsider\" target=\"_blank\" rel=\"noopener\">Abonnieren Sie es auf Substack<\/a>!<\/strong><\/p>\n\n\n\n<h2 class=\"wp-block-heading\">Weber bietet Hilfe bei der t\u00e4glichen Geldstrafe in H\u00f6he von \u00fcber 1 Million Euro an<\/h2>\n\n\n\n<p class=\"wp-block-paragraph\">Im Mittelpunkt des Treffens stand zudem der seit Langem andauernde Streit zwischen Ungarn und der EU \u00fcber die Asyl- und Migrationspolitik des Landes.<\/p>\n\n\n\n<p class=\"wp-block-paragraph\">Magyar erkl\u00e4rte, Weber habe angeboten, bei der Suche nach einer L\u00f6sung zu helfen, die es Ungarn erm\u00f6glichen w\u00fcrde, die Zahlung der t\u00e4glichen Geldstrafe in H\u00f6he von 1 Million Euro einzustellen, die wegen der Nichteinhaltung der EU-Asylvorschriften zum Schutz der Au\u00dfengrenzen der Union verh\u00e4ngt worden war.<\/p>\n\n\n\n<p class=\"wp-block-paragraph\">Der ungarische Ministerpr\u00e4sident erkl\u00e4rte, er habe deutlich gemacht, dass das Land seine Grenzen weiterhin sch\u00fctzen werde. Er f\u00fcgte hinzu, die neue Regierung werde sich im Rahmen der Verhandlungen \u00fcber den n\u00e4chsten Siebenjahreshaushalt der EU daf\u00fcr einsetzen, dass die bereits gegen Ungarn verh\u00e4ngten Geldstrafen angerechnet werden.<\/p>\n\n\n\n<p class=\"wp-block-paragraph\">Der Streit geht auf ein Urteil des Gerichtshofs der Europ\u00e4ischen Union zur\u00fcck, in dem festgestellt wurde, dass Ungarn seinen Verpflichtungen gem\u00e4\u00df dem EU-Asylrecht nicht nachgekommen sei.<\/p>\n\n\n\n<blockquote class=\"wp-block-quote is-layout-flow wp-block-quote-is-layout-flow\">\n<p class=\"has-black-color has-pale-ocean-gradient-background has-text-color has-background has-link-color wp-elements-2 wp-block-paragraph\"><strong>Falls Sie es verpasst haben: <a href=\"https:\/\/dailynewshungary.com\/de\/auslieferung-des-ungarischen-mol-chefs-an-kroatien-peter-magyar-gibt-auf-dem-bled-forum-eine-kryptische-antwort\/\/\">Auslieferung des Chefs des ungarischen Unternehmens MOL an Kroatien? P\u00e9ter Magyar gibt auf dem Bleder Forum eine kryptische Antwort<\/a><\/strong><\/p>\n<\/blockquote>\n\n\n\n<h2 class=\"wp-block-heading\">\u201eKein Blankoscheck\u201c f\u00fcr Br\u00fcssel<\/h2>\n\n\n\n<p class=\"wp-block-paragraph\">Magyar betonte zudem, dass eine engere Zusammenarbeit mit der EU nicht bedeute, die Interessen Ungarns aufzugeben. Er erkl\u00e4rte, die Priorit\u00e4t der Tisza-Regierung werde weiterhin darin bestehen, die Interessen des ungarischen Volkes und der ungarischen Unternehmen zu vertreten, und f\u00fcgte hinzu, dass die Regierung niemandem einen \u201eBlankoscheck\u201c bei der Entscheidungsfindung in der EU ausstellen werde.<\/p>\n\n\n\n<p class=\"wp-block-paragraph\">Diese \u00c4u\u00dferungen erfolgen vor dem Hintergrund, dass sich Budapest auf die Verhandlungen \u00fcber den n\u00e4chsten Siebenjahreshaushalt der Union vorbereitet \u2013 eines der wichtigsten Themen, mit denen die neue ungarische Regierung konfrontiert ist.<\/p>\n\n\n\n<h2 class=\"wp-block-heading\">Ant\u00f3nio Costa steht als N\u00e4chstes auf Magyars Tagesordnung in Budapest<\/h2>\n\n\n\n<p class=\"wp-block-paragraph\">Das Treffen von Magyar mit Weber ist Teil einer ereignisreichen Woche der hochrangigen europ\u00e4ischen Diplomatie. Der ungarische Ministerpr\u00e4sident erkl\u00e4rte, er werde nach der Regierungssitzung am Mittwoch in Budapest <a href=\"https:\/\/dailynewshungary.com\/eu-council-antonio-costa-meets-magyar\/\">auch mit Ant\u00f3nio Costa<\/a>, dem Pr\u00e4sidenten des Europ\u00e4ischen Rates, zusammentreffen.<\/p>\n\n\n\n<p class=\"wp-block-paragraph\">Laut Magyar werden sich die Gespr\u00e4che mit Costa auf den neuen Siebenjahreshaushalt der EU und die Herausforderungen konzentrieren, denen sich Europa gegen\u00fcbersieht.<\/p>\n","protected":false},"excerpt":{"rendered":"<p>P\u00e9ter Magyar erkl\u00e4rt, dass die regierende Tisza-Partei Ungarns bereit sein werde, der Europ\u00e4ischen Volkspartei (EVP) beizutreten, sobald das Verfahren nach Artikel 7 der EU-Vertrags gegen Ungarn abgeschlossen sei. Magyar, der nach dem Wahlsieg der Tisza-Partei im April zum ungarischen Ministerpr\u00e4sidenten ernannt wurde, gab dies nach einem Treffen mit Manfred Weber, dem Vorsitzenden der Europ\u00e4ischen Volkspartei, [&hellip;]<\/p>\n","protected":false},"author":62,"featured_media":792065,"comment_status":"open","ping_status":"open","sticky":false,"template":"","format":"standard","meta":{"_acf_changed":false,"_display_image":"yes","footnotes":"","_members_access_role":[],"_members_access_error":""},"categories":[1081],"tags":[4273,1082,4961,4765,4797,4673,4719,1102,1076],"class_list":["post-792064","post","type-post","status-publish","format-standard","has-post-thumbnail","hentry","category-politik","tag-ce","tag-europaische-union","tag-evp","tag-kategorie-ausenpolitik-2","tag-kategorie-eu-beziehungen-3","tag-peter-magyar","tag-regierung-magyar","tag-ungarische-regierung","tag-ungarn"],"blocksy_meta":[],"acf":[],"author_username":"hmercedesz","telegram_post":"","public_post_metadata":{"breaking_news":"yes","important":"no","csempe":"yes","center_tile":"no","disable_thumbnail":"no","target_lang":"","_featured_image_style":"default","telegram_post":"","_xlat_group_id":"f1b07f5f-bdbf-4043-820f-01ee658fc3e6"},"public_rank_math_data":{"title":"%title% %sep% %sitename%","description":"","focus_keyword":"magyar","canonical_url":"","robots":"","primary_category":"1081","breadcrumb_title":"","facebook_title":"","facebook_description":"","facebook_image":"","facebook_image_id":"","twitter_title":"","twitter_description":"","twitter_image":"","twitter_image_id":"","twitter_card_type":"","twitter_use_facebook":"","advanced_robots":"","pillar_content":"","seo_score":"76","contentai_score":"","rich_snippet":""},"_links":{"self":[{"href":"https:\/\/dailynewshungary.com\/de\/wp-json\/wp\/v2\/posts\/792064","targetHints":{"allow":["GET"]}}],"collection":[{"href":"https:\/\/dailynewshungary.com\/de\/wp-json\/wp\/v2\/posts"}],"about":[{"href":"https:\/\/dailynewshungary.com\/de\/wp-json\/wp\/v2\/types\/post"}],"author":[{"embeddable":true,"href":"https:\/\/dailynewshungary.com\/de\/wp-json\/wp\/v2\/users\/62"}],"replies":[{"embeddable":true,"href":"https:\/\/dailynewshungary.com\/de\/wp-json\/wp\/v2\/comments?post=792064"}],"version-history":[{"count":1,"href":"https:\/\/dailynewshungary.com\/de\/wp-json\/wp\/v2\/posts\/792064\/revisions"}],"predecessor-version":[{"id":792067,"href":"https:\/\/dailynewshungary.com\/de\/wp-json\/wp\/v2\/posts\/792064\/revisions\/792067"}],"wp:featuredmedia":[{"embeddable":true,"href":"https:\/\/dailynewshungary.com\/de\/wp-json\/wp\/v2\/media\/792065"}],"wp:attachment":[{"href":"https:\/\/dailynewshungary.com\/de\/wp-json\/wp\/v2\/media?parent=792064"}],"wp:term":[{"taxonomy":"category","embeddable":true,"href":"https:\/\/dailynewshungary.com\/de\/wp-json\/wp\/v2\/categories?post=792064"},{"taxonomy":"post_tag","embeddable":true,"href":"https:\/\/dailynewshungary.com\/de\/wp-json\/wp\/v2\/tags?post=792064"}],"curies":[{"name":"wp","href":"https:\/\/api.w.org\/{rel}","templated":true}]}}