{"id":792068,"date":"2026-09-02T12:34:00","date_gmt":"2026-09-02T10:34:00","guid":{"rendered":"https:\/\/dailynewshungary.com\/de\/mitarbeiter-einer-schulkantine-stahlen-in-ungarn-fur-kinder-bestimmte-lebensmittel-burgermeister-erwischte-sie-auf-frischer-tat-video\/"},"modified":"2026-09-02T15:12:11","modified_gmt":"2026-09-02T13:12:11","slug":"mitarbeiter-einer-schulkantine-stahlen-in-ungarn-fur-kinder-bestimmte-lebensmittel-burgermeister-erwischte-sie-auf-frischer-tat-video","status":"publish","type":"post","link":"https:\/\/dailynewshungary.com\/de\/mitarbeiter-einer-schulkantine-stahlen-in-ungarn-fur-kinder-bestimmte-lebensmittel-burgermeister-erwischte-sie-auf-frischer-tat-video\/","title":{"rendered":"Mitarbeiter einer Schulkantine stahlen in Ungarn f\u00fcr Kinder bestimmte Lebensmittel \u2013 B\u00fcrgermeister erwischte sie auf frischer Tat \u2014 Video"},"content":{"rendered":"\n<p class=\"wp-block-paragraph\"><strong>Vier K\u00fcchenmitarbeiter einer Grundschule in Gy\u00f6mr\u0151, Ungarn, wurden Berichten zufolge mit gro\u00dfen Mengen an Lebensmitteln erwischt, die f\u00fcr die Sch\u00fcler bestimmt waren, nachdem der B\u00fcrgermeister der Stadt sie auf dem Schulparkplatz angehalten hatte. B\u00fcrgermeister Szabolcs Kisberk rief die Polizei, und es wurde eine Untersuchung des Falls eingeleitet.<\/strong><\/p>\n\n\n\n<p class=\"wp-block-paragraph\">Kisberk, der B\u00fcrgermeister von Gy\u00f6mr\u0151, berichtete in den sozialen Medien \u00fcber den Vorfall und ver\u00f6ffentlichte zudem Videoaufnahmen des Geschehens. Seinen Angaben zufolge ereignete sich der Vorfall am ersten Tag des neuen Schuljahres, als sich die vier K\u00fcchenmitarbeiter angeblich etwa eine Stunde vor Ende ihrer offiziellen Arbeitszeit darauf vorbereiteten, das Schulgel\u00e4nde zu verlassen.<\/p>\n\n\n\n<h2 class=\"wp-block-heading\">Berichten zufolge verlie\u00dfen sie das Gel\u00e4nde mit T\u00fcten voller Lebensmittel<\/h2>\n\n\n\n<p class=\"wp-block-paragraph\">Dem Bericht des B\u00fcrgermeisters zufolge hielt er die vier Mitarbeiter auf dem Schulparkplatz an und bat sie, ihm zu zeigen, was sie in ihren Taschen mitf\u00fchrten. Eine \u00dcberpr\u00fcfung ergab Berichten zufolge erhebliche Mengen an Lebensmitteln, die f\u00fcr die Schulverpflegung bestimmt waren.<\/p>\n\n\n\n<p class=\"wp-block-paragraph\">Ein besonders auff\u00e4lliges Detail war, dass die Lebensmittel dem Bericht zufolge gleichm\u00e4\u00dfig unter den vier Mitarbeitern aufgeteilt worden waren. Der B\u00fcrgermeister erkl\u00e4rte, es handele sich hierbei nicht lediglich um Essensreste, die K\u00fcchenmitarbeiter normalerweise mit nach Hause nehmen d\u00fcrften, sondern um Zutaten, die f\u00fcr die Verpflegung der Sch\u00fcler bestimmt waren, berichtet <a href=\"https:\/\/444.hu\/2026\/09\/02\/szemelyesen-kapta-el-a-gyomroi-polgarmester-az-iskolai-menzarol-lopo-konyhas-neniket-6-kilo-sajtbol-09-maradt-a-gyerekeknek\" target=\"_blank\" rel=\"noopener\">444.hu<\/a>.<\/p>\n\n\n\n<h2 class=\"wp-block-heading\">Von sechs Kilogramm geriebenem K\u00e4se blieben angeblich nur 900 Gramm f\u00fcr die Sch\u00fcler \u00fcbrig<\/h2>\n\n\n\n<p class=\"wp-block-paragraph\">Eine der gr\u00f6\u00dften Mengen betraf Berichten zufolge geriebenen K\u00e4se. Laut dem vom B\u00fcrgermeister ver\u00f6ffentlichten Bericht standen der K\u00fcche sechs Kilogramm zur Verf\u00fcgung, von denen angeblich 5,1 Kilogramm in die Taschen der Mitarbeiter gepackt worden waren. Damit w\u00e4ren nur noch 900 Gramm f\u00fcr mehrere hundert Sch\u00fcler \u00fcbrig geblieben.<\/p>\n\n\n\n<p class=\"wp-block-paragraph\">Berichten zufolge stand die gleiche Menge an Schinken in Scheiben zur Verf\u00fcgung. Von den sechs Kilogramm nahmen die Mitarbeiter angeblich 3,5 Kilogramm mit, sodass 2,5 Kilogramm f\u00fcr die Kinder \u00fcbrig blieben. Dem Bericht zufolge wurden auch die sechs Kilogramm Margarine zu gleichen Teilen zwischen den Mitarbeitern und den Vorr\u00e4ten der Schulk\u00fcche f\u00fcr die Sch\u00fcler aufgeteilt.<\/p>\n\n\n\n<iframe loading=\"lazy\" src=\"https:\/\/www.facebook.com\/plugins\/post.php?href=https%3A%2F%2Fwww.facebook.com%2Fgyomro.varos.onkormanyzata%2Fposts%2Fpfbid08GQ39sNnrEAb7DyfoQAypaxswsh8qpuPsTLHnMBpAur49rZvSb9mAm1Mm1oNbA1ol&#038;show_text=true&#038;width=500\" width=\"500\" height=\"703\" style=\"border:none;overflow:hidden\" scrolling=\"no\" frameborder=\"0\" allowfullscreen=\"true\" allow=\"autoplay; clipboard-write; encrypted-media; picture-in-picture; web-share\"><\/iframe>\n\n\n\n<h2 class=\"wp-block-heading\">Au\u00dferdem wurden Gem\u00fcse, Obst und Fertiggerichte gefunden<\/h2>\n\n\n\n<p class=\"wp-block-paragraph\">Die angeblich entwendeten Lebensmittel beschr\u00e4nkten sich nicht auf Zutaten f\u00fcr Sandwiches. Nach Angaben des B\u00fcrgermeisters befanden sich unter den gefundenen Gegenst\u00e4nden auch fast drei Kilogramm gr\u00fcne Paprika und f\u00fcnf Kilogramm Pfirsiche.<\/p>\n\n\n\n<p class=\"wp-block-paragraph\">Die Liste umfasste zudem Backerbsen, mehrere fertige Sandwiches, Portionen gekochter Speisen und eine Di\u00e4tmahlzeit. Der B\u00fcrgermeister berichtete ferner, dass mehrere Kilogramm gekochte Beilagen in einem der K\u00fchlschr\u00e4nke versteckt worden waren.<\/p>\n\n\n\n<p class=\"has-text-align-center has-black-color has-electric-grass-gradient-background has-text-color has-background has-link-color wp-elements-1 wp-block-paragraph\"><strong>Bleiben Sie mit unserem \u201eHungary Weekly Briefing\u201c auf dem Laufenden:<\/strong> <strong><a href=\"https:\/\/substack.com\/@thehungaryinsider\" target=\"_blank\" rel=\"noopener\">Abonnieren Sie es auf Substack<\/a>!<\/strong><\/p>\n\n\n\n<h2 class=\"wp-block-heading\">Die Polizei wurde zum Tatort gerufen<\/h2>\n\n\n\n<p class=\"wp-block-paragraph\">Nach dem Vorfall wandte sich Kisberk an die Polizei. Berichten zufolge trafen Beamte der Polizeidienststelle Monor am Tatort ein und ergriffen Ma\u00dfnahmen. Dem ver\u00f6ffentlichten Bericht zufolge gaben alle vier Mitarbeiter w\u00e4hrend des Polizeieinsatzes die mutma\u00dfliche Straftat zu. Die Polizei des Komitats Pest hat best\u00e4tigt, dass im Zusammenhang mit dem Fall tats\u00e4chlich Ermittlungen laufen.<\/p>\n\n\n\n<p class=\"wp-block-paragraph\">Da das Strafverfahren jedoch noch l\u00e4uft, k\u00f6nnen die vier Beteiligten zum gegenw\u00e4rtigen Zeitpunkt rechtlich nicht als verurteilte Straft\u00e4ter betrachtet werden. \u00dcber ihre strafrechtliche Verantwortung wird letztendlich im Rahmen des entsprechenden Gerichtsverfahrens entschieden.<\/p>\n\n\n\n<p class=\"wp-block-paragraph\">Laut der Erkl\u00e4rung des B\u00fcrgermeisters wurde das Arbeitsverh\u00e4ltnis aller vier K\u00fcchenmitarbeiter nach dem Vorfall beendet. Er erkl\u00e4rte, sie seien im Rahmen eines Disziplinarverfahrens mit sofortiger Wirkung entlassen worden. Der Fall hat besondere Aufmerksamkeit erregt, da die in der Schulverpflegung verwendeten Lebensmittel speziell f\u00fcr die Verpflegung der Sch\u00fcler bestimmt sind und die Eltern zudem einen Beitrag zu den Kosten der Schulmahlzeiten leisten.<\/p>\n\n\n\n<h2 class=\"wp-block-heading\">Emp\u00f6rte Eltern und Anwohner<\/h2>\n\n\n\n<p class=\"wp-block-paragraph\">Der Vorfall hat Berichten zufolge bei Eltern und Anwohnern in Gy\u00f6mr\u0151 erhebliche Emp\u00f6rung ausgel\u00f6st. Den nach dem Vorfall ver\u00f6ffentlichten Berichten zufolge haben einige Eltern die Frage aufgeworfen, ob es bereits zuvor zu \u00e4hnlichen Verlusten gekommen sein k\u00f6nnte und ob solche Praktiken Auswirkungen auf die den Kindern servierten Portionen gehabt haben k\u00f6nnten.<\/p>\n\n\n\n<p class=\"wp-block-paragraph\">Derzeit gibt es jedoch in den verf\u00fcgbaren Quellen keine gesicherten Belege daf\u00fcr, dass sich \u00e4hnliche Vorf\u00e4lle in den vergangenen Jahren ereignet haben. Allein anhand des aktuellen Falls l\u00e4sst sich nicht nachweisen, dass es sich um eine seit Langem bestehende Praxis handelte.<\/p>\n\n\n\n<p class=\"has-black-color has-very-light-gray-to-cyan-bluish-gray-gradient-background has-text-color has-background has-link-color wp-elements-2 wp-block-paragraph\"><strong>Falls Sie es verpasst haben: <a href=\"https:\/\/dailynewshungary.com\/de\/polizei-funf-manner-wurden-in-ungarn-jahrelang-geschlagen-und-als-moderne-sklaven-gehalten\/\/\">Polizei berichtet, dass f\u00fcnf M\u00e4nner in Ungarn jahrelang geschlagen und als moderne Sklaven gehalten wurden<\/a><\/strong><\/p>\n\n\n\n<h2 class=\"wp-block-heading\">Strengere Kontrollen geplant<\/h2>\n\n\n\n<p class=\"wp-block-paragraph\">Nach dem Vorfall erkl\u00e4rte der B\u00fcrgermeister, die Kommunalverwaltung werde strengere Kontrollen in den K\u00fcchen kommunaler Einrichtungen einf\u00fchren. Zu den geplanten Ma\u00dfnahmen geh\u00f6ren Berichten zufolge eine genauere \u00dcberwachung der Lebensmittelvorr\u00e4te und eine strengere Nachverfolgung der in der Schulverpflegung verwendeten Zutaten.<\/p>\n\n\n\n<p class=\"wp-block-paragraph\">Die polizeilichen Ermittlungen dauern an, und die genauen rechtlichen Umst\u00e4nde sowie die Verantwortung der Beteiligten werden vom Ausgang des Verfahrens abh\u00e4ngen.<\/p>\n\n\n\n<p class=\"has-black-color has-very-light-gray-to-cyan-bluish-gray-gradient-background has-text-color has-background has-link-color wp-elements-3 wp-block-paragraph\"><strong>Lesen Sie auch: <a href=\"https:\/\/dailynewshungary.com\/de\/polizeiflugzeuge-entdecken-in-ungarn-einen-gesuchten-mann-der-sich-im-wald-versteckt-sowie-einen-suizidgefahrdeten-vermissten-in-einem-maisfeld\/\/\">Polizeiflugzeug entdeckt in Ungarn einen gesuchten Mann, der sich in einem Waldgebiet versteckt, sowie einen suizidgef\u00e4hrdeten Vermissten in einem Maisfeld<\/a><\/strong><\/p>\n","protected":false},"excerpt":{"rendered":"<p>Vier K\u00fcchenmitarbeiter einer Grundschule in Gy\u00f6mr\u0151, Ungarn, wurden Berichten zufolge mit gro\u00dfen Mengen an Lebensmitteln erwischt, die f\u00fcr die Sch\u00fcler bestimmt waren, nachdem der B\u00fcrgermeister der Stadt sie auf dem Schulparkplatz angehalten hatte. B\u00fcrgermeister Szabolcs Kisberk rief die Polizei, und es wurde eine Untersuchung des Falls eingeleitet. Kisberk, der B\u00fcrgermeister von Gy\u00f6mr\u0151, berichtete in den [&hellip;]<\/p>\n","protected":false},"author":91,"featured_media":792069,"comment_status":"open","ping_status":"open","sticky":false,"template":"","format":"standard","meta":{"_acf_changed":false,"_display_image":"yes","footnotes":"","_members_access_role":[],"_members_access_error":""},"categories":[4400],"tags":[4273,1473,4458,4591,4585,1502,1163,1076],"class_list":["post-792068","post","type-post","status-publish","format-standard","has-post-thumbnail","hentry","category-kriminalitat","tag-ce","tag-essen","tag-kategorie-alltag","tag-kategorie-bildung","tag-kategorie-leben-in-ungarn","tag-kinder","tag-ungarische-polizei","tag-ungarn"],"blocksy_meta":[],"acf":[],"author_username":"api","telegram_post":"","public_post_metadata":{"breaking_news":"yes","important":"no","csempe":"yes","center_tile":"no","disable_thumbnail":"no","target_lang":"","_featured_image_style":"default","telegram_post":"","_xlat_group_id":"ff0d8f9c-8edf-47fc-9a35-7171c8beaa36"},"public_rank_math_data":{"title":"%title% %sep% %sitename%","description":"","focus_keyword":"food","canonical_url":"","robots":"","primary_category":"4400","breadcrumb_title":"","facebook_title":"","facebook_description":"","facebook_image":"","facebook_image_id":"","twitter_title":"","twitter_description":"","twitter_image":"","twitter_image_id":"","twitter_card_type":"","twitter_use_facebook":"","advanced_robots":"","pillar_content":"","seo_score":"18","contentai_score":"","rich_snippet":""},"_links":{"self":[{"href":"https:\/\/dailynewshungary.com\/de\/wp-json\/wp\/v2\/posts\/792068","targetHints":{"allow":["GET"]}}],"collection":[{"href":"https:\/\/dailynewshungary.com\/de\/wp-json\/wp\/v2\/posts"}],"about":[{"href":"https:\/\/dailynewshungary.com\/de\/wp-json\/wp\/v2\/types\/post"}],"author":[{"embeddable":true,"href":"https:\/\/dailynewshungary.com\/de\/wp-json\/wp\/v2\/users\/91"}],"replies":[{"embeddable":true,"href":"https:\/\/dailynewshungary.com\/de\/wp-json\/wp\/v2\/comments?post=792068"}],"version-history":[{"count":1,"href":"https:\/\/dailynewshungary.com\/de\/wp-json\/wp\/v2\/posts\/792068\/revisions"}],"predecessor-version":[{"id":792071,"href":"https:\/\/dailynewshungary.com\/de\/wp-json\/wp\/v2\/posts\/792068\/revisions\/792071"}],"wp:featuredmedia":[{"embeddable":true,"href":"https:\/\/dailynewshungary.com\/de\/wp-json\/wp\/v2\/media\/792069"}],"wp:attachment":[{"href":"https:\/\/dailynewshungary.com\/de\/wp-json\/wp\/v2\/media?parent=792068"}],"wp:term":[{"taxonomy":"category","embeddable":true,"href":"https:\/\/dailynewshungary.com\/de\/wp-json\/wp\/v2\/categories?post=792068"},{"taxonomy":"post_tag","embeddable":true,"href":"https:\/\/dailynewshungary.com\/de\/wp-json\/wp\/v2\/tags?post=792068"}],"curies":[{"name":"wp","href":"https:\/\/api.w.org\/{rel}","templated":true}]}}