{"id":792072,"date":"2026-09-02T13:54:00","date_gmt":"2026-09-02T11:54:00","guid":{"rendered":"https:\/\/dailynewshungary.com\/de\/eilmeldung-ungarn-blockiert-erneut-den-eu-beitritt-der-ukraine-das-sind-die-forderungen-budapests\/"},"modified":"2026-09-02T16:29:16","modified_gmt":"2026-09-02T14:29:16","slug":"eilmeldung-ungarn-blockiert-erneut-den-eu-beitritt-der-ukraine-das-sind-die-forderungen-budapests","status":"publish","type":"post","link":"https:\/\/dailynewshungary.com\/de\/eilmeldung-ungarn-blockiert-erneut-den-eu-beitritt-der-ukraine-das-sind-die-forderungen-budapests\/","title":{"rendered":"EILMELDUNG: Ungarn blockiert erneut den EU-Beitritt der Ukraine \u2013 Das sind die Forderungen Budapests"},"content":{"rendered":"\n<p class=\"wp-block-paragraph\"><strong>Ungarn hat den EU-Beitrittsprozess der Ukraine zum dritten Mal blockiert; die Regierung erkl\u00e4rte, sie werde ihren Einspruch nur dann aufheben, wenn Kiew Fortschritte bei den Rechten der ungarischen Minderheit im Land erzielt.<\/strong><\/p>\n\n\n\n<p class=\"wp-block-paragraph\">Der j\u00fcngste Streit entstand in der Arbeitsgruppe des Europ\u00e4ischen Rates f\u00fcr Erweiterung und Beitrittsverhandlungen (COELA), die am Dienstag, dem 1. September, ihre erste Sitzung nach der Sommerpause abhielt.<\/p>\n\n\n\n<p class=\"wp-block-paragraph\">Laut <a href=\"https:\/\/www.pravda.com.ua\/eng\/news\/2026\/09\/01\/8051374\/\" target=\"_blank\" rel=\"noopener\">\u201eUkrainska Pravda\u201c<\/a>, die sich auf Quellen von \u201eEuropean Pravda\u201c in Br\u00fcssel beruft, weigerte sich Ungarn, die Ergebnisse der Vorabpr\u00fcfung f\u00fcr den zweiten und dritten Verhandlungsblock der Ukraine zu genehmigen. Ohne die einstimmige Unterst\u00fctzung aller 27 EU-Mitgliedstaaten kann der Rat die formelle Er\u00f6ffnung dieser Verhandlungsbl\u00f6cke nicht vorantreiben.<\/p>\n\n\n\n<h2 class=\"wp-block-heading\">Budapest verkn\u00fcpft seine Haltung mit den Minderheitenrechten<\/h2>\n\n\n\n<p class=\"wp-block-paragraph\">Die ungarische Regierung hat erkl\u00e4rt, dass sie weitere Fortschritte bei den Beitrittsverhandlungen der Ukraine erst dann unterst\u00fctzen werde, wenn Kiew die Ma\u00dfnahmen ergreife, die Budapest f\u00fcr notwendig erachtet, um seinen Verpflichtungen hinsichtlich der Rechte nationaler Minderheiten nachzukommen.<\/p>\n\n\n\n<p class=\"wp-block-paragraph\">Das Thema ist besonders heikel, da in der Ukraine in der Region Transkarpatien nahe der ungarischen Ostgrenze eine betr\u00e4chtliche ungarische Volksgruppe lebt.<\/p>\n\n\n\n<p class=\"wp-block-paragraph\">Der ungarische Ministerpr\u00e4sident P\u00e9ter Magyar hat bisher einen etwas anderen Ansatz gegen\u00fcber der Ukraine verfolgt als sein Vorg\u00e4nger Viktor Orb\u00e1n. Im Juni erzielten Magyar und die Ukraine eine Vereinbarung, die der ungarische Regierungschef als <a href=\"https:\/\/dailynewshungary.com\/de\/peter-magyar-verkundet-wichtige-neuigkeiten-umfassende-einigung-mit-der-ukraine-veto-gegen-den-eu-beitritt-der-ukraine-konnte-aufgehoben-werden\/\/\">\u201ehistorisches Abkommen\u201c<\/a> bezeichnete und die darauf abzielt, die Rechte der ungarischen Gemeinschaft in Transkarpatien in den Bereichen Bildung, Kultur, Sprache und Politik zu gew\u00e4hrleisten.<\/p>\n\n\n\n<p class=\"wp-block-paragraph\">Trotz dieser Vereinbarung hat Budapest weiterhin Einw\u00e4nde gegen mehrere Phasen des EU-Beitrittsprozesses der Ukraine erhoben.<\/p>\n\n\n\n<blockquote class=\"wp-block-quote is-layout-flow wp-block-quote-is-layout-flow\">\n<p class=\"has-black-color has-pale-ocean-gradient-background has-text-color has-background has-link-color wp-elements-1 wp-block-paragraph\"><strong>Falls Sie es verpasst haben: <a href=\"https:\/\/dailynewshungary.com\/de\/peter-magyar-verkundet-wichtige-neuigkeiten-umfassende-einigung-mit-der-ukraine-veto-gegen-den-eu-beitritt-der-ukraine-konnte-aufgehoben-werden\/\/\">P\u00e9ter Magyar verk\u00fcndet eine wichtige Neuigkeit: Umfassendes Abkommen mit der Ukraine geschlossen \u2013 Veto gegen den EU-Beitritt der Ukraine k\u00f6nnte aufgehoben werden<\/a><\/strong><\/p>\n<\/blockquote>\n\n\n\n<h2 class=\"wp-block-heading\">Welche beiden Bereiche blockiert Ungarn?<\/h2>\n\n\n\n<p class=\"wp-block-paragraph\">Der j\u00fcngste Einwand Ungarns betrifft Cluster 2, der den EU-Binnenmarkt abdeckt, sowie Cluster 3, der sich mit Wettbewerbsf\u00e4higkeit und inklusivem Wachstum befasst. Ungarn hatte zuvor die technischen Vorbereitungen f\u00fcr die Cluster 2 bis 6 der Ukraine blockiert. Anschlie\u00dfend hob es seinen Einwand gegen Cluster 6 auf, der die Au\u00dfen- und Sicherheitspolitik, die Handelspolitik sowie die Beziehungen zu Drittl\u00e4ndern umfasst.<\/p>\n\n\n\n<p class=\"wp-block-paragraph\">Im Juli sprach sich Ungarn zudem f\u00fcr die Weiterf\u00fchrung von Cluster 3 f\u00fcr Moldawien aus. Die meisten EU-Mitgliedstaaten, angef\u00fchrt von Irland, das derzeit den rotierenden Vorsitz im Rat der EU innehat, lehnten jedoch eine Trennung der Beitrittsprozesse von Moldawien und der Ukraine ab. Infolgedessen erzielten beide L\u00e4nder zu diesem Zeitpunkt keine Fortschritte in dieser Angelegenheit.<\/p>\n\n\n\n<p class=\"wp-block-paragraph\">Die n\u00e4chste COELA-Sitzung ist f\u00fcr Mittwoch, den 2. September, angesetzt, obwohl die Ukraine und Moldawien Berichten zufolge nicht auf der Tagesordnung stehen, wie <a href=\"https:\/\/www.kyivpost.com\/post\/83522\" target=\"_blank\" rel=\"noopener\">die \u201eKyiv Post\u201c berichtet<\/a>.<\/p>\n\n\n\n<h2 class=\"wp-block-heading\">Die Beitrittsverhandlungen der Ukraine gestalten sich weiterhin kompliziert<\/h2>\n\n\n\n<p class=\"wp-block-paragraph\">Die Ukraine hat ihre EU-Beitrittsverhandlungen im Jahr 2024 offiziell aufgenommen, doch die Er\u00f6ffnung einzelner Verhandlungskapitel erfordert die einstimmige Zustimmung der Mitgliedstaaten der Union. Dies verschafft Ungarn erheblichen Einfluss auf den Prozess.<\/p>\n\n\n\n<blockquote class=\"wp-block-quote is-layout-flow wp-block-quote-is-layout-flow\">\n<p class=\"wp-block-paragraph\">Die j\u00fcngste Blockade trat ein, nachdem die EU-Regierungen am 15. Juni den ersten Verhandlungskomplex \u2013 \u201eGrundlagen\u201c \u2013 f\u00fcr die Ukraine und Moldawien offiziell er\u00f6ffnet hatten.<\/p>\n<\/blockquote>\n\n\n\n<p class=\"wp-block-paragraph\">Unter der vorherigen Regierung hatte sich Viktor Orb\u00e1n wiederholt gegen eine EU-Mitgliedschaft der Ukraine ausgesprochen und Bedenken hinsichtlich der Rechte der ungarischen Minderheit als einen der Gr\u00fcnde f\u00fcr seine Haltung angef\u00fchrt. Seine Regierung hatte zudem die Er\u00f6ffnung des ersten Verhandlungsblocks jahrelang verz\u00f6gert.<\/p>\n\n\n\n<p class=\"wp-block-paragraph\">Der Wandel in der Haltung Budapests unter Magyar ist daher bemerkenswert, auch wenn er die Einw\u00e4nde Ungarns gegen den Beitrittsprozess der Ukraine nicht ausger\u00e4umt hat.<\/p>\n\n\n\n<p class=\"has-text-align-center has-black-color has-electric-grass-gradient-background has-text-color has-background has-link-color wp-elements-2 wp-block-paragraph\"><strong>Bleiben Sie mit unserem \u201eHungary Weekly Briefing\u201c auf dem Laufenden:<\/strong> <strong><a href=\"https:\/\/substack.com\/@thehungaryinsider\" target=\"_blank\" rel=\"noopener\">Abonnieren Sie es auf Substack<\/a>!<\/strong><\/p>\n\n\n\n<h2 class=\"wp-block-heading\">Budapest erkl\u00e4rt, dass es nicht m\u00f6chte, dass alle Cluster auf einmal ge\u00f6ffnet werden<\/h2>\n\n\n\n<p class=\"wp-block-paragraph\">Magyar hat zuvor argumentiert, dass die Beitrittsverhandlungen der Ukraine schrittweise voranschreiten sollten, anstatt alle sechs Cluster gleichzeitig zu \u00f6ffnen.<\/p>\n\n\n\n<p class=\"wp-block-paragraph\">\u201eEs gibt insgesamt sechs Bereiche, und wir halten es nicht f\u00fcr eine gute Idee, sie alle auf einmal zu \u00f6ffnen\u201c, sagte er im Juni und argumentierte, dass der Prozess auch die L\u00e4nder des Westbalkans ber\u00fccksichtigen sollte, die seit Jahren auf den EU-Beitritt hinarbeiten.<\/p>\n\n\n\n<p class=\"wp-block-paragraph\">F\u00fcr Kiew ist jedoch jede Verz\u00f6gerung von gro\u00dfer Bedeutung, da es bestrebt ist, im langwierigen Beitrittsprozess voranzukommen und das Land der EU-Mitgliedschaft n\u00e4herzubringen.<\/p>\n","protected":false},"excerpt":{"rendered":"<p>Ungarn hat den EU-Beitrittsprozess der Ukraine zum dritten Mal blockiert; die Regierung erkl\u00e4rte, sie werde ihren Einspruch nur dann aufheben, wenn Kiew Fortschritte bei den Rechten der ungarischen Minderheit im Land erzielt. Der j\u00fcngste Streit entstand in der Arbeitsgruppe des Europ\u00e4ischen Rates f\u00fcr Erweiterung und Beitrittsverhandlungen (COELA), die am Dienstag, dem 1. September, ihre erste [&hellip;]<\/p>\n","protected":false},"author":62,"featured_media":792073,"comment_status":"open","ping_status":"open","sticky":false,"template":"","format":"standard","meta":{"_acf_changed":false,"_display_image":"yes","footnotes":"","_members_access_role":[],"_members_access_error":""},"categories":[1081],"tags":[4273,1082,4564,4563,4683,4673,1092,1102,1076],"class_list":["post-792072","post","type-post","status-publish","format-standard","has-post-thumbnail","hentry","category-politik","tag-ce","tag-europaische-union","tag-kategorie-ausenpolitik","tag-kategorie-eu-beziehungen","tag-magyar-regierung","tag-peter-magyar","tag-ukraine","tag-ungarische-regierung","tag-ungarn"],"blocksy_meta":[],"acf":[],"author_username":"hmercedesz","telegram_post":"","public_post_metadata":{"breaking_news":"yes","important":"yes","csempe":"yes","center_tile":"no","disable_thumbnail":"no","target_lang":"","_featured_image_style":"default","telegram_post":"","_xlat_group_id":"507ea3c6-e52c-4e8c-a50e-8b4537744502"},"public_rank_math_data":{"title":"%title% %sep% %sitename%","description":"","focus_keyword":"ukraine","canonical_url":"","robots":"","primary_category":"1081","breadcrumb_title":"","facebook_title":"","facebook_description":"","facebook_image":"","facebook_image_id":"","twitter_title":"","twitter_description":"","twitter_image":"","twitter_image_id":"","twitter_card_type":"","twitter_use_facebook":"","advanced_robots":"","pillar_content":"","seo_score":"70","contentai_score":"","rich_snippet":""},"_links":{"self":[{"href":"https:\/\/dailynewshungary.com\/de\/wp-json\/wp\/v2\/posts\/792072","targetHints":{"allow":["GET"]}}],"collection":[{"href":"https:\/\/dailynewshungary.com\/de\/wp-json\/wp\/v2\/posts"}],"about":[{"href":"https:\/\/dailynewshungary.com\/de\/wp-json\/wp\/v2\/types\/post"}],"author":[{"embeddable":true,"href":"https:\/\/dailynewshungary.com\/de\/wp-json\/wp\/v2\/users\/62"}],"replies":[{"embeddable":true,"href":"https:\/\/dailynewshungary.com\/de\/wp-json\/wp\/v2\/comments?post=792072"}],"version-history":[{"count":1,"href":"https:\/\/dailynewshungary.com\/de\/wp-json\/wp\/v2\/posts\/792072\/revisions"}],"predecessor-version":[{"id":792075,"href":"https:\/\/dailynewshungary.com\/de\/wp-json\/wp\/v2\/posts\/792072\/revisions\/792075"}],"wp:featuredmedia":[{"embeddable":true,"href":"https:\/\/dailynewshungary.com\/de\/wp-json\/wp\/v2\/media\/792073"}],"wp:attachment":[{"href":"https:\/\/dailynewshungary.com\/de\/wp-json\/wp\/v2\/media?parent=792072"}],"wp:term":[{"taxonomy":"category","embeddable":true,"href":"https:\/\/dailynewshungary.com\/de\/wp-json\/wp\/v2\/categories?post=792072"},{"taxonomy":"post_tag","embeddable":true,"href":"https:\/\/dailynewshungary.com\/de\/wp-json\/wp\/v2\/tags?post=792072"}],"curies":[{"name":"wp","href":"https:\/\/api.w.org\/{rel}","templated":true}]}}