{"id":792076,"date":"2026-09-02T15:14:00","date_gmt":"2026-09-02T13:14:00","guid":{"rendered":"https:\/\/dailynewshungary.com\/de\/ungarn-verurteilt-russlands-ernsthafte-bedrohung-nach-mutmaslichem-drohnenanschlag-in-deutschland\/"},"modified":"2026-09-02T15:14:00","modified_gmt":"2026-09-02T13:14:00","slug":"ungarn-verurteilt-russlands-ernsthafte-bedrohung-nach-mutmaslichem-drohnenanschlag-in-deutschland","status":"publish","type":"post","link":"https:\/\/dailynewshungary.com\/de\/ungarn-verurteilt-russlands-ernsthafte-bedrohung-nach-mutmaslichem-drohnenanschlag-in-deutschland\/","title":{"rendered":"Ungarn verurteilt Russlands \u201eernsthafte Bedrohung\u201c nach mutma\u00dflichem Drohnenanschlag in Deutschland"},"content":{"rendered":"\n<p class=\"wp-block-paragraph\"><strong>Ungarn hat das, was es als zunehmend gef\u00e4hrliches Muster russischer hybrider Aktivit\u00e4ten in Europa bezeichnet, verurteilt und Deutschland seine \u201evolle Solidarit\u00e4t\u201c zugesichert, nachdem Berlin Moskau vorgeworfen hatte, an einem versuchten Drohnenangriff auf den Flughafen Leipzig\/Halle beteiligt gewesen zu sein.<\/strong><\/p>\n\n\n\n<p class=\"wp-block-paragraph\">Die ungarische Au\u00dfenministerin <a href=\"https:\/\/x.com\/_OrbanAnita\/status\/2094823768598126640\">Anita Orb\u00e1n erkl\u00e4rte<\/a>, Ungarn sei \u201ezutiefst besorgt\u201c \u00fcber die zunehmende Anzahl und Intensit\u00e4t russischer Hybridoperationen auf europ\u00e4ischem Boden.<\/p>\n\n\n\n<blockquote class=\"wp-block-quote is-layout-flow wp-block-quote-is-layout-flow\">\n<p class=\"wp-block-paragraph\">\u201eDie j\u00fcngsten Vorf\u00e4lle in Deutschland zeugen von einem zunehmend gef\u00e4hrlichen und r\u00fccksichtslosen Verhaltensmuster, das eine ernsthafte Bedrohung f\u00fcr die europ\u00e4ische Sicherheit und Widerstandsf\u00e4higkeit darstellt\u201c, schrieb sie auf X.<\/p>\n<\/blockquote>\n\n\n\n<p class=\"wp-block-paragraph\">Die Au\u00dfenministerin f\u00fcgte hinzu, dass Ungarn bereit sei, Deutschland bei der Bek\u00e4mpfung hybrider Bedrohungen zu unterst\u00fctzen.<\/p>\n\n\n\n<blockquote class=\"twitter-tweet\"><p lang=\"en\" dir=\"ltr\">Ungarn ist zutiefst besorgt \u00fcber die zunehmende Anzahl und Intensit\u00e4t russischer hybrider Aktivit\u00e4ten auf europ\u00e4ischem Boden. J\u00fcngste Vorf\u00e4lle in Deutschland zeugen von einem zunehmend gef\u00e4hrlichen und r\u00fccksichtslosen Verhaltensmuster, das eine ernsthafte Bedrohung f\u00fcr die Sicherheit und Widerstandsf\u00e4higkeit Europas darstellt.\u2026<\/p>&mdash; Anita Orb\u00e1n (@_OrbanAnita) <a href=\"https:\/\/x.com\/_OrbanAnita\/status\/2094823768598126640?ref_src=twsrc%5Etfw\">1. September 2026<\/a><\/blockquote> <script async src=\"https:\/\/platform.x.com\/widgets.js\" charset=\"utf-8\"><\/script>\n\n\n\n<h2 class=\"wp-block-heading\">Deutschland macht Russland f\u00fcr einen versuchten Anschlag auf einen Flughafen verantwortlich<\/h2>\n\n\n\n<p class=\"wp-block-paragraph\">Die Erkl\u00e4rung erfolgte, nachdem Deutschland <a href=\"https:\/\/www.tagesschau.de\/eilmeldung\/bundesregierung-drohne-flughafen-leipzig-halle-russland-100.html\" target=\"_blank\" rel=\"noopener\">Russland<\/a> am 1. September <a href=\"https:\/\/www.tagesschau.de\/eilmeldung\/bundesregierung-drohne-flughafen-leipzig-halle-russland-100.html\" target=\"_blank\" rel=\"noopener\">offiziell beschuldigt hatte<\/a>, hinter einem versuchten Sprengstoffangriff mit einer Drohne auf den Flughafen Leipzig\/Halle zu stehen.<\/p>\n\n\n\n<p class=\"wp-block-paragraph\">Berichten zufolge entdeckten deutsche Beh\u00f6rden im August am Flughafen eine Drohne mit Sprengstoff, die sich in der N\u00e4he mehrerer ukrainischer Frachtflugzeuge befand. Die am Tatort gesammelten Beweise deuteten angeblich auf eine russische Beteiligung hin.<\/p>\n\n\n\n<p class=\"wp-block-paragraph\">Berlin reagierte unter anderem mit der Vorladung des russischen Botschafters und der Anordnung der Schlie\u00dfung des russischen Generalkonsulats in Bonn. Moskau hat jegliche Beteiligung an dem Vorfall bestritten.<\/p>\n\n\n\n<p class=\"wp-block-paragraph\">Der mutma\u00dfliche Angriff wird im Rahmen eines gr\u00f6\u00dferen Musters mutma\u00dflicher russischer Hybridoperationen in Europa untersucht, zu denen angebliche Sabotageakte, Cyberangriffe, Desinformationskampagnen und andere Formen verdeckter Aktivit\u00e4ten geh\u00f6ren.<\/p>\n\n\n\n<blockquote class=\"wp-block-quote is-layout-flow wp-block-quote-is-layout-flow\">\n<p class=\"has-black-color has-pale-ocean-gradient-background has-text-color has-background has-link-color wp-elements-1 wp-block-paragraph\"><strong>Haben Sie schon davon geh\u00f6rt? <a href=\"https:\/\/dailynewshungary.com\/de\/eilmeldung-ungarn-blockiert-erneut-den-eu-beitritt-der-ukraine-das-sind-die-forderungen-budapests\/\/\">Ungarn hat den EU-Beitritt der Ukraine erneut blockiert \u2013 Das sind die Forderungen Budapests<\/a><\/strong><\/p>\n<\/blockquote>\n\n\n\n<h2 class=\"wp-block-heading\">Budapest fordert eine st\u00e4rkere Zusammenarbeit zwischen der EU und der NATO<\/h2>\n\n\n\n<p class=\"wp-block-paragraph\">Orb\u00e1n erkl\u00e4rte, diese Entwicklungen zeigten, dass Europa seine Widerstandsf\u00e4higkeit gegen\u00fcber hybriden Bedrohungen st\u00e4rken m\u00fcsse.<\/p>\n\n\n\n<blockquote class=\"wp-block-quote is-layout-flow wp-block-quote-is-layout-flow\">\n<p class=\"wp-block-paragraph\">\u201eAngesichts dieser Herausforderungen ist es wichtiger denn je, die Widerstandsf\u00e4higkeit, den Zusammenhalt und die kollektive Bereitschaft der Europ\u00e4ischen Union und der NATO zu st\u00e4rken\u201c, erkl\u00e4rte sie.<\/p>\n<\/blockquote>\n\n\n\n<p class=\"wp-block-paragraph\">Ungarn bekundete zudem seine Bereitschaft, Deutschland bei der Bew\u00e4ltigung dieser Bedrohungen zu unterst\u00fctzen, und erkl\u00e4rte, es stehe in \u201evoller Solidarit\u00e4t\u201c mit seinem europ\u00e4ischen Partner. Diese Haltung ist bemerkenswert, da Ungarn im Vergleich zu vielen anderen EU- und NATO-Mitgliedstaaten traditionell ein eher entgegenkommendes Verh\u00e4ltnis zu Moskau pflegt.<\/p>\n\n\n\n<p class=\"wp-block-paragraph\">Unter dem ehemaligen Ministerpr\u00e4sidenten Viktor Orb\u00e1n kritisierte Budapest h\u00e4ufig die EU-Sanktionen gegen Russland und unterhielt diplomatische und wirtschaftliche Beziehungen zu Moskau, selbst als sich die Beziehungen zwischen Russland und dem Westen nach dem Einmarsch in die Ukraine verschlechterten.<\/p>\n\n\n\n<p class=\"has-text-align-center has-black-color has-electric-grass-gradient-background has-text-color has-background has-link-color wp-elements-2 wp-block-paragraph\"><strong>Bleiben Sie mit unserem \u201eHungary Weekly Briefing\u201c auf dem Laufenden:<\/strong> <strong><a href=\"https:\/\/substack.com\/@thehungaryinsider\" target=\"_blank\" rel=\"noopener\">Abonnieren Sie es auf Substack<\/a>!<\/strong><\/p>\n","protected":false},"excerpt":{"rendered":"<p>Ungarn hat das, was es als zunehmend gef\u00e4hrliches Muster russischer hybrider Aktivit\u00e4ten in Europa bezeichnet, verurteilt und Deutschland seine \u201evolle Solidarit\u00e4t\u201c zugesichert, nachdem Berlin Moskau vorgeworfen hatte, an einem versuchten Drohnenangriff auf den Flughafen Leipzig\/Halle beteiligt gewesen zu sein. Die ungarische Au\u00dfenministerin Anita Orb\u00e1n erkl\u00e4rte, Ungarn sei \u201ezutiefst besorgt\u201c \u00fcber die zunehmende Anzahl und Intensit\u00e4t [&hellip;]<\/p>\n","protected":false},"author":62,"featured_media":792077,"comment_status":"open","ping_status":"open","sticky":false,"template":"","format":"standard","meta":{"_acf_changed":false,"_display_image":"","footnotes":"","_members_access_role":[],"_members_access_error":""},"categories":[1081],"tags":[1177,1082,4765,1184,1518,4715,1209,1102,1076,1128],"class_list":["post-792076","post","type-post","status-publish","format-standard","has-post-thumbnail","hentry","category-politik","tag-deutschland","tag-europaische-union","tag-kategorie-ausenpolitik-2","tag-krieg","tag-nato","tag-regierung-orban","tag-russland","tag-ungarische-regierung","tag-ungarn","tag-viktor-orban"],"blocksy_meta":[],"acf":[],"author_username":"hmercedesz","telegram_post":"","public_post_metadata":{"breaking_news":"yes","important":"no","csempe":"yes","center_tile":"no","disable_thumbnail":"no","target_lang":"","_featured_image_style":"","telegram_post":"","_xlat_group_id":"1c2fd7fe-a212-4026-97c4-bc542c0be58b"},"public_rank_math_data":{"title":"%title% %sep% %sitename%","description":"","focus_keyword":"Russland","canonical_url":"","robots":"","primary_category":"1081","breadcrumb_title":"","facebook_title":"","facebook_description":"","facebook_image":"","facebook_image_id":"","twitter_title":"","twitter_description":"","twitter_image":"","twitter_image_id":"","twitter_card_type":"","twitter_use_facebook":"","advanced_robots":"","pillar_content":"","seo_score":"73","contentai_score":"","rich_snippet":""},"_links":{"self":[{"href":"https:\/\/dailynewshungary.com\/de\/wp-json\/wp\/v2\/posts\/792076","targetHints":{"allow":["GET"]}}],"collection":[{"href":"https:\/\/dailynewshungary.com\/de\/wp-json\/wp\/v2\/posts"}],"about":[{"href":"https:\/\/dailynewshungary.com\/de\/wp-json\/wp\/v2\/types\/post"}],"author":[{"embeddable":true,"href":"https:\/\/dailynewshungary.com\/de\/wp-json\/wp\/v2\/users\/62"}],"replies":[{"embeddable":true,"href":"https:\/\/dailynewshungary.com\/de\/wp-json\/wp\/v2\/comments?post=792076"}],"version-history":[{"count":0,"href":"https:\/\/dailynewshungary.com\/de\/wp-json\/wp\/v2\/posts\/792076\/revisions"}],"wp:featuredmedia":[{"embeddable":true,"href":"https:\/\/dailynewshungary.com\/de\/wp-json\/wp\/v2\/media\/792077"}],"wp:attachment":[{"href":"https:\/\/dailynewshungary.com\/de\/wp-json\/wp\/v2\/media?parent=792076"}],"wp:term":[{"taxonomy":"category","embeddable":true,"href":"https:\/\/dailynewshungary.com\/de\/wp-json\/wp\/v2\/categories?post=792076"},{"taxonomy":"post_tag","embeddable":true,"href":"https:\/\/dailynewshungary.com\/de\/wp-json\/wp\/v2\/tags?post=792076"}],"curies":[{"name":"wp","href":"https:\/\/api.w.org\/{rel}","templated":true}]}}