{"id":792080,"date":"2026-09-02T17:54:00","date_gmt":"2026-09-02T15:54:00","guid":{"rendered":"https:\/\/dailynewshungary.com\/de\/ungarn-konnte-bis-zu-80-000-namen-aus-den-akten-des-geheimdienstes-der-kommunistischen-ara-veroffentlichen\/"},"modified":"2026-09-02T17:54:00","modified_gmt":"2026-09-02T15:54:00","slug":"ungarn-konnte-bis-zu-80-000-namen-aus-den-akten-des-geheimdienstes-der-kommunistischen-ara-veroffentlichen","status":"publish","type":"post","link":"https:\/\/dailynewshungary.com\/de\/ungarn-konnte-bis-zu-80-000-namen-aus-den-akten-des-geheimdienstes-der-kommunistischen-ara-veroffentlichen\/","title":{"rendered":"Ungarn k\u00f6nnte bis zu 80.000 Namen aus den Akten des Geheimdienstes der kommunistischen \u00c4ra ver\u00f6ffentlichen"},"content":{"rendered":"\n<p class=\"wp-block-paragraph\"><strong>In Ungarn k\u00f6nnten bald Zehntausende Namen aus den Akten des Geheimdienstes der kommunistischen \u00c4ra bekannt werden; Sch\u00e4tzungen der Regierung zufolge k\u00f6nnten bis zu 60.000\u201380.000 Personen identifiziert werden.<\/strong><\/p>\n\n\n\n<p class=\"wp-block-paragraph\">B\u00e1lint Ruff, Leiter des Ministerpr\u00e4sidentenamtes, erkl\u00e4rte gegen\u00fcber Telex, diese Zahl beruhe auf fachlichen Sch\u00e4tzungen hinsichtlich der m\u00f6glichen Offenlegung der in den Akten enthaltenen Namen.<\/p>\n\n\n\n<p class=\"wp-block-paragraph\">\u201eIch habe eine Vorstellung von der Zahl\u201c, sagte Ruff, betonte jedoch, dass er nicht wisse, ob die Dokumente auch Personen enthielten, die nach dem Fall des Kommunismus im Jahr 1990 zu bedeutenden politischen oder wirtschaftlichen Pers\u00f6nlichkeiten aufstiegen.<\/p>\n\n\n\n<p class=\"wp-block-paragraph\">\u201eDie Akten der Geheimdienstmitarbeiter sind ein sehr wichtiger Teil unserer gemeinsamen Vergangenheit, und sie werden vieles enthalten, was f\u00fcr viele Familien Anlass zur Trauer sein wird\u201c, <a href=\"https:\/\/telex.hu\/belfold\/2026\/09\/02\/ruff-balint-miniszterelnokseget-vezeto-miniszter-tisza-kormany-interju\" target=\"_blank\" rel=\"noopener\">sagte er<\/a>.<\/p>\n\n\n\n<h2 class=\"wp-block-heading\">Wer k\u00f6nnte in den Akten vorkommen?<\/h2>\n\n\n\n<p class=\"wp-block-paragraph\">Die m\u00f6gliche Ver\u00f6ffentlichung von Zehntausenden von Namen k\u00f6nnte die Geheimdienstakten aus der Zeit des Kommunismus zu einer der politisch und gesellschaftlich heikelsten historischen Enth\u00fcllungen im modernen Ungarn machen.<\/p>\n\n\n\n<p class=\"wp-block-paragraph\">Ruff erkl\u00e4rte nicht, dass alle Personen, deren Namen darin auftauchen k\u00f6nnten, zwangsl\u00e4ufig Geheimagenten oder Informanten seien. Die Akten k\u00f6nnten die Namen von Personen enthalten, die verschiedene Verbindungen zum Staatssicherheitsapparat hatten, was bedeutet, dass die genaue Art der Beteiligung einer Person anhand der Dokumente ermittelt werden m\u00fcsste.<\/p>\n\n\n\n<p class=\"wp-block-paragraph\">Er erkl\u00e4rte zudem, er wisse nicht, ob unter den genannten Personen auch solche seien, die nach 1990 zu prominenten Pers\u00f6nlichkeiten aus Politik oder Wirtschaft aufgestiegen seien.<\/p>\n\n\n\n<blockquote class=\"wp-block-quote is-layout-flow wp-block-quote-is-layout-flow\">\n<p class=\"has-black-color has-pale-ocean-gradient-background has-text-color has-background has-link-color wp-elements-1 wp-block-paragraph\"><strong>Falls Sie es verpasst haben: <a href=\"https:\/\/dailynewshungary.com\/de\/ungarn-legt-wegweisenden-gesetzentwurf-zur-offnung-der-geheimdienstakten-aus-der-kommunistischen-ara-vor\/\/\">Ungarn legt wegweisenden Gesetzentwurf zur \u00d6ffnung der Geheimdienstakten aus der kommunistischen \u00c4ra vor<\/a><\/strong><\/p>\n<\/blockquote>\n\n\n\n<h2 class=\"wp-block-heading\">Rund 100 Dokumente k\u00f6nnten diese Woche freigegeben werden<\/h2>\n\n\n\n<p class=\"wp-block-paragraph\">Ruff \u00e4u\u00dferte die Hoffnung, dass etwa 100 Dokumente, die als \u201eBeschl\u00fcsse Nr. 3.000\u201c bekannt sind, im Laufe dieser Woche freigegeben und ver\u00f6ffentlicht w\u00fcrden. Er erkl\u00e4rte, Fragen einer m\u00f6glichen strafrechtlichen Verantwortung m\u00fcssten von den Ermittlungsbeh\u00f6rden gekl\u00e4rt werden.<\/p>\n\n\n\n<p class=\"wp-block-paragraph\">Laut Ruff betreffen die Dokumente Entscheidungen und Vertr\u00e4ge, die von identifizierbaren Amtstr\u00e4gern unterzeichnet wurden. Er wies darauf hin, dass die betreffenden \u201e3.000\u201c-Dokumente vom damaligen amtierenden Ministerpr\u00e4sidenten unterzeichnet worden seien.<\/p>\n\n\n\n<p class=\"wp-block-paragraph\">Die Regierung hat zudem angedeutet, dass sie beabsichtigt, Informationen \u00fcber die Reisen von J\u00e1nos L\u00e1z\u00e1r zu ver\u00f6ffentlichen, der unter Viktor Orb\u00e1n hohe Regierungs\u00e4mter bekleidete. Ruff behauptete, er wisse, wohin L\u00e1z\u00e1r gereist sei, was er dort getan habe und warum diese Informationen zuvor geheim gehalten worden seien. Er erkl\u00e4rte, auch diese Einzelheiten w\u00fcrden ver\u00f6ffentlicht werden.<\/p>\n\n\n\n<h2 class=\"wp-block-heading\">Regierung gibt an, dass sich die Beschwerden auf 2 Billionen HUF beziehen<\/h2>\n\n\n\n<p class=\"wp-block-paragraph\">Die Ver\u00f6ffentlichung der historischen Dokumente erfolgt im Rahmen einer umfassenderen Untersuchung der Regierung zur Verwendung \u00f6ffentlicher Gelder unter fr\u00fcheren Regierungen.<\/p>\n\n\n\n<blockquote class=\"wp-block-quote is-layout-flow wp-block-quote-is-layout-flow\">\n<p class=\"wp-block-paragraph\">Ruff erkl\u00e4rte, die Regierung habe bislang Anzeigen in F\u00e4llen mit einem Gesamtwert von 2 Billionen HUF (5,4 Milliarden Euro) erstattet.<\/p>\n<\/blockquote>\n\n\n\n<p class=\"wp-block-paragraph\">Eine der laufenden Ermittlungen betrifft \u201eSz\u00e1zadv\u00e9g\u201c, einen ungarischen Thinktank, der laut Ruff in den letzten zehn Jahren zwischen 20 und 30 Milliarden HUF an \u00f6ffentlichen Geldern f\u00fcr Forschungsarbeiten und Studien erhalten habe. Er erkl\u00e4rte, dass auch in diesem Fall Strafanzeige erstattet werde.<\/p>\n\n\n\n<p class=\"wp-block-paragraph\">Die Regierung hat bereits eine Anzeige gegen \u201eObserver\u201c, ein Medienbeobachtungsunternehmen, erstattet, und zwar wegen der von Ruff als \u201eexorbitant\u201c bezeichneten Summen, die f\u00fcr dessen Dienstleistungen gezahlt wurden.<\/p>\n\n\n\n<p class=\"wp-block-paragraph\">Er verwies zudem auf die Komment\u00e1r-Stiftung und behauptete, dass f\u00fcr die Organisation Immobilien im Wert von \u201ezwanzig Milliarden\u201c Forint erworben worden seien. Ruff f\u00fcgte hinzu, dass Kollegen derzeit die an das N\u00e9z\u0151pont-Institut gezahlten Betr\u00e4ge berechneten.<\/p>\n\n\n\n<p class=\"wp-block-paragraph\">Die von Ruff genannten Vorw\u00fcrfe und Beschwerden begr\u00fcnden f\u00fcr sich genommen noch kein strafrechtliches Fehlverhalten; \u00fcber eine m\u00f6gliche strafrechtliche Haftung entscheiden letztendlich die zust\u00e4ndigen Beh\u00f6rden.<\/p>\n\n\n\n<p class=\"has-text-align-center has-black-color has-electric-grass-gradient-background has-text-color has-background has-link-color wp-elements-2 wp-block-paragraph\"><strong>Bleiben Sie mit unserem \u201eHungary Weekly Briefing\u201c auf dem Laufenden:<\/strong> <strong><a href=\"https:\/\/substack.com\/@thehungaryinsider\" target=\"_blank\" rel=\"noopener\">Abonnieren Sie es auf Substack<\/a>!<\/strong><\/p>\n\n\n\n<h2 class=\"wp-block-heading\">Eine seit langem diskutierte Frage in Ungarn<\/h2>\n\n\n\n<p class=\"wp-block-paragraph\">Das Schicksal der Akten des Geheimdienstes aus der kommunistischen \u00c4ra ist in Ungarn seit Jahrzehnten ein umstrittenes Thema. Aufeinanderfolgende Regierungen standen unter dem Druck, den Zugang zu diesen Unterlagen zu erleichtern und die Aktivit\u00e4ten der ehemaligen Staatssicherheitsdienste aufzukl\u00e4ren. Das Thema ist besonders heikel, da einige Personen, die mit dem System der kommunistischen \u00c4ra in Verbindung standen, sp\u00e4ter zu einflussreichen Pers\u00f6nlichkeiten im Ungarn nach 1990 wurden.<\/p>\n\n\n\n<p class=\"wp-block-paragraph\">Sollte die Regierung die geplanten Offenlegungen vorantreiben, k\u00f6nnte die Ver\u00f6ffentlichung von Zehntausenden von Namen die seit langem andauernden Debatten \u00fcber politische Verantwortung, Kollaboration mit dem ehemaligen Regime und das Ausma\u00df der vollst\u00e4ndigen Aufarbeitung der Vergangenheit erneut entfachen. F\u00fcr viele ungarische Familien k\u00f6nnten die Enth\u00fcllungen jedoch Konsequenzen haben, die weit \u00fcber die Politik hinausreichen und m\u00f6glicherweise Geheimnisse aufdecken, die seit Generationen verborgen geblieben sind.<\/p>\n","protected":false},"excerpt":{"rendered":"<p>In Ungarn k\u00f6nnten bald Zehntausende Namen aus den Akten des Geheimdienstes der kommunistischen \u00c4ra bekannt werden; Sch\u00e4tzungen der Regierung zufolge k\u00f6nnten bis zu 60.000\u201380.000 Personen identifiziert werden. B\u00e1lint Ruff, Leiter des Ministerpr\u00e4sidentenamtes, erkl\u00e4rte gegen\u00fcber Telex, diese Zahl beruhe auf fachlichen Sch\u00e4tzungen hinsichtlich der m\u00f6glichen Offenlegung der in den Akten enthaltenen Namen. \u201eIch habe eine Vorstellung [&hellip;]<\/p>\n","protected":false},"author":62,"featured_media":792081,"comment_status":"open","ping_status":"open","sticky":false,"template":"","format":"standard","meta":{"_acf_changed":false,"_display_image":"","footnotes":"","_members_access_role":[],"_members_access_error":""},"categories":[1081],"tags":[4766,2178,1102,1076],"class_list":["post-792080","post","type-post","status-publish","format-standard","has-post-thumbnail","hentry","category-politik","tag-kategorie-ungarische-politik-2","tag-kommunismus","tag-ungarische-regierung","tag-ungarn"],"blocksy_meta":[],"acf":[],"author_username":"hmercedesz","telegram_post":"","public_post_metadata":{"breaking_news":"yes","important":"no","csempe":"yes","center_tile":"no","disable_thumbnail":"no","target_lang":"","_featured_image_style":"","telegram_post":"","_xlat_group_id":"b24b4158-919c-4816-8259-e1142ccec823"},"public_rank_math_data":{"title":"%title% %sep% %sitename%","description":"In Ungarn k\u00f6nnten bald Zehntausende von Namen aus den Akten des Geheimdienstes der kommunistischen \u00c4ra ver\u00f6ffentlicht werden.","focus_keyword":"kommunistisch","canonical_url":"","robots":"","primary_category":"1081","breadcrumb_title":"","facebook_title":"","facebook_description":"","facebook_image":"","facebook_image_id":"","twitter_title":"","twitter_description":"","twitter_image":"","twitter_image_id":"","twitter_card_type":"","twitter_use_facebook":"","advanced_robots":"","pillar_content":"","seo_score":"73","contentai_score":"","rich_snippet":""},"_links":{"self":[{"href":"https:\/\/dailynewshungary.com\/de\/wp-json\/wp\/v2\/posts\/792080","targetHints":{"allow":["GET"]}}],"collection":[{"href":"https:\/\/dailynewshungary.com\/de\/wp-json\/wp\/v2\/posts"}],"about":[{"href":"https:\/\/dailynewshungary.com\/de\/wp-json\/wp\/v2\/types\/post"}],"author":[{"embeddable":true,"href":"https:\/\/dailynewshungary.com\/de\/wp-json\/wp\/v2\/users\/62"}],"replies":[{"embeddable":true,"href":"https:\/\/dailynewshungary.com\/de\/wp-json\/wp\/v2\/comments?post=792080"}],"version-history":[{"count":0,"href":"https:\/\/dailynewshungary.com\/de\/wp-json\/wp\/v2\/posts\/792080\/revisions"}],"wp:featuredmedia":[{"embeddable":true,"href":"https:\/\/dailynewshungary.com\/de\/wp-json\/wp\/v2\/media\/792081"}],"wp:attachment":[{"href":"https:\/\/dailynewshungary.com\/de\/wp-json\/wp\/v2\/media?parent=792080"}],"wp:term":[{"taxonomy":"category","embeddable":true,"href":"https:\/\/dailynewshungary.com\/de\/wp-json\/wp\/v2\/categories?post=792080"},{"taxonomy":"post_tag","embeddable":true,"href":"https:\/\/dailynewshungary.com\/de\/wp-json\/wp\/v2\/tags?post=792080"}],"curies":[{"name":"wp","href":"https:\/\/api.w.org\/{rel}","templated":true}]}}