{"id":792084,"date":"2026-09-02T19:56:37","date_gmt":"2026-09-02T17:56:37","guid":{"rendered":"https:\/\/dailynewshungary.com\/de\/ministerprasident-magyar-trifft-sich-mit-costa-und-nennt-bedingungen-fur-die-unterstutzung-des-nachsten-siebenjahreshaushalts-der-eu\/"},"modified":"2026-09-02T19:56:37","modified_gmt":"2026-09-02T17:56:37","slug":"ministerprasident-magyar-trifft-sich-mit-costa-und-nennt-bedingungen-fur-die-unterstutzung-des-nachsten-siebenjahreshaushalts-der-eu","status":"publish","type":"post","link":"https:\/\/dailynewshungary.com\/de\/ministerprasident-magyar-trifft-sich-mit-costa-und-nennt-bedingungen-fur-die-unterstutzung-des-nachsten-siebenjahreshaushalts-der-eu\/","title":{"rendered":"Ministerpr\u00e4sident Magyar trifft sich mit Costa und nennt Bedingungen f\u00fcr die Unterst\u00fctzung des n\u00e4chsten Siebenjahreshaushalts der EU"},"content":{"rendered":"\n<p class=\"wp-block-paragraph\"><strong>Die ungarische Regierung werde den neuen Siebenjahreshaushalt der Europ\u00e4ischen Union nur dann billigen k\u00f6nnen, wenn er den Interessen der ungarischen Bev\u00f6lkerung und der ungarischen Unternehmen diene, erkl\u00e4rte Ministerpr\u00e4sident P\u00e9ter Magyar am Mittwoch bei einem Treffen in Budapest gegen\u00fcber dem Pr\u00e4sidenten des Europ\u00e4ischen Rates, Ant\u00f3nio Costa.<\/strong><\/p>\n\n\n\n<p class=\"wp-block-paragraph\">In einem Facebook-Beitrag im Anschluss an das Treffen erkl\u00e4rte Magyar, er habe Costa zudem mitgeteilt, dass Ungarn eine rasche L\u00f6sung in der Frage der Aussetzung der unter der vorherigen ungarischen Regierung verh\u00e4ngten Geldbu\u00dfe in H\u00f6he von 1 Million Euro pro Tag erwarte.<\/p>\n\n\n\n<p class=\"wp-block-paragraph\">Laut <a href=\"https:\/\/www.facebook.com\/peter.magyar.102\/posts\/pfbid0Lq3kfJcCmhm6XCyVpbKYM1u467ikoQJd6Eoe4WMAMEUWZeMQ2xfsB8UhGmpriYdFl?locale=hu_HU\" target=\"_blank\" rel=\"noopener\">Magyar<\/a> betonte er zudem, dass Ungarn \u2013 insbesondere angesichts der Ereignisse in der spanischen Enklave Ceuta in Afrika in diesem Sommer \u2013 weiterhin den rechtlichen Rahmen und die physische Grenzanlage aufrechterhalten werde, die erforderlich sind, um illegale Migration zu unterbinden.<\/p>\n\n\n\n<blockquote class=\"wp-block-quote is-layout-flow wp-block-quote-is-layout-flow\">\n<p class=\"wp-block-paragraph\">\u201eUngarn wird die Au\u00dfengrenzen der Europ\u00e4ischen Union weiterhin sch\u00fctzen. Und wir erwarten, dass diese Bem\u00fchungen auch auf europ\u00e4ischer Ebene anerkannt werden\u201c, sagte Magyar.<\/p>\n<\/blockquote>\n\n\n\n<p class=\"wp-block-paragraph\">Der Ministerpr\u00e4sident f\u00fcgte hinzu, er habe w\u00e4hrend des Treffens erneut bekr\u00e4ftigt, dass Ungarn einen beschleunigten EU-Beitrittsprozess f\u00fcr kein Beitrittskandidatenland unterst\u00fctze.<\/p>\n\n\n\n<iframe loading=\"lazy\" src=\"https:\/\/www.facebook.com\/plugins\/post.php?href=https%3A%2F%2Fwww.facebook.com%2Fpeter.magyar.102%2Fposts%2Fpfbid0Lq3kfJcCmhm6XCyVpbKYM1u467ikoQJd6Eoe4WMAMEUWZeMQ2xfsB8UhGmpriYdFl&#038;show_text=true&#038;width=500\" width=\"500\" height=\"737\" style=\"border:none;overflow:hidden\" scrolling=\"no\" frameborder=\"0\" allowfullscreen=\"true\" allow=\"autoplay; clipboard-write; encrypted-media; picture-in-picture; web-share\"><\/iframe>\n\n\n\n<h2 class=\"wp-block-heading\">Ungarn lehnt eine beschleunigte EU-Mitgliedschaft ab<\/h2>\n\n\n\n<p class=\"wp-block-paragraph\">Diese \u00c4u\u00dferungen erfolgen vor dem Hintergrund, dass die EU derzeit ihren n\u00e4chsten Siebenjahreshaushalt vorbereitet und die Mitgliedstaaten Verhandlungen dar\u00fcber f\u00fchren, wie die finanziellen Priorit\u00e4ten und die Finanzierung der Union f\u00fcr den kommenden Zeitraum gestaltet werden sollen.<\/p>\n\n\n\n<p class=\"wp-block-paragraph\">Magyars \u00c4u\u00dferungen verdeutlichen zudem die Haltung der ungarischen Regierung zu Migration und EU-Erweiterung und signalisieren, dass Budapest beabsichtigt, seine bestehenden Grenzschutzma\u00dfnahmen beizubehalten und sich gleichzeitig gegen das zu wenden, was es als beschleunigte Beitrittsverfahren ansieht.<\/p>\n\n\n\n<blockquote class=\"wp-block-quote is-layout-flow wp-block-quote-is-layout-flow\">\n<p class=\"has-black-color has-pale-ocean-gradient-background has-text-color has-background has-link-color wp-elements-1 wp-block-paragraph\"><strong>Falls Sie es verpasst haben: <a href=\"https:\/\/dailynewshungary.com\/de\/eilmeldung-ungarn-blockiert-erneut-den-eu-beitritt-der-ukraine-das-sind-die-forderungen-budapests\/\/\">Ungarn blockiert erneut den EU-Beitritt der Ukraine \u2013 Das will Budapest<\/a><\/strong><\/p>\n<\/blockquote>\n","protected":false},"excerpt":{"rendered":"<p>Die ungarische Regierung werde den neuen Siebenjahreshaushalt der Europ\u00e4ischen Union nur dann billigen k\u00f6nnen, wenn er den Interessen der ungarischen Bev\u00f6lkerung und der ungarischen Unternehmen diene, erkl\u00e4rte Ministerpr\u00e4sident P\u00e9ter Magyar am Mittwoch bei einem Treffen in Budapest gegen\u00fcber dem Pr\u00e4sidenten des Europ\u00e4ischen Rates, Ant\u00f3nio Costa. In einem Facebook-Beitrag im Anschluss an das Treffen erkl\u00e4rte Magyar, [&hellip;]<\/p>\n","protected":false},"author":62,"featured_media":792085,"comment_status":"open","ping_status":"open","sticky":false,"template":"","format":"standard","meta":{"_acf_changed":false,"_display_image":"","footnotes":"","_members_access_role":[],"_members_access_error":""},"categories":[4571],"tags":[4683,4673,1102,1076],"class_list":["post-792084","post","type-post","status-publish","format-standard","has-post-thumbnail","hentry","category-flash","tag-magyar-regierung","tag-peter-magyar","tag-ungarische-regierung","tag-ungarn"],"blocksy_meta":[],"acf":[],"author_username":"hmercedesz","telegram_post":"","public_post_metadata":{"breaking_news":"yes","important":"no","csempe":"yes","center_tile":"no","disable_thumbnail":"no","target_lang":"","_featured_image_style":"","telegram_post":"","_xlat_group_id":"386255a2-698e-4388-9bfb-bc8c56fddc6e"},"public_rank_math_data":{"title":"%title% %sep% %sitename%","description":"","focus_keyword":"magyar","canonical_url":"","robots":"","primary_category":"4571","breadcrumb_title":"","facebook_title":"","facebook_description":"","facebook_image":"","facebook_image_id":"","twitter_title":"","twitter_description":"","twitter_image":"","twitter_image_id":"","twitter_card_type":"","twitter_use_facebook":"","advanced_robots":"","pillar_content":"","seo_score":"79","contentai_score":"","rich_snippet":""},"_links":{"self":[{"href":"https:\/\/dailynewshungary.com\/de\/wp-json\/wp\/v2\/posts\/792084","targetHints":{"allow":["GET"]}}],"collection":[{"href":"https:\/\/dailynewshungary.com\/de\/wp-json\/wp\/v2\/posts"}],"about":[{"href":"https:\/\/dailynewshungary.com\/de\/wp-json\/wp\/v2\/types\/post"}],"author":[{"embeddable":true,"href":"https:\/\/dailynewshungary.com\/de\/wp-json\/wp\/v2\/users\/62"}],"replies":[{"embeddable":true,"href":"https:\/\/dailynewshungary.com\/de\/wp-json\/wp\/v2\/comments?post=792084"}],"version-history":[{"count":0,"href":"https:\/\/dailynewshungary.com\/de\/wp-json\/wp\/v2\/posts\/792084\/revisions"}],"wp:featuredmedia":[{"embeddable":true,"href":"https:\/\/dailynewshungary.com\/de\/wp-json\/wp\/v2\/media\/792085"}],"wp:attachment":[{"href":"https:\/\/dailynewshungary.com\/de\/wp-json\/wp\/v2\/media?parent=792084"}],"wp:term":[{"taxonomy":"category","embeddable":true,"href":"https:\/\/dailynewshungary.com\/de\/wp-json\/wp\/v2\/categories?post=792084"},{"taxonomy":"post_tag","embeddable":true,"href":"https:\/\/dailynewshungary.com\/de\/wp-json\/wp\/v2\/tags?post=792084"}],"curies":[{"name":"wp","href":"https:\/\/api.w.org\/{rel}","templated":true}]}}