{"id":792086,"date":"2026-09-03T04:24:00","date_gmt":"2026-09-03T02:24:00","guid":{"rendered":"https:\/\/dailynewshungary.com\/de\/wohnblock-in-budapest-steht-in-flammen-10-personen-ins-krankenhaus-gebracht-dutzende-mussten-ihre-wohnungen-verlassen\/"},"modified":"2026-09-03T04:24:00","modified_gmt":"2026-09-03T02:24:00","slug":"wohnblock-in-budapest-steht-in-flammen-10-personen-ins-krankenhaus-gebracht-dutzende-mussten-ihre-wohnungen-verlassen","status":"publish","type":"post","link":"https:\/\/dailynewshungary.com\/de\/wohnblock-in-budapest-steht-in-flammen-10-personen-ins-krankenhaus-gebracht-dutzende-mussten-ihre-wohnungen-verlassen\/","title":{"rendered":"Wohnblock in Budapest steht in Flammen: 10 Personen ins Krankenhaus gebracht, Dutzende mussten ihre Wohnungen verlassen"},"content":{"rendered":"\n<p class=\"wp-block-paragraph\"><strong>Am Mittwochabend brach in einem mehrst\u00f6ckigen Wohngeb\u00e4ude im 18. Bezirk von Budapest ein Feuer aus, wodurch Dutzende Bewohner gezwungen waren, ihre Wohnungen zu verlassen. Berichten zufolge wurden zehn Personen, darunter sieben Kinder, ins Krankenhaus gebracht.<\/strong><\/p>\n\n\n\n<p class=\"wp-block-paragraph\">Das Feuer brach in einem Geb\u00e4ude in der R\u00e1day-Gedeon-Stra\u00dfe aus, wo eine Erdgeschosswohnung in Flammen stand.<\/p>\n\n\n\n<h2 class=\"wp-block-heading\">43 Bewohner mussten ihre Wohnungen verlassen<\/h2>\n\n\n\n<p class=\"wp-block-paragraph\">Nach Angaben der Ungarischen Nachrichtenagentur (MTI) umfasst das Geb\u00e4ude 32 Wohnungen und war infolge des Brandes stark verraucht. Insgesamt 43 Personen mussten das Geb\u00e4ude verlassen, w\u00e4hrend die Feuerwehr den Brand bek\u00e4mpfte. M\u00e1t\u00e9 Kisdi, Sprecher der Budapester Katastrophenschutzbeh\u00f6rde, erkl\u00e4rte, die Bewohner d\u00fcrften erst dann in ihre Wohnungen zur\u00fcckkehren, wenn das Geb\u00e4ude ordnungsgem\u00e4\u00df bel\u00fcftet worden sei.<\/p>\n\n\n\n<blockquote class=\"wp-block-quote is-layout-flow wp-block-quote-is-layout-flow\">\n<p class=\"wp-block-paragraph\">Ersten Berichten zufolge war eine Person mit dem Krankenwagen vom Unfallort abtransportiert worden. Sp\u00e4tere Informationen best\u00e4tigten, dass zehn Personen, darunter sieben Kinder, ins Krankenhaus gebracht wurden.<\/p>\n<\/blockquote>\n\n\n\n<p class=\"wp-block-paragraph\">Die vorliegenden Berichte lieferten zun\u00e4chst keine Einzelheiten zum Zustand der ins Krankenhaus gebrachten Personen.<\/p>\n\n\n\n<p class=\"has-text-align-center has-black-color has-electric-grass-gradient-background has-text-color has-background has-link-color wp-elements-1 wp-block-paragraph\"><strong>Bleiben Sie mit unserem \u201eHungary Weekly Briefing\u201c auf dem Laufenden:<\/strong> <strong><a href=\"https:\/\/substack.com\/@thehungaryinsider\" target=\"_blank\" rel=\"noopener\">Abonnieren Sie es auf Substack<\/a>!<\/strong><\/p>\n\n\n\n<h2 class=\"wp-block-heading\">Feuerwehrleute verhindern die Ausbreitung der Flammen<\/h2>\n\n\n\n<p class=\"wp-block-paragraph\">Berufliche Feuerwehrleute aus Budapest r\u00fcckten gemeinsam mit freiwilligen Feuerwehrleuten des gemeinn\u00fctzigen Vereins \u201eFOKA \u2013 Flusskatastrophenschutz und Spezialrettung\u201c zum Einsatzort aus. Zur Bek\u00e4mpfung der Flammen wurden mehrere Wasserstrahlen eingesetzt, w\u00e4hrend die Feuerwehrleute gleichzeitig das Geb\u00e4ude evakuierten und daran arbeiteten, eine Ausbreitung des Feuers auf andere Teile des Grundst\u00fccks zu verhindern.<\/p>\n\n\n\n<p class=\"wp-block-paragraph\">Der Brand konnte schlie\u00dflich unter Kontrolle gebracht werden, woraufhin die Feuerwehrleute mit den Nachsorgema\u00dfnahmen begannen. Die Brandursache ist bislang noch nicht bekannt.<\/p>\n\n\n\n<blockquote class=\"wp-block-quote is-layout-flow wp-block-quote-is-layout-flow\">\n<p class=\"has-black-color has-pale-ocean-gradient-background has-text-color has-background has-link-color wp-elements-2 wp-block-paragraph\"><strong>Falls Sie es verpasst haben: <a href=\"https:\/\/dailynewshungary.com\/de\/46-personen-wurden-evakuiert-als-ein-grosbrand-das-dach-eines-hotels-in-ungarn-zerstorte-video\/\/\">46 Personen wurden evakuiert, als ein Gro\u00dfbrand das Dach eines Hotels in Ungarn zerst\u00f6rte \u2013 Video<\/a><\/strong><\/p>\n<\/blockquote>\n\n\n\n<p class=\"wp-block-paragraph\"><em>Titelbild: Illustration, <a href=\"https:\/\/depositphotos.com\/photo\/firefighting-11453161.html\" target=\"_blank\" rel=\"noopener\">depositphotos.com<\/a><\/em><\/p>\n","protected":false},"excerpt":{"rendered":"<p>Am Mittwochabend brach in einem mehrst\u00f6ckigen Wohngeb\u00e4ude im 18. Bezirk von Budapest ein Feuer aus, wodurch Dutzende Bewohner gezwungen waren, ihre Wohnungen zu verlassen. Berichten zufolge wurden zehn Personen, darunter sieben Kinder, ins Krankenhaus gebracht. Das Feuer brach in einem Geb\u00e4ude in der R\u00e1day-Gedeon-Stra\u00dfe aus, wo eine Erdgeschosswohnung in Flammen stand. 43 Bewohner mussten ihre [&hellip;]<\/p>\n","protected":false},"author":62,"featured_media":792087,"comment_status":"open","ping_status":"open","sticky":false,"template":"","format":"standard","meta":{"_acf_changed":false,"_display_image":"","footnotes":"","_members_access_role":[],"_members_access_error":""},"categories":[4406],"tags":[1111,4224,4450,4404,4962,1582,1076],"class_list":["post-792086","post","type-post","status-publish","format-standard","has-post-thumbnail","hentry","category-life","tag-budapest","tag-feuerwehr","tag-kategorie-budapest","tag-kategorie-reisen","tag-kategorie-unfall-2","tag-krankenhaus","tag-ungarn"],"blocksy_meta":[],"acf":[],"author_username":"hmercedesz","telegram_post":"","public_post_metadata":{"breaking_news":"yes","important":"no","csempe":"yes","center_tile":"no","disable_thumbnail":"no","target_lang":"","_featured_image_style":"","telegram_post":"","_xlat_group_id":"4e86637a-1cd6-4285-84c2-9d3ee8fe70a0"},"public_rank_math_data":{"title":"%title% %sep% %sitename%","description":"","focus_keyword":"budapest","canonical_url":"","robots":"","primary_category":"4406","breadcrumb_title":"","facebook_title":"","facebook_description":"","facebook_image":"","facebook_image_id":"","twitter_title":"","twitter_description":"","twitter_image":"","twitter_image_id":"","twitter_card_type":"","twitter_use_facebook":"","advanced_robots":"","pillar_content":"","seo_score":"78","contentai_score":"","rich_snippet":""},"_links":{"self":[{"href":"https:\/\/dailynewshungary.com\/de\/wp-json\/wp\/v2\/posts\/792086","targetHints":{"allow":["GET"]}}],"collection":[{"href":"https:\/\/dailynewshungary.com\/de\/wp-json\/wp\/v2\/posts"}],"about":[{"href":"https:\/\/dailynewshungary.com\/de\/wp-json\/wp\/v2\/types\/post"}],"author":[{"embeddable":true,"href":"https:\/\/dailynewshungary.com\/de\/wp-json\/wp\/v2\/users\/62"}],"replies":[{"embeddable":true,"href":"https:\/\/dailynewshungary.com\/de\/wp-json\/wp\/v2\/comments?post=792086"}],"version-history":[{"count":0,"href":"https:\/\/dailynewshungary.com\/de\/wp-json\/wp\/v2\/posts\/792086\/revisions"}],"wp:featuredmedia":[{"embeddable":true,"href":"https:\/\/dailynewshungary.com\/de\/wp-json\/wp\/v2\/media\/792087"}],"wp:attachment":[{"href":"https:\/\/dailynewshungary.com\/de\/wp-json\/wp\/v2\/media?parent=792086"}],"wp:term":[{"taxonomy":"category","embeddable":true,"href":"https:\/\/dailynewshungary.com\/de\/wp-json\/wp\/v2\/categories?post=792086"},{"taxonomy":"post_tag","embeddable":true,"href":"https:\/\/dailynewshungary.com\/de\/wp-json\/wp\/v2\/tags?post=792086"}],"curies":[{"name":"wp","href":"https:\/\/api.w.org\/{rel}","templated":true}]}}