{"id":792088,"date":"2026-09-03T06:04:00","date_gmt":"2026-09-03T04:04:00","guid":{"rendered":"https:\/\/dailynewshungary.com\/de\/umfangreiche-strasensperrungen-in-budapest-ab-freitag-vier-brucken-betroffen\/"},"modified":"2026-09-03T08:24:53","modified_gmt":"2026-09-03T06:24:53","slug":"umfangreiche-strasensperrungen-in-budapest-ab-freitag-vier-brucken-betroffen","status":"publish","type":"post","link":"https:\/\/dailynewshungary.com\/de\/umfangreiche-strasensperrungen-in-budapest-ab-freitag-vier-brucken-betroffen\/","title":{"rendered":"Umfangreiche Stra\u00dfensperrungen in Budapest ab Freitag: vier Br\u00fccken betroffen"},"content":{"rendered":"\n<p class=\"wp-block-paragraph\"><strong>In Budapest sind an diesem Wochenende umfangreiche Verkehrsbeschr\u00e4nkungen zu erwarten, da am Sonntag, dem 6. September, der 41. Wizz Air Budapest-Halbmarathon stattfindet. Die vor\u00fcbergehenden Sperrungen betreffen sieben Stadtbezirke und mehrere Hauptverkehrsstra\u00dfen, darunter Abschnitte von vier Br\u00fccken: die \u00c1rp\u00e1d-Br\u00fccke, die Margaretenbr\u00fccke, die Freiheitsbr\u00fccke und die Kettenbr\u00fccke.<\/strong><\/p>\n\n\n\n<p class=\"wp-block-paragraph\">Die <a href=\"https:\/\/www.police.hu\/hu\/hirek-es-informaciok\/legfrissebb-hireink\/kozlekedesrendeszet\/ideiglenes-forgalomkorlatozas-51\" target=\"_blank\" rel=\"noopener\">Budapester Polizeibeh\u00f6rde<\/a> (BRFK) hat die Autofahrer aufgefordert, besondere Vorsicht walten zu lassen und mehr Zeit f\u00fcr ihre Fahrten einzuplanen. Die Einschr\u00e4nkungen gelten von Freitag, dem 4. September, bis Sonntag, dem 6. September.<\/p>\n\n\n\n<h2 class=\"wp-block-heading\">Die ersten Sperrungen beginnen am Samstag<\/h2>\n\n\n\n<p class=\"wp-block-paragraph\">Die P\u00e1zm\u00e1ny-P\u00e9ter-Promenade im XI. Bezirk wird von Samstag 8:00 Uhr bis Sonntag 21:00 Uhr zwischen dem M\u0171egyetem-Ufer und der Domb\u00f3v\u00e1ri-Stra\u00dfe gesperrt sein.<\/p>\n\n\n\n<p class=\"wp-block-paragraph\">Am Sonntagvormittag sind weitere Sperrungen auf dem Magyar-Tud\u00f3sok-Boulevard, den unteren Uferpromenaden von Buda und Pest, dem M\u0171egyetem-Ufer, der Freiheitsbr\u00fccke und dem Szent-Gell\u00e9rt-Platz vorgesehen. Einige Stra\u00dfen werden nur vor\u00fcbergehend gesperrt, w\u00e4hrend die L\u00e4ufer diese passieren.<\/p>\n\n\n\n<h2 class=\"wp-block-heading\">Die \u00c1rp\u00e1d- und die Margaretenbr\u00fccke sind betroffen<\/h2>\n\n\n\n<p class=\"wp-block-paragraph\">Am Sonntag zwischen 6:00 Uhr und 11:30 Uhr werden Abschnitte der Rennstrecke zeitweise gesperrt. Die betroffene Strecke verl\u00e4uft von der P\u00e1zm\u00e1ny-P\u00e9ter-Promenade entlang des unteren Budapester Ufers und der \u00c1rp\u00e1d-Fejedelem-Stra\u00dfe, \u00fcber die s\u00fcdliche Fahrbahn der \u00c1rp\u00e1d-Br\u00fccke, durch die Margareteninsel und \u00fcber die Nordseite der Margaretenbr\u00fccke.<\/p>\n\n\n\n<p class=\"wp-block-paragraph\">Die Einschr\u00e4nkungen setzen sich dann \u00fcber den J\u00e1szai-Mari-Platz, den \u00dajpest-Uferweg und den unteren Pest-Uferweg fort, bevor sie den F\u0151v\u00e1m-Platz, die Freiheitsbr\u00fccke, den Szent-Gell\u00e9rt-Platz und den M\u0171egyetem-Uferweg erreichen. Die beiden betroffenen Br\u00fccken werden nicht zwangsl\u00e4ufig w\u00e4hrend des gesamten Zeitraums gesperrt sein: Die Polizei wird im Verlauf des Rennens vor\u00fcbergehende Einschr\u00e4nkungen verh\u00e4ngen.<\/p>\n\n\n\n<h2 class=\"wp-block-heading\">Auch die Kettenbr\u00fccke ist im weiteren Verlauf des Tages betroffen<\/h2>\n\n\n\n<p class=\"wp-block-paragraph\">Eine zweite Phase mit zeitweiligen Sperrungen ist zwischen 11:00 und 14:00 Uhr vorgesehen. Die Strecke verl\u00e4uft von der P\u00e1zm\u00e1ny-P\u00e9ter-Promenade entlang des unteren Budaer Ufers, des Bem-Ufers und der F\u0151-Stra\u00dfe bis zum Clark-\u00c1d\u00e1m-Platz, bevor sie die Kettenbr\u00fccke \u00fcberquert.<\/p>\n\n\n\n<p class=\"wp-block-paragraph\">Die L\u00e4ufer werden dann \u00fcber den Sz\u00e9chenyi-Istv\u00e1n-Platz, den E\u00f6tv\u00f6s-Platz, das untere Pest-Ufer, den F\u0151v\u00e1m-Platz, die Freiheitsbr\u00fccke, den Szent-Gell\u00e9rt-Platz und das M\u0171egyetem-Ufer weiterlaufen.<\/p>\n\n\n\n<p class=\"has-text-align-center has-black-color has-electric-grass-gradient-background has-text-color has-background has-link-color wp-elements-1 wp-block-paragraph\"><strong>Bleiben Sie mit unserem \u201eHungary Weekly Briefing\u201c auf dem Laufenden:<\/strong> <strong><a href=\"https:\/\/substack.com\/@thehungaryinsider\" target=\"_blank\" rel=\"noopener\">Abonnieren Sie es auf Substack<\/a>!<\/strong><\/p>\n\n\n\n<h2 class=\"wp-block-heading\">Genaue Sperrzeiten<\/h2>\n\n\n\n<p class=\"wp-block-paragraph\">Nach Angaben der BRFK sind die wichtigsten vollst\u00e4ndigen Sperrungen am Sonntag wie folgt geplant:<\/p>\n\n\n\n<ul class=\"wp-block-list\">\n<li><strong>4:00 Uhr \u2013 16:00 Uhr:<\/strong> Magyar-Tud\u00f3sok-Boulevard im Bezirk XI<\/li>\n\n\n\n<li><strong>6:00\u201313:30 Uhr:<\/strong> Unterer Uferdamm in Buda in den Bezirken I, II, III und XI<\/li>\n\n\n\n<li><strong>6.30 Uhr \u2013 15.10 Uhr:<\/strong> Unterer Pest-Uferdamm in den Bezirken V, IX und XIII<\/li>\n\n\n\n<li><strong>8:20 Uhr \u2013 14:10 Uhr:<\/strong> M\u0171egyetem-Uferpromenade im Bezirk XI<\/li>\n\n\n\n<li><strong>8.55 Uhr \u2013 14.00 Uhr:<\/strong> Freiheitsbr\u00fccke und Szent-Gell\u00e9rt-Platz in den Bezirken IX und XI<\/li>\n<\/ul>\n\n\n\n<p class=\"wp-block-paragraph\">Die zeitweiligen Verkehrsbeschr\u00e4nkungen entlang der Rennstrecken gelten am Vormittag und am fr\u00fchen Nachmittag jeweils separat.<\/p>\n\n\n\n<p class=\"has-black-color has-very-light-gray-to-cyan-bluish-gray-gradient-background has-text-color has-background has-link-color wp-elements-2 wp-block-paragraph\"><strong>Falls Sie es verpasst haben: <a href=\"https:\/\/dailynewshungary.com\/de\/grose-umwalzung-in-budapest-regierungsentwurf-sieht-vor-wichtige-flachen-im-stadtzentrum-unentgeltlich-an-die-hauptstadt-zu-ubertragen\/\/\">Gro\u00dfe Umw\u00e4lzungen in Budapest \u2013 Ein Regierungsentwurf sieht vor, wichtige Fl\u00e4chen im Stadtzentrum kostenlos an die Hauptstadt zu \u00fcbertragen<\/a><\/strong><\/p>\n\n\n\n<h2 class=\"wp-block-heading\">Parkbeschr\u00e4nkungen gelten ebenfalls<\/h2>\n\n\n\n<p class=\"wp-block-paragraph\">Autofahrer sollten sich zudem bewusst sein, dass bereits vor einigen der Stra\u00dfensperrungen Parkbeschr\u00e4nkungen in Kraft treten werden. Ab Freitag ist das Parken an mehreren Stellen untersagt, darunter in Teilen des Magyar-Tud\u00f3sok-Boulevards. Weitere Parkverbote gelten ab Samstag- und Sonntag Mitternacht an verschiedenen Stellen entlang der Uferpromenaden von Buda und Pest, der \u00c1rp\u00e1d-fejedelem-Stra\u00dfe, der M\u0171egyetem-Uferpromenade, der Hunyadi-J\u00e1nos-Stra\u00dfe und der J\u00e9gverem-Stra\u00dfe.<\/p>\n\n\n\n<p class=\"wp-block-paragraph\">Die Polizei r\u00e4t Autofahrern, sich vor Fahrtantritt \u00fcber die ge\u00e4nderten Verkehrsregelungen zu informieren und den vor\u00fcbergehenden Beschilderungen und Anweisungen Folge zu leisten. Die BRFK hat detaillierte Informationen zu den betroffenen Orten und Zeiten ver\u00f6ffentlicht, zusammen mit einer interaktiven Karte, auf der die Einschr\u00e4nkungen f\u00fcr die einzelnen Stra\u00dfenabschnitte dargestellt sind. Der 41. Wizz Air Budapest-Halbmarathon findet am Sonntag, dem 6. September, in der ungarischen Hauptstadt statt und f\u00fchrt die L\u00e4ufer durch mehrere Stadtteile im Zentrum von Budapest.<\/p>\n\n\n\n<p class=\"has-black-color has-very-light-gray-to-cyan-bluish-gray-gradient-background has-text-color has-background has-link-color wp-elements-3 wp-block-paragraph\"><strong>Lesen Sie auch: <a href=\"https:\/\/dailynewshungary.com\/de\/budapest-hebt-die-energiebeschrankungen-auf-da-ab-dem-1-september-wieder-der-normale-betrieb-einkehrt\/\/\">Budapest hebt Energiebeschr\u00e4nkungen auf \u2013 ab dem 1. September kehrt der normale Betrieb zur\u00fcck<\/a><\/strong><\/p>\n","protected":false},"excerpt":{"rendered":"<p>In Budapest sind an diesem Wochenende umfangreiche Verkehrsbeschr\u00e4nkungen zu erwarten, da am Sonntag, dem 6. September, der 41. Wizz Air Budapest-Halbmarathon stattfindet. Die vor\u00fcbergehenden Sperrungen betreffen sieben Stadtbezirke und mehrere Hauptverkehrsstra\u00dfen, darunter Abschnitte von vier Br\u00fccken: die \u00c1rp\u00e1d-Br\u00fccke, die Margaretenbr\u00fccke, die Freiheitsbr\u00fccke und die Kettenbr\u00fccke. Die Budapester Polizeibeh\u00f6rde (BRFK) hat die Autofahrer aufgefordert, besondere Vorsicht [&hellip;]<\/p>\n","protected":false},"author":91,"featured_media":792089,"comment_status":"open","ping_status":"open","sticky":false,"template":"","format":"standard","meta":{"_acf_changed":false,"_display_image":"yes","footnotes":"","_members_access_role":[],"_members_access_error":""},"categories":[4384],"tags":[1111,4273,4742,4800,4801,4768,4865,4846,1446,1076,1145,1180],"class_list":["post-792088","post","type-post","status-publish","format-standard","has-post-thumbnail","hentry","category-budapest","tag-budapest","tag-ce","tag-kategorie-leben-in-ungarn-2","tag-kategorie-offentlicher-nahverkehr-in-budapest","tag-kategorie-offentlicher-nahverkehr-in-ungarn","tag-kategorie-reisen-2","tag-kategorie-sport-2","tag-kategorie-verkehr-2","tag-outdoor-sport","tag-ungarn","tag-verkehr","tag-wizz-air"],"blocksy_meta":[],"acf":[],"author_username":"api","telegram_post":"","public_post_metadata":{"breaking_news":"yes","important":"no","csempe":"yes","center_tile":"no","disable_thumbnail":"no","target_lang":"","_featured_image_style":"default","telegram_post":"","_xlat_group_id":"9f79bb3e-02ac-4a78-b6f0-5d531be7fdba"},"public_rank_math_data":{"title":"%title% %sep% %sitename%","description":"","focus_keyword":"budapest","canonical_url":"","robots":"","primary_category":"4384","breadcrumb_title":"","facebook_title":"","facebook_description":"","facebook_image":"","facebook_image_id":"","twitter_title":"","twitter_description":"","twitter_image":"","twitter_image_id":"","twitter_card_type":"","twitter_use_facebook":"","advanced_robots":"","pillar_content":"","seo_score":"72","contentai_score":"","rich_snippet":""},"_links":{"self":[{"href":"https:\/\/dailynewshungary.com\/de\/wp-json\/wp\/v2\/posts\/792088","targetHints":{"allow":["GET"]}}],"collection":[{"href":"https:\/\/dailynewshungary.com\/de\/wp-json\/wp\/v2\/posts"}],"about":[{"href":"https:\/\/dailynewshungary.com\/de\/wp-json\/wp\/v2\/types\/post"}],"author":[{"embeddable":true,"href":"https:\/\/dailynewshungary.com\/de\/wp-json\/wp\/v2\/users\/91"}],"replies":[{"embeddable":true,"href":"https:\/\/dailynewshungary.com\/de\/wp-json\/wp\/v2\/comments?post=792088"}],"version-history":[{"count":1,"href":"https:\/\/dailynewshungary.com\/de\/wp-json\/wp\/v2\/posts\/792088\/revisions"}],"predecessor-version":[{"id":792091,"href":"https:\/\/dailynewshungary.com\/de\/wp-json\/wp\/v2\/posts\/792088\/revisions\/792091"}],"wp:featuredmedia":[{"embeddable":true,"href":"https:\/\/dailynewshungary.com\/de\/wp-json\/wp\/v2\/media\/792089"}],"wp:attachment":[{"href":"https:\/\/dailynewshungary.com\/de\/wp-json\/wp\/v2\/media?parent=792088"}],"wp:term":[{"taxonomy":"category","embeddable":true,"href":"https:\/\/dailynewshungary.com\/de\/wp-json\/wp\/v2\/categories?post=792088"},{"taxonomy":"post_tag","embeddable":true,"href":"https:\/\/dailynewshungary.com\/de\/wp-json\/wp\/v2\/tags?post=792088"}],"curies":[{"name":"wp","href":"https:\/\/api.w.org\/{rel}","templated":true}]}}