{"id":792097,"date":"2026-09-03T08:54:00","date_gmt":"2026-09-03T06:54:00","guid":{"rendered":"https:\/\/dailynewshungary.com\/de\/neues-stadtviertel-in-budapest-nimmt-gestalt-an-324-wohnungen-und-ein-vier-sterne-hotel-sollen-entstehen-fotos\/"},"modified":"2026-09-03T08:54:00","modified_gmt":"2026-09-03T06:54:00","slug":"neues-stadtviertel-in-budapest-nimmt-gestalt-an-324-wohnungen-und-ein-vier-sterne-hotel-sollen-entstehen-fotos","status":"publish","type":"post","link":"https:\/\/dailynewshungary.com\/de\/neues-stadtviertel-in-budapest-nimmt-gestalt-an-324-wohnungen-und-ein-vier-sterne-hotel-sollen-entstehen-fotos\/","title":{"rendered":"Neues Stadtviertel in Budapest nimmt Gestalt an: 324 Wohnungen und ein Vier-Sterne-Hotel sollen entstehen \u2013 Fotos"},"content":{"rendered":"\n<p class=\"wp-block-paragraph\"><strong>Im 13. Bezirk von Budapest entsteht auf dem ehemaligen Gel\u00e4nde der Druckerei \u201eSzikra\u201c ein neuer st\u00e4dtischer Komplex mit gemischter Nutzung. Das Bauprojekt \u201eParkside Residence\u201c hat nun seine h\u00f6chste H\u00f6he erreicht. Auf dem 43.650 Quadratmeter gro\u00dfen Gel\u00e4nde, das von der Esztergomi-Stra\u00dfe, der Visegr\u00e1di-Stra\u00dfe, der S\u00fcll\u0151-Stra\u00dfe und der Zsilip-Stra\u00dfe begrenzt wird, sollen Wohnungen, ein Hotel, Einzelhandelsfl\u00e4chen und Gemeinschaftsr\u00e4ume entstehen.<\/strong><\/p>\n\n\n\n<p class=\"wp-block-paragraph\">Eines der Hauptmerkmale des Projekts ist die Neugestaltung eines Gel\u00e4ndes, das seit mehr als 15 Jahren weitgehend ungenutzt war und sich in unmittelbarer N\u00e4he des Vizafog\u00f3-Parks befindet.<\/p><figure class=\"wp-block-image aligncenter size-large\"><figcaption class=\"wp-element-caption\">\n<\/figcaption><\/figure>\n\n<figure class=\"wp-block-image aligncenter size-large\"><figcaption class=\"wp-element-caption\">\n<\/figcaption><img decoding=\"async\" src=\"https:\/\/dailynewshungary.b-cdn.net\/wp-content\/uploads\/2026\/09\/Parkside-Residence-Budapest2-1280x720.webp\" alt=\"Parkside Residence Budapest visual plan\" class=\"wp-image-705861\"\/><figcaption class=\"wp-element-caption\">Visualisierung: <a href=\"https:\/\/parksideresidence.hu\/kulso-latvanytervek\/\" target=\"_blank\" rel=\"noopener\">\u201eParkside Residence Budapest<\/a><\/figcaption><\/figure>\u201c\n\n\n\n<h2 class=\"wp-block-heading\">Geplant sind 324 Wohnungen und ein Hotel mit 152 Zimmern<\/h2>\n\n\n\n<p class=\"wp-block-paragraph\">Die Bebauung erfolgt in vier Phasen. <a href=\"https:\/\/magyarepitok.hu\/mi-epul\/2026\/09\/uj-varosi-komplexum-szuletik-a-szikra-nyomda-helyen-mar-elerte-legmagasabb-pontjat-a-parkside-residence\" target=\"_blank\" rel=\"noopener\">Laut Berichten von \u201eMagyar \u00c9p\u00edt\u0151k\u201c<\/a> sind insgesamt 324 neue Wohnungen, ein Vier-Sterne-Hotel mit 152 Zimmern, neun Einzelhandelsfl\u00e4chen, 364 Parkpl\u00e4tze und 215 Abstellr\u00e4ume vorgesehen.<\/p>\n\n\n\n<p class=\"wp-block-paragraph\">Ein wesentliches Element des Komplexes wird ein 2.000 Quadratmeter gro\u00dfer, landschaftlich gestalteter Innengarten sein, der mit den Wohngeb\u00e4uden verbunden ist. Im gesamten Bauprojekt werden fast 4.800 Quadratmeter Gr\u00fcnfl\u00e4che geschaffen.<\/p>\n\n\n\n<p class=\"wp-block-paragraph\">Das Projekt entsteht neben dem Vizafog\u00f3-Park, in der N\u00e4he des Stadtzentrums G\u00f6ncz \u00c1rp\u00e1d. Nach Angaben der Bautr\u00e4ger ist es das Ziel, ein st\u00e4dtisches Umfeld zu schaffen, in dem Wohn-, Einzelhandels-, Dienstleistungs- und Gemeinschaftsfunktionen mit Freizeitm\u00f6glichkeiten kombiniert werden.<\/p><figure class=\"wp-block-image aligncenter size-large\"><figcaption class=\"wp-element-caption\">\n<\/figcaption><\/figure>\n\n<figure class=\"wp-block-image aligncenter size-large\"><figcaption class=\"wp-element-caption\">\n<\/figcaption><img decoding=\"async\" src=\"https:\/\/dailynewshungary.b-cdn.net\/wp-content\/uploads\/2026\/09\/Parkside-Residence-Budapest3-1280x720.webp\" alt=\"Parkside Residence Budapest visual plan\" class=\"wp-image-705865\"\/><figcaption class=\"wp-element-caption\">Visualisierung: Parkside Residence Budapest<\/figcaption><\/figure>\n\n\n\n<h2 class=\"wp-block-heading\">Ein Vier-Sterne-Hotel wird Teil des Komplexes sein<\/h2>\n\n\n\n<p class=\"wp-block-paragraph\">Eines der markantesten Elemente der \u201eParkside Residence\u201c wird das \u201eStaybridge Suites\u201c-Hotel mit 152 Zimmern sein, das in das Portfolio der internationalen Hotelgruppe IHG Hotels &amp; Resorts aufgenommen wird. Das Vier-Sterne-Hotel im Apartmentstil richtet sich in erster Linie an Gesch\u00e4ftsreisende und G\u00e4ste, die sich f\u00fcr einen mittelfristigen Aufenthalt in Budapest aufhalten. Der Betrieb wird von der Mogotel Hotel Group \u00fcbernommen.<\/p>\n\n\n\n<p class=\"wp-block-paragraph\">Das Projekt geht somit \u00fcber ein herk\u00f6mmliches Wohnbauprojekt hinaus und bringt neben Wohnraum auch Beherbergungs- und Gewerbefunktionen in das Gebiet.<\/p><figure class=\"wp-block-image aligncenter size-large\"><figcaption class=\"wp-element-caption\">\n<\/figcaption><\/figure>\n\n<figure class=\"wp-block-image aligncenter size-large\"><figcaption class=\"wp-element-caption\">\n<\/figcaption><img decoding=\"async\" src=\"https:\/\/dailynewshungary.b-cdn.net\/wp-content\/uploads\/2026\/09\/Parkside-Residence-Budapest4-1280x720.webp\" alt=\"Parkside Residence Budapest visual plan\" class=\"wp-image-705866\"\/><figcaption class=\"wp-element-caption\">Visualisierung: <a href=\"https:\/\/parksideresidence.hu\/kulso-latvanytervek\/\" target=\"_blank\" rel=\"noopener\">Parkside Residence Budapest<\/a><\/figcaption><\/figure>\n\n\n\n<h2 class=\"wp-block-heading\">Erstes Projekt eines tschechischen Bautr\u00e4gers in Ungarn<\/h2>\n\n\n\n<p class=\"wp-block-paragraph\">Die \u201eParkside Residence\u201c wird von der tschechischen UDI-Gruppe entwickelt, die \u00fcber mehr als drei Jahrzehnte Erfahrung verf\u00fcgt und in sechs L\u00e4ndern im Bereich von Wohn-, Gewerbe- und Logistikprojekten t\u00e4tig ist. Das Projekt ist das erste Vorhaben des Unternehmens in Ungarn.<\/p>\n\n\n\n<blockquote class=\"wp-block-quote is-layout-flow wp-block-quote-is-layout-flow\">\n<p class=\"has-black-color has-pale-ocean-gradient-background has-text-color has-background has-link-color wp-elements-1 wp-block-paragraph\"><strong>Haben Sie schon davon geh\u00f6rt? <a href=\"https:\/\/dailynewshungary.com\/de\/gute-nachrichten-fur-immobilienkaufer-und-studierende-an-budapests-brachliegendem-ufergebiet-konnte-ein-weitlaufiger-studenten-und-wohnbezirk-entstehen\/\/\">Gute Nachrichten f\u00fcr Immobilienk\u00e4ufer und Studierende: An Budapests brachliegendem Ufer k\u00f6nnte ein riesiger Studenten- und Wohnbezirk entstehen<\/a><\/strong><\/p>\n<\/blockquote>\n\n\n\n<h2 class=\"wp-block-heading\">Energieeffiziente L\u00f6sungen sind vorgesehen<\/h2>\n\n\n\n<p class=\"wp-block-paragraph\">Auch die Energieeffizienz spielte bei der Entwicklung eine zentrale Rolle. Die Wohnungen werden mit einer auf W\u00e4rmepumpen basierenden Deckenheizung und -k\u00fchlung ausgestattet sein, die nach Angaben des Bautr\u00e4gers die Anforderungen der Energieeffizienzklasse A+ erf\u00fcllen soll.<\/p>\n\n\n\n<p class=\"wp-block-paragraph\">Die Pl\u00e4ne umfassen zudem ein Bew\u00e4sserungssystem mit Regenwassernutzung, Ladestationen f\u00fcr Elektrofahrzeuge sowie Vorkehrungen f\u00fcr die Installation von Smart-Home-Systemen.<\/p><figure class=\"wp-block-image aligncenter size-large\"><figcaption class=\"wp-element-caption\">\n<\/figcaption><\/figure>\n\n<figure class=\"wp-block-image aligncenter size-large\"><figcaption class=\"wp-element-caption\">\n<\/figcaption><img decoding=\"async\" src=\"https:\/\/dailynewshungary.b-cdn.net\/wp-content\/uploads\/2026\/09\/Parkside-Residence-Budapest5-1280x720.webp\" alt=\"Parkside Residence Budapest visual plan\" class=\"wp-image-705864\"\/><figcaption class=\"wp-element-caption\">Visualisierung: <a href=\"https:\/\/parksideresidence.hu\/kulso-latvanytervek\/\" target=\"_blank\" rel=\"noopener\">Parkside Residence Budapest<\/a><\/figcaption><\/figure>\n\n\n\n<h2 class=\"wp-block-heading\">Die Rohbauarbeiten weichen der n\u00e4chsten Bauphase<\/h2>\n\n\n\n<p class=\"wp-block-paragraph\">Das Richtfest markiert den Abschluss einer weiteren wichtigen Etappe der Rohbauarbeiten an den Geb\u00e4uden. Das Projekt verl\u00e4uft weiterhin nach dem geplanten Zeitplan. In der n\u00e4chsten Phase wird der Schwerpunkt vor allem auf Fassadenarbeiten, die Installation der Haustechnik und den Innenausbau verlagert.<\/p>\n\n\n\n<p class=\"wp-block-paragraph\">Nach Fertigstellung wird das Gel\u00e4nde der ehemaligen Druckerei Szikra, das mehr als 15 Jahre lang brachlag, eine v\u00f6llig neue Bestimmung erhalten. In einer der begehrten Lagen des 13. Bezirks entsteht somit ein neuer Komplex, der Wohn-, Hotel-, Einzelhandels- und Gemeinschaftsfunktionen vereint.<\/p><figure class=\"wp-block-image aligncenter size-large\"><figcaption class=\"wp-element-caption\">\n<\/figcaption><\/figure>\n\n<figure class=\"wp-block-image aligncenter size-large\"><figcaption class=\"wp-element-caption\">\n<\/figcaption><img decoding=\"async\" src=\"https:\/\/dailynewshungary.b-cdn.net\/wp-content\/uploads\/2026\/09\/Parkside-Residence-Budapest6-1280x720.webp\" alt=\"Parkside Residence Budapest visual plan\" class=\"wp-image-705863\"\/><figcaption class=\"wp-element-caption\">Visualisierung: <a href=\"https:\/\/parksideresidence.hu\/kulso-latvanytervek\/\" target=\"_blank\" rel=\"noopener\">Parkside Residence Budapest<\/a><\/figcaption><\/figure>\n\n\n\n<p class=\"has-text-align-center has-black-color has-electric-grass-gradient-background has-text-color has-background has-link-color wp-elements-2 wp-block-paragraph\"><strong>Bleiben Sie mit unserem \u201eHungary Weekly Briefing\u201c auf dem Laufenden:<\/strong> <strong><a href=\"https:\/\/substack.com\/@thehungaryinsider\" target=\"_blank\" rel=\"noopener\">Abonnieren Sie es auf Substack<\/a>!<\/strong><\/p>\n\n\n\n<h2 class=\"wp-block-heading\">Die N\u00e4he zum Park gewinnt zunehmend an Bedeutung<\/h2>\n\n\n\n<p class=\"wp-block-paragraph\"><a href=\"https:\/\/parksideresidence.hu\/vizafogo-park-kornyeke-vonzobb-valasztas-lakaskeresoknek\/\" target=\"_blank\" rel=\"noopener\">Nach Angaben des Bautr\u00e4gers<\/a> ist die Gegend rund um den Vizafog\u00f3-Park in den letzten Jahren f\u00fcr Immobilienk\u00e4ufer zunehmend attraktiver geworden. Einer der gr\u00f6\u00dften Vorteile dieses Standorts besteht darin, dass die Bewohner sowohl die Vorz\u00fcge der st\u00e4dtischen Infrastruktur als auch den einfachen Zugang zu Gr\u00fcnfl\u00e4chen genie\u00dfen k\u00f6nnen.<\/p>\n\n\n\n<p class=\"wp-block-paragraph\">Der nahegelegene Park bietet M\u00f6glichkeiten zum Spazierengehen, Sport treiben und Entspannen, w\u00e4hrend dieser Teil des 13. Bezirks zudem gut an das Stadtzentrum und andere Teile Budapests angebunden ist. Das Bauprojekt entsteht somit in einem Gebiet, in dem in den letzten Jahren bereits mehrere gro\u00dfe Immobilienprojekte realisiert wurden.<\/p><figure class=\"wp-block-image aligncenter size-large\"><figcaption class=\"wp-element-caption\">\n<\/figcaption><\/figure>\n\n<figure class=\"wp-block-image aligncenter size-large\"><figcaption class=\"wp-element-caption\">\n<\/figcaption><img decoding=\"async\" src=\"https:\/\/dailynewshungary.b-cdn.net\/wp-content\/uploads\/2026\/09\/Parkside-Residence-Budapest7-1280x720.webp\" alt=\"Parkside Residence Budapest visual plan\" class=\"wp-image-705862\"\/><figcaption class=\"wp-element-caption\">Visualisierung: <a href=\"https:\/\/parksideresidence.hu\/kulso-latvanytervek\/\" target=\"_blank\" rel=\"noopener\">Parkside Residence Budapest<\/a><\/figcaption><\/figure>\n","protected":false},"excerpt":{"rendered":"<p>Im 13. Bezirk von Budapest entsteht auf dem ehemaligen Gel\u00e4nde der Druckerei \u201eSzikra\u201c ein neuer st\u00e4dtischer Komplex mit gemischter Nutzung. Das Bauprojekt \u201eParkside Residence\u201c hat nun seine h\u00f6chste H\u00f6he erreicht. Auf dem 43.650 Quadratmeter gro\u00dfen Gel\u00e4nde, das von der Esztergomi-Stra\u00dfe, der Visegr\u00e1di-Stra\u00dfe, der S\u00fcll\u0151-Stra\u00dfe und der Zsilip-Stra\u00dfe begrenzt wird, sollen Wohnungen, ein Hotel, Einzelhandelsfl\u00e4chen und [&hellip;]<\/p>\n","protected":false},"author":62,"featured_media":792098,"comment_status":"open","ping_status":"open","sticky":false,"template":"","format":"standard","meta":{"_acf_changed":false,"_display_image":"","footnotes":"","_members_access_role":[],"_members_access_error":""},"categories":[4427],"tags":[1307,1111,1196,1269,1122,1193,4450,4404,4540,1076],"class_list":["post-792097","post","type-post","status-publish","format-standard","has-post-thumbnail","hentry","category-real","tag-bauwesen","tag-budapest","tag-fotogalerie","tag-hotel","tag-immobilien","tag-investition","tag-kategorie-budapest","tag-kategorie-reisen","tag-kategorie-wirtschaft","tag-ungarn"],"blocksy_meta":[],"acf":[],"author_username":"hmercedesz","telegram_post":"","public_post_metadata":{"breaking_news":"yes","important":"no","csempe":"yes","center_tile":"no","disable_thumbnail":"no","target_lang":"","_featured_image_style":"","telegram_post":"","_xlat_group_id":"0776591f-6e3e-43ef-b34e-a30acbf7cec6"},"public_rank_math_data":{"title":"%title% %sep% %sitename%","description":"","focus_keyword":"Budapest","canonical_url":"","robots":"","primary_category":"4427","breadcrumb_title":"","facebook_title":"","facebook_description":"","facebook_image":"","facebook_image_id":"","twitter_title":"","twitter_description":"","twitter_image":"","twitter_image_id":"","twitter_card_type":"","twitter_use_facebook":"","advanced_robots":"","pillar_content":"","seo_score":"88","contentai_score":"","rich_snippet":""},"_links":{"self":[{"href":"https:\/\/dailynewshungary.com\/de\/wp-json\/wp\/v2\/posts\/792097","targetHints":{"allow":["GET"]}}],"collection":[{"href":"https:\/\/dailynewshungary.com\/de\/wp-json\/wp\/v2\/posts"}],"about":[{"href":"https:\/\/dailynewshungary.com\/de\/wp-json\/wp\/v2\/types\/post"}],"author":[{"embeddable":true,"href":"https:\/\/dailynewshungary.com\/de\/wp-json\/wp\/v2\/users\/62"}],"replies":[{"embeddable":true,"href":"https:\/\/dailynewshungary.com\/de\/wp-json\/wp\/v2\/comments?post=792097"}],"version-history":[{"count":0,"href":"https:\/\/dailynewshungary.com\/de\/wp-json\/wp\/v2\/posts\/792097\/revisions"}],"wp:featuredmedia":[{"embeddable":true,"href":"https:\/\/dailynewshungary.com\/de\/wp-json\/wp\/v2\/media\/792098"}],"wp:attachment":[{"href":"https:\/\/dailynewshungary.com\/de\/wp-json\/wp\/v2\/media?parent=792097"}],"wp:term":[{"taxonomy":"category","embeddable":true,"href":"https:\/\/dailynewshungary.com\/de\/wp-json\/wp\/v2\/categories?post=792097"},{"taxonomy":"post_tag","embeddable":true,"href":"https:\/\/dailynewshungary.com\/de\/wp-json\/wp\/v2\/tags?post=792097"}],"curies":[{"name":"wp","href":"https:\/\/api.w.org\/{rel}","templated":true}]}}