{"id":792099,"date":"2026-09-03T10:14:00","date_gmt":"2026-09-03T08:14:00","guid":{"rendered":"https:\/\/dailynewshungary.com\/de\/orbans-sohn-in-einem-nicht-offentlichen-regierungsbeschluss-zum-leiter-der-medizinischen-mission-im-tschad-ernannt\/"},"modified":"2026-09-03T10:14:00","modified_gmt":"2026-09-03T08:14:00","slug":"orbans-sohn-in-einem-nicht-offentlichen-regierungsbeschluss-zum-leiter-der-medizinischen-mission-im-tschad-ernannt","status":"publish","type":"post","link":"https:\/\/dailynewshungary.com\/de\/orbans-sohn-in-einem-nicht-offentlichen-regierungsbeschluss-zum-leiter-der-medizinischen-mission-im-tschad-ernannt\/","title":{"rendered":"Orb\u00e1ns Sohn in einem nicht \u00f6ffentlichen Regierungsbeschluss zum Leiter der medizinischen Mission im Tschad ernannt"},"content":{"rendered":"\n<p class=\"wp-block-paragraph\"><strong>Neu erhaltene Dokumente deuten darauf hin, dass G\u00e1sp\u00e1r Orb\u00e1n eine weitaus bedeutendere Rolle bei Ungarns umstrittener Tschad-Mission gespielt hat, als bisher einger\u00e4umt wurde<\/strong>.<\/p>\n\n\n\n<p class=\"wp-block-paragraph\">G\u00e1sp\u00e1r Orb\u00e1n, der Sohn des ehemaligen ungarischen Ministerpr\u00e4sidenten Viktor Orb\u00e1n, wurde laut offiziellen Dokumenten, die der ungarischen Nachrichtenseite <a href=\"https:\/\/444.hu\/2026\/09\/03\/csak-akkor-indulhat-el-barmilyen-folyamat-ha-a-projektvezeto-ur-is-jovahagyta-belso-dokumentumok-tanuskodnak-orban-gaspar-szerepvallalasarol-a-csadi-misszioban\" target=\"_blank\" rel=\"noopener\">444.hu<\/a> vorliegen, in einem nicht \u00f6ffentlichen Regierungsbeschluss als Verantwortlicher f\u00fcr die Leitung einer ungarischen medizinischen Mission im Tschad benannt.<\/p>\n\n\n\n<p class=\"wp-block-paragraph\">Die Dokumente werfen ein neues Licht auf die Rolle, die der Sohn des ehemaligen Ministerpr\u00e4sidenten bei der geplanten afrikanischen Mission Ungarns spielte, und deuten darauf hin, dass seine Zust\u00e4ndigkeiten weit \u00fcber die blo\u00dfe Teilnahme an den Vorbereitungen hinausgingen.<\/p>\n\n\n\n<p class=\"wp-block-paragraph\">Laut 444.hu umfassen die Dokumente nicht \u00f6ffentliche Regierungsbeschl\u00fcsse und Aufzeichnungen im Zusammenhang mit der Mission. Sie zeigen Berichten zufolge, dass G\u00e1sp\u00e1r Orb\u00e1n eine F\u00fchrungsposition sowohl gegen\u00fcber dem Milit\u00e4rpersonal als auch gegen\u00fcber dem Koordinator der medizinischen Mission innehatte.<\/p>\n\n\n\n<blockquote class=\"wp-block-quote is-layout-flow wp-block-quote-is-layout-flow\">\n<p class=\"has-black-color has-pale-ocean-gradient-background has-text-color has-background has-link-color wp-elements-1 wp-block-paragraph\"><strong>Falls Sie es verpasst haben: <a href=\"https:\/\/dailynewshungary.com\/de\/hungarys-military-mission-to-chad-leaked-direkte-kampfeinsatze-waren-geplant\/\/\">Ungarns Milit\u00e4reinsatz im Tschad durchgesickert: \u201edirekte Kampfhandlungen\u201c waren geplant<\/a><\/strong><\/p>\n<\/blockquote>\n\n\n\n<h2 class=\"wp-block-heading\">G\u00e1sp\u00e1r Orb\u00e1n zum Leiter der medizinischen Mission ernannt<\/h2>\n\n\n\n<p class=\"wp-block-paragraph\">Zwischen dem 21. September und dem 5. Oktober 2023 reiste eine medizinische Mission in den Tschad. Ein nicht \u00f6ffentlicher Regierungsbeschluss zu dieser Mission benannte Berichten zufolge G\u00e1sp\u00e1r Orb\u00e1n als den Verantwortlichen f\u00fcr die Leitung der gesamten medizinischen Mission.<\/p>\n\n\n\n<p class=\"wp-block-paragraph\">Das Dokument ordnete sowohl die milit\u00e4rische F\u00fchrung als auch den Koordinator der medizinischen Mission seiner Weisungsbefugnis unter. Der ungarische Konsul war Berichten zufolge die einzige Person auf derselben Ebene in der Organisationsstruktur, obwohl dem Konsul keine weiteren Beamten unterstellt waren.<\/p>\n\n\n\n<p class=\"wp-block-paragraph\">Aus den Dokumenten geht zudem hervor, dass G\u00e1sp\u00e1r Orb\u00e1n bei einer fr\u00fcheren Mission im Niger eine f\u00fchrende Rolle gespielt hat.<\/p>\n\n\n\n<blockquote class=\"wp-block-quote is-layout-flow wp-block-quote-is-layout-flow\">\n<p class=\"wp-block-paragraph\">Einem Dokument zufolge sollen \u201eHungary Helps\u201c und die Ungarische Universit\u00e4t f\u00fcr Landwirtschaft und Lebenswissenschaften gem\u00e4\u00df den Anweisungen des Koordinationsb\u00fcros gehandelt haben, das von \u201eG\u00e1sp\u00e1r O.\u201c geleitet wurde.<\/p>\n<\/blockquote>\n\n\n\n<iframe loading=\"lazy\" src=\"https:\/\/www.facebook.com\/plugins\/post.php?href=https%3A%2F%2Fwww.facebook.com%2F444.hu%2Fposts%2Fpfbid0W4iwKPakRgPE1JnFpr8bqvkGSkRhUYJ8trWxHnnUmHDTtXNamdQDLDCHwicKZ961l&#038;show_text=true&#038;width=500\" width=\"500\" height=\"730\" style=\"border:none;overflow:hidden\" scrolling=\"no\" frameborder=\"0\" allowfullscreen=\"true\" allow=\"autoplay; clipboard-write; encrypted-media; picture-in-picture; web-share\"><\/iframe>\n\n\n\n<h2 class=\"wp-block-heading\">Aus der Niger-Mission wurde sp\u00e4ter eine Operation im Tschad<\/h2>\n\n\n\n<p class=\"wp-block-paragraph\">Die urspr\u00fcnglichen Pl\u00e4ne konzentrierten sich Berichten zufolge auf den Niger, doch die politischen Entwicklungen in dem westafrikanischen Land veranlassten Ungarn, das Ziel zu \u00e4ndern.<\/p>\n\n\n\n<p class=\"wp-block-paragraph\">Der Tschad r\u00fcckte daraufhin in den Mittelpunkt des Projekts, das \u00fcber eine reine Milit\u00e4roperation hinausging. Laut <a href=\"https:\/\/telex.hu\/belfold\/2026\/09\/03\/orban-gaspar-csad-iranyitas\" target=\"_blank\" rel=\"noopener\">Telex<\/a> beschrieb der damalige Au\u00dfenminister P\u00e9ter Szijj\u00e1rt\u00f3 die Initiative, als er sie im Dezember 2023 ank\u00fcndigte, als eine Zusammenarbeit in den Bereichen Sicherheit, Wirtschaft, humanit\u00e4re Hilfe und Bildung.<\/p>\n\n\n\n<p class=\"wp-block-paragraph\">Aus Dokumenten, die 444.hu vorliegen, geht Berichten zufolge hervor, dass G\u00e1sp\u00e1r Orb\u00e1n Mitglied der im Zusammenhang mit der Tschad-Mission eingerichteten Afrika-Arbeitsgruppe (MUCS) war.<\/p>\n\n\n\n<p class=\"wp-block-paragraph\">Die Dokumente deuten jedoch darauf hin, dass sein Engagement weit \u00fcber eine gew\u00f6hnliche Mitgliedschaft hinausging. Laut der Berichterstattung von 444.hu weisen mehrere interne Dokumente darauf hin, dass Aktivit\u00e4ten im Zusammenhang mit dem Projekt seiner Zustimmung bedurften.<\/p>\n\n\n\n<p class=\"has-text-align-center has-black-color has-electric-grass-gradient-background has-text-color has-background has-link-color wp-elements-2 wp-block-paragraph\"><strong>Bleiben Sie mit unserem \u201eHungary Weekly Briefing\u201c auf dem Laufenden:<\/strong> <strong><a href=\"https:\/\/substack.com\/@thehungaryinsider\" target=\"_blank\" rel=\"noopener\">Abonnieren Sie es auf Substack<\/a>!<\/strong><\/p>\n\n\n\n<h2 class=\"wp-block-heading\">Regierungsvertreter gaben widerspr\u00fcchliche Aussagen ab<\/h2>\n\n\n\n<p class=\"wp-block-paragraph\">Die nun ver\u00f6ffentlichten Dokumente scheinen im Widerspruch zu fr\u00fcheren Aussagen ungarischer Regierungs- und Milit\u00e4rvertreter \u00fcber die Beteiligung von G\u00e1sp\u00e1r Orb\u00e1n zu stehen.<\/p>\n\n\n\n<p class=\"wp-block-paragraph\">Im April best\u00e4tigte der damalige Generalstabschef G\u00e1bor B\u00f6r\u00f6ndi, dass der Sohn des ehemaligen Ministerpr\u00e4sidenten an der Regierungsarbeitsgruppe teilgenommen habe, die sich mit dem Einsatz im Tschad befasste. Gleichzeitig bezeichnete B\u00f6r\u00f6ndi jedoch Behauptungen, G\u00e1sp\u00e1r Orb\u00e1n habe die Gruppe geleitet, als \u201egrobe \u00dcbertreibung\u201c.<\/p>\n\n\n\n<p class=\"wp-block-paragraph\">\u201eWir hatten ein eigens daf\u00fcr eingerichtetes Planungsteam, das von meinem Stellvertreter, Generalleutnant Ferenc Kaj\u00e1ri, geleitet wurde\u201c, erkl\u00e4rte B\u00f6r\u00f6ndi damals.<\/p>\n\n\n\n<blockquote class=\"wp-block-quote is-layout-flow wp-block-quote-is-layout-flow\">\n<p class=\"wp-block-paragraph\">Der ehemalige Regierungsminister Gergely Guly\u00e1s hatte zuvor behauptet, G\u00e1sp\u00e1r Orb\u00e1n habe bei der Vorbereitung der Tschad-Mission keine Rolle gespielt.<\/p>\n<\/blockquote>\n\n\n\n<p class=\"wp-block-paragraph\">Der ehemalige Verteidigungsminister Krist\u00f3f Szalay-Bobrovniczky hatte jedoch eine andere Darstellung abgegeben. Sowohl in einem Interview als auch bei einer parlamentarischen Anh\u00f6rung im Jahr 2024 erkl\u00e4rte er, G\u00e1sp\u00e1r Orb\u00e1n sei an der Vorbereitung der Mission beteiligt gewesen, nachdem er in das Ministerkabinett berufen worden war.<\/p>\n\n\n\n<h2 class=\"wp-block-heading\">Orb\u00e1ns Sohn war bereits mit der geheimen Mission in Verbindung gebracht worden<\/h2>\n\n\n\n<p class=\"wp-block-paragraph\">G\u00e1sp\u00e1r Orb\u00e1ns <a href=\"https:\/\/dailynewshungary.com\/de\/der-prasident-des-tschad-konnte-nachste-woche-wahrend-eines-besuchs-in-budapest-ungarische-truppen-in-sein-land-einladen\/\/\">Beteiligung<\/a> an der Afrika-Operation erregte erstmals Anfang 2024 breite Aufmerksamkeit, als die investigative Nachrichtenplattform <a href=\"https:\/\/telex.hu\/direkt36\/2024\/01\/26\/hiaba-alcazta-magat-orban-gaspar-igy-is-leleplezodott-titkos-afrikai-kuldetese\" target=\"_blank\" rel=\"noopener\">Direkt36<\/a> \u00fcber seine Rolle <a href=\"https:\/\/telex.hu\/direkt36\/2024\/01\/26\/hiaba-alcazta-magat-orban-gaspar-igy-is-leleplezodott-titkos-afrikai-kuldetese\" target=\"_blank\" rel=\"noopener\">berichtete<\/a>. Die Plattform ver\u00f6ffentlichte Fotos und Videos, die offenbar zeigen, wie er pers\u00f6nlich an Verhandlungen der ungarischen Delegation im Tschad teilnahm.<\/p>\n\n\n\n<p class=\"wp-block-paragraph\">Vor kurzem <a href=\"https:\/\/telex.hu\/video\/2026\/04\/02\/palinkas-szilveszter-interju-honvedseg-katonasag-orban-gaspar-szalay-bobrovniczky-kristof-csad\" target=\"_blank\" rel=\"noopener\">erkl\u00e4rte<\/a> Hauptmann Szilveszter P\u00e1link\u00e1s <a href=\"https:\/\/telex.hu\/video\/2026\/04\/02\/palinkas-szilveszter-interju-honvedseg-katonasag-orban-gaspar-szalay-bobrovniczky-kristof-csad\" target=\"_blank\" rel=\"noopener\">gegen\u00fcber Telex<\/a>, dass G\u00e1sp\u00e1r Orb\u00e1n nach seinem Abschluss an der Royal Military Academy im Vereinigten K\u00f6nigreich, wo er den Rang eines Oberleutnants innehatte, ein B\u00fcro im Karmelita-Komplex in Budapest erhalten habe. Laut P\u00e1link\u00e1s begann er anschlie\u00dfend mit der Planung des Afrika-Einsatzes.<\/p>\n\n\n\n<blockquote class=\"wp-block-quote is-layout-flow wp-block-quote-is-layout-flow\">\n<p class=\"has-black-color has-pale-ocean-gradient-background has-text-color has-background has-link-color wp-elements-3 wp-block-paragraph\"><strong>Falls Sie es verpasst haben: <a href=\"https:\/\/dailynewshungary.com\/de\/schockierende-details-uber-gaspar-orbans-militareinsatz-im-tschad-kommen-ans-licht-sind-moglicherweise-viele-menschen-ums-leben-gekommen-und-waren-die-kosten-enorm\/\/\">Schockierende Details \u00fcber G\u00e1sp\u00e1r Orb\u00e1ns Milit\u00e4rmission im Tschad kommen ans Licht: K\u00f6nnten viele Menschen unter enormen Opfern ums Leben gekommen sein?<\/a><\/strong><\/p>\n<\/blockquote>\n","protected":false},"excerpt":{"rendered":"<p>Neu erhaltene Dokumente deuten darauf hin, dass G\u00e1sp\u00e1r Orb\u00e1n eine weitaus bedeutendere Rolle bei Ungarns umstrittener Tschad-Mission gespielt hat, als bisher einger\u00e4umt wurde. G\u00e1sp\u00e1r Orb\u00e1n, der Sohn des ehemaligen ungarischen Ministerpr\u00e4sidenten Viktor Orb\u00e1n, wurde laut offiziellen Dokumenten, die der ungarischen Nachrichtenseite 444.hu vorliegen, in einem nicht \u00f6ffentlichen Regierungsbeschluss als Verantwortlicher f\u00fcr die Leitung einer ungarischen [&hellip;]<\/p>\n","protected":false},"author":62,"featured_media":792100,"comment_status":"open","ping_status":"open","sticky":false,"template":"","format":"standard","meta":{"_acf_changed":false,"_display_image":"","footnotes":"","_members_access_role":[],"_members_access_error":""},"categories":[1081],"tags":[1155,4765,4766,1204,4715,1076,1128],"class_list":["post-792099","post","type-post","status-publish","format-standard","has-post-thumbnail","hentry","category-politik","tag-afrika","tag-kategorie-ausenpolitik-2","tag-kategorie-ungarische-politik-2","tag-militar","tag-regierung-orban","tag-ungarn","tag-viktor-orban"],"blocksy_meta":[],"acf":[],"author_username":"hmercedesz","telegram_post":"","public_post_metadata":{"breaking_news":"yes","important":"no","csempe":"yes","center_tile":"no","disable_thumbnail":"no","target_lang":"","_featured_image_style":"","telegram_post":"","_xlat_group_id":"7c92a8d2-54f4-4dc3-81cd-074883e74922"},"public_rank_math_data":{"title":"%title% %sep% %sitename%","description":"","focus_keyword":"Orb\u00e1n","canonical_url":"","robots":"","primary_category":"1081","breadcrumb_title":"","facebook_title":"","facebook_description":"","facebook_image":"","facebook_image_id":"","twitter_title":"","twitter_description":"","twitter_image":"","twitter_image_id":"","twitter_card_type":"","twitter_use_facebook":"","advanced_robots":"","pillar_content":"","seo_score":"82","contentai_score":"","rich_snippet":""},"_links":{"self":[{"href":"https:\/\/dailynewshungary.com\/de\/wp-json\/wp\/v2\/posts\/792099","targetHints":{"allow":["GET"]}}],"collection":[{"href":"https:\/\/dailynewshungary.com\/de\/wp-json\/wp\/v2\/posts"}],"about":[{"href":"https:\/\/dailynewshungary.com\/de\/wp-json\/wp\/v2\/types\/post"}],"author":[{"embeddable":true,"href":"https:\/\/dailynewshungary.com\/de\/wp-json\/wp\/v2\/users\/62"}],"replies":[{"embeddable":true,"href":"https:\/\/dailynewshungary.com\/de\/wp-json\/wp\/v2\/comments?post=792099"}],"version-history":[{"count":0,"href":"https:\/\/dailynewshungary.com\/de\/wp-json\/wp\/v2\/posts\/792099\/revisions"}],"wp:featuredmedia":[{"embeddable":true,"href":"https:\/\/dailynewshungary.com\/de\/wp-json\/wp\/v2\/media\/792100"}],"wp:attachment":[{"href":"https:\/\/dailynewshungary.com\/de\/wp-json\/wp\/v2\/media?parent=792099"}],"wp:term":[{"taxonomy":"category","embeddable":true,"href":"https:\/\/dailynewshungary.com\/de\/wp-json\/wp\/v2\/categories?post=792099"},{"taxonomy":"post_tag","embeddable":true,"href":"https:\/\/dailynewshungary.com\/de\/wp-json\/wp\/v2\/tags?post=792099"}],"curies":[{"name":"wp","href":"https:\/\/api.w.org\/{rel}","templated":true}]}}