{"id":792101,"date":"2026-09-03T11:34:00","date_gmt":"2026-09-03T09:34:00","guid":{"rendered":"https:\/\/dailynewshungary.com\/de\/vorsprung-der-tisza-partei-schrumpft-wahrend-fidesz-in-neuer-umfrage-boden-gutmacht-auch-magyars-beliebtheitswerte-sinken\/"},"modified":"2026-09-03T11:34:00","modified_gmt":"2026-09-03T09:34:00","slug":"vorsprung-der-tisza-partei-schrumpft-wahrend-fidesz-in-neuer-umfrage-boden-gutmacht-auch-magyars-beliebtheitswerte-sinken","status":"publish","type":"post","link":"https:\/\/dailynewshungary.com\/de\/vorsprung-der-tisza-partei-schrumpft-wahrend-fidesz-in-neuer-umfrage-boden-gutmacht-auch-magyars-beliebtheitswerte-sinken\/","title":{"rendered":"Vorsprung der Tisza-Partei schrumpft, w\u00e4hrend Fidesz in neuer Umfrage Boden gutmacht \u2013 Auch Magyars Beliebtheitswerte sinken"},"content":{"rendered":"\n<p class=\"wp-block-paragraph\"><strong>Eine Umfrage von Publicus zeigt, dass sich der Vorsprung von P\u00e9ter Magyar gegen\u00fcber Viktor Orb\u00e1n hinsichtlich der Eignung f\u00fcr das Amt des Ministerpr\u00e4sidenten verringert, obwohl der Tisza-Vorsitzende weiterhin deutlich vorne liegt<\/strong><\/p>\n\n\n\n<p class=\"wp-block-paragraph\">Die Zustimmung f\u00fcr Ungarns regierende Fidesz-Partei stieg im August leicht an, w\u00e4hrend die Unterst\u00fctzung f\u00fcr die Tisza-Partei zur\u00fcckging. Dies geht aus einer <a href=\"https:\/\/publicus.hu\/blog\/partok-tamogatottsaga-2026-augusztus\/\" target=\"_blank\" rel=\"noopener\">neuen Umfrage<\/a> des Publicus-Instituts hervor, die von <a href=\"https:\/\/nepszava.hu\/\" target=\"_blank\" rel=\"noopener\">der<\/a> Tageszeitung <a href=\"https:\/\/nepszava.hu\/\" target=\"_blank\" rel=\"noopener\">\u201eN\u00e9pszava\u201c<\/a> in Auftrag gegeben wurde.<\/p>\n\n\n\n<p class=\"wp-block-paragraph\">Die Umfrage ergab zudem, dass nun weniger Ungarn P\u00e9ter Magyar f\u00fcr geeignet halten, das Amt des Ministerpr\u00e4sidenten zu bekleiden, w\u00e4hrend sich Viktor Orb\u00e1ns Bewertung bei derselben Frage verbesserte. Trotz dieser Verschiebung ist Magyar in der Gesamtbev\u00f6lkerung nach wie vor deutlich beliebter als Orb\u00e1n.<\/p>\n\n\n\n<p class=\"wp-block-paragraph\">Die Umfrage wurde zwischen dem 18. und 25. August durchgef\u00fchrt, wobei 1.006 Personen telefonisch befragt wurden. Die Datenerhebung wurde vor der Kontroverse um die Ernennung des Leiters des ungarischen Amtes f\u00fcr Verm\u00f6gensr\u00fcckgewinnung abgeschlossen.<\/p><figure class=\"wp-block-image aligncenter size-full\"><figcaption class=\"wp-element-caption\">\n<\/figcaption><\/figure>\n\n<figure class=\"wp-block-image aligncenter size-full\"><figcaption class=\"wp-element-caption\">\n<\/figcaption><img decoding=\"async\" src=\"https:\/\/dailynewshungary.b-cdn.net\/wp-content\/uploads\/2026\/08\/Former-PM-Viktor-Orban.webp\" alt=\"Former PM Viktor Orb\u00e1n\" class=\"wp-image-704621\"\/><figcaption class=\"wp-element-caption\">Foto: <a href=\"https:\/\/www.facebook.com\/orbanviktor\/posts\/pfbid02zZwFAyngBTKjFLqFChNNR8P2DSaeJw2DYgM1QptCkY34dXf9vDKegMBy5RV88GQyl\" target=\"_blank\" rel=\"noopener\">Facebook\/Viktor Orb\u00e1n<\/a><\/figcaption><\/figure>\n\n\n\n<h2 class=\"wp-block-heading\">Tisza liegt bei den entschlossenen W\u00e4hlern weiterhin deutlich in F\u00fchrung<\/h2>\n\n\n\n<p class=\"wp-block-paragraph\">Unter den W\u00e4hlern, die sich bereits f\u00fcr eine Partei entschieden haben, sprachen sich 65 Prozent f\u00fcr Tisza aus, w\u00e4hrend 24 Prozent Fidesz unterst\u00fctzten. Die Zustimmung f\u00fcr Tisza sank im Vergleich zum Juli um drei Prozentpunkte, w\u00e4hrend Fidesz einen Punkt zulegte. Trotz dieser Verschiebung verf\u00fcgt die Oppositionspartei unter den W\u00e4hlern, die sich bereits f\u00fcr eine Partei entschieden haben, weiterhin \u00fcber einen betr\u00e4chtlichen Vorsprung von 41 Prozentpunkten.<\/p>\n\n\n\n<p class=\"wp-block-paragraph\">Die kleineren Parteien blieben deutlich hinter den beiden Hauptkonkurrenten zur\u00fcck. \u201eMi Haz\u00e1nk\u201c und die Ungarische Zweischw\u00e4nzige-Hund-Partei lagen bei den W\u00e4hlern mit feststehender Wahlentscheidung jeweils bei rund 1 Prozent.<\/p>\n\n\n\n<p class=\"wp-block-paragraph\">Betrachtet man die gesamte Stichprobe, so wurde Tisza von 48 Prozent der Befragten unterst\u00fctzt, gegen\u00fcber 19 Prozent f\u00fcr Fidesz. Mi Haz\u00e1nk erhielt 5 Prozent, w\u00e4hrend die Demokratische Koalition und die Partei des zweischw\u00e4nzigen Hundes jeweils 1 Prozent verzeichneten. Unterdessen waren sich 26 Prozent der Befragten noch unsicher, welche Partei sie unterst\u00fctzen w\u00fcrden \u2013 drei Prozentpunkte mehr als einen Monat zuvor.<\/p><figure class=\"wp-block-image aligncenter size-full\"><figcaption class=\"wp-element-caption\">\n<\/figcaption><\/figure>\n\n<figure class=\"wp-block-image aligncenter size-full\"><figcaption class=\"wp-element-caption\">\n<\/figcaption><img decoding=\"async\" src=\"https:\/\/dailynewshungary.b-cdn.net\/wp-content\/uploads\/2026\/08\/Radnai-Mark-es-Magyar-Peter-korrupcios-botranyszeruseg-a-Tisza-korul.webp\" alt=\"P\u00e9ter Magyar and M\u00e1rk Radnai - corruption around the Tisza Party?\" class=\"wp-image-705482\"\/><figcaption class=\"wp-element-caption\">M\u00e1rk Radnai und P\u00e9ter Magyar. Foto: <a href=\"https:\/\/www.facebook.com\/tisza.komaromesztergommegye.02oevk\/posts\/pfbid02yQzgjZp3AY5aSJm17ChfsmhnHPq586nPMkMBJLADcJKtJCmFrfLvYUKbaB9zmzmfl\" target=\"_blank\" rel=\"noopener\">Facebook\/Radnai M\u00e1rk<\/a><\/figcaption><\/figure>\n\n\n\n<blockquote class=\"wp-block-quote is-layout-flow wp-block-quote-is-layout-flow\">\n<p class=\"has-black-color has-pale-ocean-gradient-background has-text-color has-background has-link-color wp-elements-1 wp-block-paragraph\"><strong>Falls Sie es verpasst haben: <a href=\"https:\/\/dailynewshungary.com\/de\/eilmeldung-ungarn-blockiert-erneut-den-eu-beitritt-der-ukraine-das-sind-die-forderungen-budapests\/\/\">Ungarn blockiert erneut den EU-Beitritt der Ukraine \u2013 Das will Budapest<\/a><\/strong><\/p>\n<\/blockquote>\n\n\n\n<h2 class=\"wp-block-heading\">Ungarn sind etwas weniger zufrieden mit der Richtung, in die sich das Land entwickelt<\/h2>\n\n\n\n<p class=\"wp-block-paragraph\">Die Umfrage ergab zudem eine leichte Verschlechterung der \u00f6ffentlichen Zufriedenheit mit der aktuellen Entwicklung in Ungarn. Ende August gaben 61 Prozent der Befragten an, mit der Richtung, in die sich das Land bewegt, eher zufrieden zu sein \u2013 ein R\u00fcckgang um zwei Prozentpunkte gegen\u00fcber Juli. Der Anteil der Unzufriedenen stieg um vier Prozentpunkte.<\/p>\n\n\n\n<p class=\"wp-block-paragraph\">Bei den Antworten zeigte sich eine deutliche parteipolitische Kluft. Rund 91 Prozent der Tisza-W\u00e4hler gaben an, zufrieden zu sein, verglichen mit nur 9 Prozent der Fidesz-Anh\u00e4nger. Unter den unentschlossenen W\u00e4hlern waren 49 Prozent mit der Entwicklung des Landes zufrieden, w\u00e4hrend 42 Prozent unzufrieden waren.<\/p>\n\n\n\n<h2 class=\"wp-block-heading\">Magyar liegt weiterhin vor Orb\u00e1n, doch der Abstand verringert sich<\/h2>\n\n\n\n<p class=\"wp-block-paragraph\">Im Rahmen der Umfrage wurden die Befragten zudem gefragt, ob sie P\u00e9ter Magyar und Viktor Orb\u00e1n f\u00fcr geeignet hielten, das Amt des ungarischen Ministerpr\u00e4sidenten auszu\u00fcben.<\/p>\n\n\n\n<p class=\"wp-block-paragraph\">Magyar wurde von 57 Prozent als eher geeignet angesehen, w\u00e4hrend 34 Prozent ihn f\u00fcr eher ungeeignet hielten. Seine Bewertung hat sich dennoch deutlich verschlechtert: Im Juli lagen die Zahlen noch bei 62 Prozent zu 30 Prozent, w\u00e4hrend eine fr\u00fchere Publicus-Umfrage ein Verh\u00e4ltnis von 72 zu 21 ergab.<\/p>\n\n\n\n<p class=\"wp-block-paragraph\">Orb\u00e1n hingegen verzeichnete einen Anstieg seiner Beliebtheit. 33 Prozent der Befragten hielten den ehemaligen Ministerpr\u00e4sidenten f\u00fcr eher geeignet, das Land zu f\u00fchren, w\u00e4hrend 61 Prozent ihn f\u00fcr ungeeignet hielten. Im Juli lagen die Werte bei 29 Prozent bzw. 65 Prozent.<\/p>\n\n\n\n<p class=\"wp-block-paragraph\">Dies bedeutet, dass sich Magyars Vorsprung gegen\u00fcber Orb\u00e1n in der Frage der Eignung von 33 Prozentpunkten im Juli auf 24 Punkte im August verringert hat.<\/p>\n\n\n\n<p class=\"has-text-align-center has-black-color has-electric-grass-gradient-background has-text-color has-background has-link-color wp-elements-2 wp-block-paragraph\"><strong>Bleiben Sie mit unserem \u201eHungary Weekly Briefing\u201c auf dem Laufenden:<\/strong> <strong><a href=\"https:\/\/substack.com\/@thehungaryinsider\" target=\"_blank\" rel=\"noopener\">Abonnieren Sie es auf Substack<\/a>!<\/strong><\/p>\n\n\n\n<h2 class=\"wp-block-heading\">Deutliche Kluft zwischen den beiden politischen Lagern<\/h2>\n\n\n\n<p class=\"wp-block-paragraph\">Die parteipolitische Kluft ist nach wie vor besonders ausgepr\u00e4gt. Unter den Anh\u00e4ngern der Partei Tisza hielten 97 Prozent Magyar f\u00fcr geeignet, das Amt des Ministerpr\u00e4sidenten zu bekleiden, w\u00e4hrend nur 3 Prozent der Fidesz-W\u00e4hler dieser Ansicht waren. Umgekehrt hielten 93 Prozent der Fidesz-W\u00e4hler Orb\u00e1n f\u00fcr geeignet, das Land zu f\u00fchren, verglichen mit nur 4 Prozent unter den Tisza-Anh\u00e4ngern.<\/p>\n\n\n\n<p class=\"wp-block-paragraph\">Unter den unentschlossenen W\u00e4hlern hatte Orb\u00e1n einen leichten Vorsprung: 41 Prozent hielten ihn f\u00fcr geeignet, das Amt des Ministerpr\u00e4sidenten zu bekleiden, gegen\u00fcber 33 Prozent f\u00fcr Magyar.<\/p>\n\n\n\n<p class=\"wp-block-paragraph\">Die Publicus-Umfrage wurde im Auftrag von \u201eN\u00e9pszava\u201c zwischen dem 18. und 25. August telefonisch unter einer repr\u00e4sentativen Stichprobe von 1.006 Personen durchgef\u00fchrt. Da die Feldarbeit vor der Ernennung des Leiters des Amtes f\u00fcr Verm\u00f6gensr\u00fcckgewinnung endete, spiegelt die Umfrage keine m\u00f6glichen Auswirkungen dieser <a href=\"https:\/\/dailynewshungary.com\/de\/was-hat-die-offentlichkeit-gegen-frau-unger-ministerprasident-magyar-wehrt-sich-gegen-kritiker-der-neuen-leiterin-der-ungarischen-vermogensruckgewinnungsbehorde\/\/\">sp\u00e4teren politischen Kontroverse<\/a> wider.<\/p>\n","protected":false},"excerpt":{"rendered":"<p>Eine Umfrage von Publicus zeigt, dass sich der Vorsprung von P\u00e9ter Magyar gegen\u00fcber Viktor Orb\u00e1n hinsichtlich der Eignung f\u00fcr das Amt des Ministerpr\u00e4sidenten verringert, obwohl der Tisza-Vorsitzende weiterhin deutlich vorne liegt Die Zustimmung f\u00fcr Ungarns regierende Fidesz-Partei stieg im August leicht an, w\u00e4hrend die Unterst\u00fctzung f\u00fcr die Tisza-Partei zur\u00fcckging. Dies geht aus einer neuen Umfrage [&hellip;]<\/p>\n","protected":false},"author":62,"featured_media":792102,"comment_status":"open","ping_status":"open","sticky":false,"template":"","format":"standard","meta":{"_acf_changed":false,"_display_image":"","footnotes":"","_members_access_role":[],"_members_access_error":""},"categories":[1081],"tags":[1091,4766,4673,4719,4674,1139,1102,1076,1128],"class_list":["post-792101","post","type-post","status-publish","format-standard","has-post-thumbnail","hentry","category-politik","tag-fidesz","tag-kategorie-ungarische-politik-2","tag-peter-magyar","tag-regierung-magyar","tag-tisza-partei","tag-umfrage","tag-ungarische-regierung","tag-ungarn","tag-viktor-orban"],"blocksy_meta":[],"acf":[],"author_username":"hmercedesz","telegram_post":"","public_post_metadata":{"breaking_news":"yes","important":"no","csempe":"yes","center_tile":"no","disable_thumbnail":"no","target_lang":"","_featured_image_style":"","telegram_post":"","_xlat_group_id":"6166753c-3c36-4f4d-a3a7-f9b4bf9ed9e5"},"public_rank_math_data":{"title":"%title% %sep% %sitename%","description":"","focus_keyword":"Tisza","canonical_url":"","robots":"","primary_category":"1081","breadcrumb_title":"","facebook_title":"","facebook_description":"","facebook_image":"","facebook_image_id":"","twitter_title":"","twitter_description":"","twitter_image":"","twitter_image_id":"","twitter_card_type":"","twitter_use_facebook":"","advanced_robots":"","pillar_content":"","seo_score":"85","contentai_score":"","rich_snippet":""},"_links":{"self":[{"href":"https:\/\/dailynewshungary.com\/de\/wp-json\/wp\/v2\/posts\/792101","targetHints":{"allow":["GET"]}}],"collection":[{"href":"https:\/\/dailynewshungary.com\/de\/wp-json\/wp\/v2\/posts"}],"about":[{"href":"https:\/\/dailynewshungary.com\/de\/wp-json\/wp\/v2\/types\/post"}],"author":[{"embeddable":true,"href":"https:\/\/dailynewshungary.com\/de\/wp-json\/wp\/v2\/users\/62"}],"replies":[{"embeddable":true,"href":"https:\/\/dailynewshungary.com\/de\/wp-json\/wp\/v2\/comments?post=792101"}],"version-history":[{"count":0,"href":"https:\/\/dailynewshungary.com\/de\/wp-json\/wp\/v2\/posts\/792101\/revisions"}],"wp:featuredmedia":[{"embeddable":true,"href":"https:\/\/dailynewshungary.com\/de\/wp-json\/wp\/v2\/media\/792102"}],"wp:attachment":[{"href":"https:\/\/dailynewshungary.com\/de\/wp-json\/wp\/v2\/media?parent=792101"}],"wp:term":[{"taxonomy":"category","embeddable":true,"href":"https:\/\/dailynewshungary.com\/de\/wp-json\/wp\/v2\/categories?post=792101"},{"taxonomy":"post_tag","embeddable":true,"href":"https:\/\/dailynewshungary.com\/de\/wp-json\/wp\/v2\/tags?post=792101"}],"curies":[{"name":"wp","href":"https:\/\/api.w.org\/{rel}","templated":true}]}}