{"id":792105,"date":"2026-09-03T14:14:00","date_gmt":"2026-09-03T12:14:00","guid":{"rendered":"https:\/\/dailynewshungary.com\/de\/eilmeldung-erasmus-kehrt-nach-ungarn-zuruck-ungarische-studierende-konnen-wieder-im-ausland-studieren\/"},"modified":"2026-09-03T16:40:10","modified_gmt":"2026-09-03T14:40:10","slug":"eilmeldung-erasmus-kehrt-nach-ungarn-zuruck-ungarische-studierende-konnen-wieder-im-ausland-studieren","status":"publish","type":"post","link":"https:\/\/dailynewshungary.com\/de\/eilmeldung-erasmus-kehrt-nach-ungarn-zuruck-ungarische-studierende-konnen-wieder-im-ausland-studieren\/","title":{"rendered":"EILMELDUNG: Erasmus kehrt nach Ungarn zur\u00fcck \u2013 ungarische Studierende k\u00f6nnen wieder im Ausland studieren!"},"content":{"rendered":"\n<p class=\"wp-block-paragraph\"><strong>Ungarische Studierende k\u00f6nnen ab dem akademischen Jahr 2026\/2027 wieder uneingeschr\u00e4nkt am Erasmus+-Programm der EU teilnehmen, wie die Regierung bekannt gegeben hat. Dieser Schritt folgt auf jahrelange Auseinandersetzungen zwischen Budapest und Br\u00fcssel \u00fcber die Verwaltung der ungarischen Hochschulstiftungen.<\/strong><\/p>\n\n\n\n<p class=\"wp-block-paragraph\">Ungarische Studierende sollen ab dem akademischen Jahr 2026\/2027 wieder Zugang zum Erasmus+-Austauschprogramm der Europ\u00e4ischen Union erhalten, wie <a href=\"https:\/\/www.facebook.com\/kormanyzat\/posts\/pfbid0uGC8uVZFn2JPvC5RBKH3z4deiqK72xxaNrEz2nFNqUYLKrcFkYeUvB8HaPV4spi5l\" target=\"_blank\" rel=\"noopener\">die ungarische Regierun<\/a><a href=\"https:\/\/www.facebook.com\/kormanyzat\/posts\/pfbid0uGC8uVZFn2JPvC5RBKH3z4deiqK72xxaNrEz2nFNqUYLKrcFkYeUvB8HaPV4spi5l\" data-type=\"link\" data-id=\"https:\/\/www.facebook.com\/kormanyzat\/posts\/pfbid0uGC8uVZFn2JPvC5RBKH3z4deiqK72xxaNrEz2nFNqUYLKrcFkYeUvB8HaPV4spi5l\" target=\"_blank\" rel=\"noopener\">g am Donnerstag b<\/a><a href=\"https:\/\/www.facebook.com\/kormanyzat\/posts\/pfbid0uGC8uVZFn2JPvC5RBKH3z4deiqK72xxaNrEz2nFNqUYLKrcFkYeUvB8HaPV4spi5l\" target=\"_blank\" rel=\"noopener\">ekannt gab<\/a>. Gleichzeitig wird erwartet, dass Hochschulen und Forscher, die zuvor von den Beschr\u00e4nkungen betroffen waren, wieder Zugang zu \u201eHorizont Europa\u201c, dem Flaggschiff-Programm der EU f\u00fcr Forschung und Innovation, erhalten.<\/p>\n\n\n\n<p class=\"wp-block-paragraph\">Die Regierung bezeichnete diese Entwicklung als einen bedeutenden Erfolg der ersten 100 Tage der neuen Regierung und erkl\u00e4rte, dass die Verhandlungen mit Br\u00fcssel sowie die Umstrukturierung des ungarischen Universit\u00e4tsstiftungssystems den Weg f\u00fcr diese R\u00fcckkehr geebnet h\u00e4tten.<\/p>\n\n\n\n<blockquote class=\"wp-block-quote is-layout-flow wp-block-quote-is-layout-flow\">\n\n<p class=\"wp-block-paragraph\">\u201eDie ersten 100 Tage der neuen Regierung haben dazu gef\u00fchrt, dass ungarische Studierende wieder die M\u00f6glichkeit haben, in Europa zu studieren, Erfahrungen zu sammeln und Kontakte zu kn\u00fcpfen\u201c, erkl\u00e4rte die Regierung.<\/p>\n\n<\/blockquote><figure class=\"wp-block-image aligncenter size-full\"><figcaption class=\"wp-element-caption\">\n<\/figcaption><\/figure>\n\n\n\n<figure class=\"wp-block-image aligncenter size-full\"><figcaption class=\"wp-element-caption\">\n<\/figcaption><img decoding=\"async\" src=\"https:\/\/dailynewshungary.b-cdn.net\/wp-content\/uploads\/2025\/09\/Hungarian-university-students-protest-at-Luxembourg-court-over-EU-Erasmus-ban-Copy.jpg\" alt=\"Hungarian university students protest at Luxembourg court over EU Erasmus ban (Copy)\" class=\"wp-image-670732\"\/><figcaption class=\"wp-element-caption\">Foto: <a href=\"https:\/\/www.facebook.com\/photo\/?fbid=1186801403471898&amp;set=pb.100064261496872.-2207520000\" target=\"_blank\" rel=\"noopener\">Facebook\/Universit\u00e4t Debrecen<\/a><\/figcaption><\/figure>\n\n\n\n<h2 class=\"wp-block-heading\">Warum wurde Ungarn vom Erasmus-Programm ausgeschlossen?<\/h2>\n\n\n\n<p class=\"wp-block-paragraph\">Der Streit geht auf die Umgestaltung des ungarischen Hochschulwesens zwischen 2019 und 2021 zur\u00fcck. Im Zuge dieses Prozesses wurden viele ehemals staatlich gef\u00fchrte Hochschulen an gemeinn\u00fctzige Verm\u00f6gensverwaltungsstiftungen, sogenannte KEKVA-Stiftungen, \u00fcbertragen.<\/p>\n\n\n\n<p class=\"wp-block-paragraph\">Diese Stiftungen erhielten umfangreiche staatliche Verm\u00f6genswerte und wurden unter die Aufsicht von Kuratorien gestellt, deren Mitglieder zum Teil Politiker, Regierungsbeamte oder andere Pers\u00f6nlichkeiten waren, die eng mit der Exekutive verbunden waren. Die Europ\u00e4ische Kommission \u00e4u\u00dferte Bedenken hinsichtlich potenzieller Interessenkonflikte, der Dauer der Amtszeit der Kuratoriumsmitglieder sowie der Regeln f\u00fcr deren Ernennung und Abberufung.<\/p>\n\n\n\n<p class=\"wp-block-paragraph\">Im Dezember 2022 beschlossen die EU-Mitgliedstaaten daher im Rahmen des Konditionalit\u00e4tsmechanismus der Union zum Schutz des EU-Haushalts, dass keine neuen finanziellen Verpflichtungen gegen\u00fcber den ungarischen Stiftungen zur Verwaltung von Verm\u00f6genswerten von \u00f6ffentlichem Interesse oder den von diesen unterhaltenen Einrichtungen eingegangen werden d\u00fcrfen.<\/p>\n\n\n\n<p class=\"wp-block-paragraph\">Dies bedeutete nicht, dass Ungarn insgesamt von Erasmus+ ausgeschlossen wurde. Vielmehr betrafen die Einschr\u00e4nkungen Hochschulen, die im Rahmen des KEKVA-Systems betrieben wurden. Insgesamt waren 21 Hochschuleinrichtungen betroffen, darunter einige der gr\u00f6\u00dften Universit\u00e4ten Ungarns. Rund 200.000 Studierende waren davon betroffen, da ihnen EU-finanzierte Mobilit\u00e4tsm\u00f6glichkeiten nach und nach nicht mehr zur Verf\u00fcgung standen.<\/p>\n\n\n\n<h2 class=\"wp-block-heading\">Ungarn f\u00fchrte eine eigene Alternative ein<\/h2>\n\n\n\n<p class=\"wp-block-paragraph\">Die damalige Regierung reagierte darauf mit der Einf\u00fchrung des <a href=\"https:\/\/dailynewshungary.com\/de\/ungarns-pannonien-programm-schickt-3-000-studierende-ins-ausland-und-strebt-im-nachsten-semester-5-000-an\/\/\">\u201ePann\u00f3nia\u201c-Stipendienprogramms<\/a> im Jahr 2024, das aus dem ungarischen Staatshaushalt finanziert wurde. Mit einem anf\u00e4nglichen Jahresbudget von rund 10 Milliarden HUF sollte das Programm Tausende ungarischer Studierender, Akademiker und Forscher bei Studien- oder Forschungsaufenthalten im Ausland unterst\u00fctzen.<\/p>\n\n\n\n<blockquote class=\"wp-block-quote is-layout-flow wp-block-quote-is-layout-flow\">\n<p class=\"wp-block-paragraph\">\u201ePann\u00f3nia\u201c kn\u00fcpfte auch Partnerschaften au\u00dferhalb Europas, konnte \u201eErasmus+\u201c jedoch nicht vollst\u00e4ndig ersetzen.<\/p>\n<\/blockquote>\n\n\n\n<p class=\"wp-block-paragraph\">Das EU-Programm bietet mehr als nur Stipendien: Es umfasst ein seit Langem etabliertes Netzwerk institutioneller Partnerschaften, gemeinsame Regeln, Regelungen zur Anerkennung von Leistungspunkten sowie die Zusammenarbeit zwischen Tausenden europ\u00e4ischer Hochschulen.<\/p>\n\n\n\n<h2 class=\"wp-block-heading\">Hochschulreformen ebneten den Weg f\u00fcr die R\u00fcckkehr von Erasmus<\/h2>\n\n\n\n<p class=\"wp-block-paragraph\">Nach ihrem Amtsantritt legte die Tisza-Regierung einen Gesetzentwurf vor, der auf die Umstrukturierung des Systems der gemeinn\u00fctzigen Verm\u00f6gensverwaltungsstiftungen abzielte. Nach Angaben des Ministeriums f\u00fcr Bildung und Kinderangelegenheiten sollen die Reformen Interessenkonflikte beseitigen, die Transparenz verbessern und die Autonomie der Hochschulen st\u00e4rken.<\/p>\n\n\n\n<p class=\"wp-block-paragraph\">Die Ministerin f\u00fcr Bildung und Kinderangelegenheiten, Judit Lannert, f\u00fchrte daraufhin Gespr\u00e4che mit Hochschulrektoren und anderen F\u00fchrungskr\u00e4ften im Hochschulbereich \u00fcber die \u00c4nderung der bestehenden Stiftungsstruktur und, in einigen F\u00e4llen, die schrittweise Abschaffung des KEKVA-Modells. Die zentrale Frage war, wie das System mit den EU-Vorschriften zu Interessenkonflikten in Einklang gebracht werden kann, ohne dabei den Betrieb und die Finanzierung der Hochschulen zu beeintr\u00e4chtigen.<\/p>\n\n\n\n<p class=\"wp-block-paragraph\">Die j\u00fcngste Ank\u00fcndigung der Regierung stellt das erste greifbare Ergebnis dieses Prozesses dar. Die praktische Wiederaufnahme des Erasmus+-Programms wird jedoch m\u00f6glicherweise nicht an jeder Einrichtung gleichzeitig erfolgen. Die Hochschulen m\u00fcssen noch internationale Partnerschaftsabkommen erneuern oder reaktivieren, Bewerbungsverfahren f\u00fcr Studierende einleiten und die Auszahlung von Stipendien organisieren.<\/p>\n","protected":false},"excerpt":{"rendered":"<p>Ungarische Studierende k\u00f6nnen ab dem akademischen Jahr 2026\/2027 wieder uneingeschr\u00e4nkt am Erasmus+-Programm der EU teilnehmen, wie die Regierung bekannt gegeben hat. Dieser Schritt folgt auf jahrelange Auseinandersetzungen zwischen Budapest und Br\u00fcssel \u00fcber die Verwaltung der ungarischen Hochschulstiftungen. Ungarische Studierende sollen ab dem akademischen Jahr 2026\/2027 wieder Zugang zum Erasmus+-Austauschprogramm der Europ\u00e4ischen Union erhalten, wie die [&hellip;]<\/p>\n","protected":false},"author":62,"featured_media":792106,"comment_status":"open","ping_status":"open","sticky":false,"template":"","format":"standard","meta":{"_acf_changed":false,"_display_image":"yes","footnotes":"","_members_access_role":[],"_members_access_error":""},"categories":[4745],"tags":[4273,1152,4591,4585,1102,1076,1130],"class_list":["post-792105","post","type-post","status-publish","format-standard","has-post-thumbnail","hentry","category-reise","tag-ce","tag-hochschulbildung","tag-kategorie-bildung","tag-kategorie-leben-in-ungarn","tag-ungarische-regierung","tag-ungarn","tag-ungarn-im-ausland"],"blocksy_meta":[],"acf":[],"author_username":"hmercedesz","telegram_post":"","public_post_metadata":{"breaking_news":"yes","important":"no","csempe":"yes","center_tile":"no","disable_thumbnail":"no","target_lang":"","_featured_image_style":"default","telegram_post":"","_xlat_group_id":"70480d8b-5c44-4bd3-97a3-6a789bbd784c"},"public_rank_math_data":{"title":"%title% %sep% %sitename%","description":"","focus_keyword":"erasmus","canonical_url":"","robots":"","primary_category":"4745","breadcrumb_title":"","facebook_title":"","facebook_description":"","facebook_image":"","facebook_image_id":"","twitter_title":"","twitter_description":"","twitter_image":"","twitter_image_id":"","twitter_card_type":"","twitter_use_facebook":"","advanced_robots":"","pillar_content":"","seo_score":"75","contentai_score":"","rich_snippet":""},"_links":{"self":[{"href":"https:\/\/dailynewshungary.com\/de\/wp-json\/wp\/v2\/posts\/792105","targetHints":{"allow":["GET"]}}],"collection":[{"href":"https:\/\/dailynewshungary.com\/de\/wp-json\/wp\/v2\/posts"}],"about":[{"href":"https:\/\/dailynewshungary.com\/de\/wp-json\/wp\/v2\/types\/post"}],"author":[{"embeddable":true,"href":"https:\/\/dailynewshungary.com\/de\/wp-json\/wp\/v2\/users\/62"}],"replies":[{"embeddable":true,"href":"https:\/\/dailynewshungary.com\/de\/wp-json\/wp\/v2\/comments?post=792105"}],"version-history":[{"count":1,"href":"https:\/\/dailynewshungary.com\/de\/wp-json\/wp\/v2\/posts\/792105\/revisions"}],"predecessor-version":[{"id":792109,"href":"https:\/\/dailynewshungary.com\/de\/wp-json\/wp\/v2\/posts\/792105\/revisions\/792109"}],"wp:featuredmedia":[{"embeddable":true,"href":"https:\/\/dailynewshungary.com\/de\/wp-json\/wp\/v2\/media\/792106"}],"wp:attachment":[{"href":"https:\/\/dailynewshungary.com\/de\/wp-json\/wp\/v2\/media?parent=792105"}],"wp:term":[{"taxonomy":"category","embeddable":true,"href":"https:\/\/dailynewshungary.com\/de\/wp-json\/wp\/v2\/categories?post=792105"},{"taxonomy":"post_tag","embeddable":true,"href":"https:\/\/dailynewshungary.com\/de\/wp-json\/wp\/v2\/tags?post=792105"}],"curies":[{"name":"wp","href":"https:\/\/api.w.org\/{rel}","templated":true}]}}