{"id":792117,"date":"2026-09-03T15:34:00","date_gmt":"2026-09-03T13:34:00","guid":{"rendered":"https:\/\/dailynewshungary.com\/de\/ausenministerin-anita-orban-erlautert-was-ungarn-von-der-ukraine-erwartet-damit-die-regierung-ihr-veto-zuruckzieht\/"},"modified":"2026-09-03T15:34:00","modified_gmt":"2026-09-03T13:34:00","slug":"ausenministerin-anita-orban-erlautert-was-ungarn-von-der-ukraine-erwartet-damit-die-regierung-ihr-veto-zuruckzieht","status":"publish","type":"post","link":"https:\/\/dailynewshungary.com\/de\/ausenministerin-anita-orban-erlautert-was-ungarn-von-der-ukraine-erwartet-damit-die-regierung-ihr-veto-zuruckzieht\/","title":{"rendered":"Au\u00dfenministerin Anita Orb\u00e1n erl\u00e4utert, was Ungarn von der Ukraine erwartet, damit die Regierung ihr Veto zur\u00fcckzieht"},"content":{"rendered":"\n<p class=\"wp-block-paragraph\"><strong>Ungarn hat erneut Fortschritte bei den EU-Beitrittsverhandlungen der Ukraine blockiert und erkl\u00e4rt, man warte darauf, dass Kiew eine Vereinbarung \u00fcber die Rechte der ungarischen Minderheit in der Ukraine umsetzt.<\/strong><\/p>\n\n\n\n<p class=\"wp-block-paragraph\"><a href=\"https:\/\/dailynewshungary.com\/de\/eilmeldung-ungarn-blockiert-erneut-den-eu-beitritt-der-ukraine-das-sind-die-forderungen-budapests\/\/\">Budapest hat<\/a> die Screening-Berichte f\u00fcr den zweiten und dritten Verhandlungsblock<a href=\"https:\/\/dailynewshungary.com\/de\/eilmeldung-ungarn-blockiert-erneut-den-eu-beitritt-der-ukraine-das-sind-die-forderungen-budapests\/\/\">nicht gebilligt<\/a> und damit verhindert, dass der Beitrittsprozess in diesen Bereichen voranschreitet.<\/p>\n\n\n\n<p class=\"wp-block-paragraph\">Laut der ungarischen Nachrichtenagentur (MTI) erkl\u00e4rte die ungarische Vizepremierministerin und Au\u00dfenministerin Anita Orb\u00e1n am Donnerstag, dass die Haltung der Regierung zur EU-Mitgliedschaft der Ukraine unver\u00e4ndert fest bleibe und dass Ungarn einen beschleunigten Beitrittsprozess \u201eunter keinen Umst\u00e4nden\u201c unterst\u00fctzen werde.<\/p>\n\n\n\n<blockquote class=\"wp-block-quote is-layout-flow wp-block-quote-is-layout-flow\">\n<p class=\"wp-block-paragraph\">Falls Sie es verpasst haben: <a href=\"https:\/\/dailynewshungary.com\/de\/eilmeldung-ungarn-blockiert-erneut-den-eu-beitritt-der-ukraine-das-sind-die-forderungen-budapests\/\/\">Ungarn blockiert erneut den EU-Beitritt der Ukraine \u2013 Das fordert Budapest<\/a><\/p>\n<\/blockquote>\n\n\n\n<h2 class=\"wp-block-heading\">Budapest fordert von der Ukraine die Umsetzung des Abkommens vom Juni<\/h2>\n\n\n\n<p class=\"wp-block-paragraph\">Bei seiner Rede zur Er\u00f6ffnung der Konferenz \u00fcber Kulturdiplomatie erkl\u00e4rte Orb\u00e1n, dass die Erwartungen Ungarns eindeutig mit einer im Juni zwischen den beiden L\u00e4ndern getroffenen Vereinbarung \u00fcber die Rechte der ungarischen Minderheit in Transkarpatien verbunden seien.<\/p>\n\n\n\n<p class=\"wp-block-paragraph\">Gem\u00e4\u00df diesem Abkommen wird erwartet, dass das ukrainische Parlament, die Werchowna Rada, Gesetzes\u00e4nderungen verabschiedet, die die Minderheitenrechte in Bereichen wie Bildung, Kultur und politische Vertretung gew\u00e4hrleisten.<\/p>\n\n\n\n<p class=\"wp-block-paragraph\">Die Frist f\u00fcr die Umsetzung der Verpflichtungen im Bildungsbereich endet am 31. Dezember 2026, w\u00e4hrend Ma\u00dfnahmen in anderen Bereichen, darunter die politische Teilhabe, voraussichtlich im Jahr 2027 verabschiedet werden sollen.<\/p>\n\n\n\n<p class=\"wp-block-paragraph\">\u201eWas wir erwarten, ist die Umsetzung des im Juni ausgehandelten Minderheitenabkommens\u201c, sagte Orb\u00e1n. Das bedeutet, dass die Rada die Gesetzes\u00e4nderungen verabschieden muss, die erforderlich sind, um die von den beiden L\u00e4ndern vereinbarten Rechte in den Bereichen Bildung, Kultur und politische Vertretung zu gew\u00e4hrleisten.<\/p>\n\n\n\n<p class=\"wp-block-paragraph\">Nach Angaben der ungarischen Regierung hat die ukrainische Regierung die erforderlichen Gesetzentw\u00fcrfe bereits ausgearbeitet. Die Vorschl\u00e4ge werden derzeit zwischen den Ministerien weitergeleitet, bevor sie m\u00f6glicherweise dem Parlament vorgelegt werden.<\/p><figure class=\"wp-block-image aligncenter size-full\"><figcaption class=\"wp-element-caption\">\n<\/figcaption><\/figure>\n\n<figure class=\"wp-block-image aligncenter size-full\"><figcaption class=\"wp-element-caption\">\n<\/figcaption><img decoding=\"async\" src=\"https:\/\/dailynewshungary.b-cdn.net\/wp-content\/uploads\/2026\/06\/peter-magyar-eu-leaders-summit-zelensky.webp\" alt=\"p\u00e9ter magyar tisza eu leaders summit volodimir zelensky ukraine news websites\" class=\"wp-image-699913\"\/><figcaption class=\"wp-element-caption\">P\u00e9ter Magyar und Wolodymyr Selenskyj auf dem EU-Gipfel am 18. Juni 2026. Foto: <a href=\"https:\/\/www.facebook.com\/photo?fbid=27894230766851340&amp;set=pcb.27894372300170520&amp;locale=hu_HU\" target=\"_blank\" rel=\"noopener\">Facebook\/P\u00e9ter Magyar<\/a><\/figcaption><\/figure>\n\n\n\n<p class=\"has-text-align-center has-black-color has-electric-grass-gradient-background has-text-color has-background has-link-color wp-elements-1 wp-block-paragraph\"><strong>Bleiben Sie mit unserem \u201eHungary Weekly Briefing\u201c auf dem Laufenden: <a href=\"https:\/\/substack.com\/@thehungaryinsider\" target=\"_blank\" rel=\"noopener\">Abonnieren Sie es auf Substack<\/a>!<\/strong><\/p>\n\n\n\n<h2 class=\"wp-block-heading\">Ungarn erkl\u00e4rt, seine Haltung zur EU-Mitgliedschaft sei unver\u00e4ndert<\/h2>\n\n\n\n<p class=\"wp-block-paragraph\">Orb\u00e1n betonte, dass Ungarn eine Beschleunigung des EU-Beitrittsprozesses der Ukraine nicht unterst\u00fctze. Sie bekr\u00e4ftigte zudem die fr\u00fchere Zusage der Regierung, ein Referendum \u00fcber die EU-Mitgliedschaft der Ukraine abzuhalten, sobald Kiew die Beitrittsverhandlungen abgeschlossen habe.<\/p>\n\n\n\n<p class=\"wp-block-paragraph\">Nach Angaben der Ministerin wurde diese Haltung auch <a href=\"https:\/\/dailynewshungary.com\/de\/ministerprasident-magyar-trifft-sich-mit-costa-und-nennt-bedingungen-fur-die-unterstutzung-des-nachsten-siebenjahreshaushalts-der-eu\/\/\">k\u00fcrzlich<\/a> bei einem <a href=\"https:\/\/dailynewshungary.com\/de\/ministerprasident-magyar-trifft-sich-mit-costa-und-nennt-bedingungen-fur-die-unterstutzung-des-nachsten-siebenjahreshaushalts-der-eu\/\/\">Arbeitsessen<\/a> mit dem Pr\u00e4sidenten des Europ\u00e4ischen Rates, Ant\u00f3nio Costa, deutlich gemacht. Der j\u00fcngste Schritt Ungarns bedeutet, dass Fortschritte bei den Beitrittsverhandlungen der Ukraine weiterhin eng mit der Umsetzung des bilateralen Abkommens \u00fcber Minderheitenrechte verkn\u00fcpft sind.<\/p>\n\n\n\n<h2 class=\"wp-block-heading\">Eine seit Langem bestehende Spannungsquelle<\/h2>\n\n\n\n<p class=\"wp-block-paragraph\">Die Beziehungen zwischen Ungarn und der Ukraine hatten sich unter der vorherigen ungarischen Regierung erheblich verschlechtert, wobei der Krieg der Ukraine mit Russland und deren m\u00f6gliche EU-Mitgliedschaft zu wichtigen politischen Themen in Ungarn wurden.<\/p>\n\n\n\n<p class=\"wp-block-paragraph\">Die vorherige Regierung \u00e4u\u00dferte wiederholt Bedenken hinsichtlich der Rechte der ungarischen Minderheit in Transkarpatien und nutzte zeitweise ihre Position im EU-Entscheidungsprozess, um Ma\u00dfnahmen in Bezug auf die Ukraine zu verz\u00f6gern oder zu blockieren.<\/p>\n\n\n\n<p class=\"wp-block-paragraph\">Nach dem Amtsantritt der Regierung unter P\u00e9ter Magyar nahmen Budapest und Kiew Verhandlungen auf, die auf eine Verbesserung der bilateralen Beziehungen abzielten. Im Juni erzielten beide Seiten eine Einigung, wonach Ungarn sich bereit erkl\u00e4rte, seinen Einspruch gegen die Er\u00f6ffnung des ersten Verhandlungskapitels der EU-Beitrittsverhandlungen der Ukraine zur\u00fcckzuziehen, sofern die Ukraine die Rechte der ungarischen Minderheit ber\u00fccksichtigt.<\/p>\n\n\n\n<p class=\"wp-block-paragraph\">Der j\u00fcngste Streit betrifft das zweite und dritte Verhandlungskapitel. Ungarn vertritt derzeit den Standpunkt, dass Kiew zun\u00e4chst die im Juni eingegangenen Verpflichtungen erf\u00fcllen m\u00fcsse, bevor Budapest weiteren Fortschritten zustimme.<\/p>\n\n\n\n<blockquote class=\"wp-block-quote is-layout-flow wp-block-quote-is-layout-flow\">\n<p class=\"has-black-color has-pale-ocean-gradient-background has-text-color has-background has-link-color wp-elements-2 wp-block-paragraph\"><strong>Falls Sie es verpasst haben: <a href=\"https:\/\/dailynewshungary.com\/de\/vorsprung-der-tisza-partei-schrumpft-wahrend-fidesz-in-neuer-umfrage-boden-gutmacht-auch-magyars-beliebtheitswerte-sinken\/\/\">Tisza-Vorsprung schrumpft, w\u00e4hrend Fidesz in neuer Umfrage an Boden gewinnt \u2013 auch Magyars Umfragewerte rutschen ab<\/a><\/strong><\/p>\n<\/blockquote>\n\n\n\n<h2 class=\"wp-block-heading\">Die Fristen r\u00fccken n\u00e4her<\/h2>\n\n\n\n<p class=\"wp-block-paragraph\">Die erste wichtige Frist im Rahmen der Minderheitsvereinbarung ist nun nur noch wenige Monate entfernt; von der Ukraine wird erwartet, dass sie die bildungsbezogenen Ma\u00dfnahmen bis Ende 2026 umsetzt. Weitere Verpflichtungen, darunter auch solche zur politischen Teilhabe, sollen im Laufe des Jahres 2027 umgesetzt werden.<\/p>\n\n\n\n<p class=\"wp-block-paragraph\">Die ungarische Regierung erkl\u00e4rt, sie warte nun darauf, dass die Ukraine die vereinbarten Verpflichtungen in Gesetze umsetzt. Sollten die erforderlichen Gesetzes\u00e4nderungen nicht innerhalb des vereinbarten Zeitrahmens verabschiedet werden, w\u00fcrde die Umsetzung des ersten Verhandlungsblocks gem\u00e4\u00df den Bestimmungen des Abkommens automatisch ausgesetzt.<\/p>\n","protected":false},"excerpt":{"rendered":"<p>Ungarn hat erneut Fortschritte bei den EU-Beitrittsverhandlungen der Ukraine blockiert und erkl\u00e4rt, man warte darauf, dass Kiew eine Vereinbarung \u00fcber die Rechte der ungarischen Minderheit in der Ukraine umsetzt. Budapest hat die Screening-Berichte f\u00fcr den zweiten und dritten Verhandlungsblocknicht gebilligt und damit verhindert, dass der Beitrittsprozess in diesen Bereichen voranschreitet. Laut der ungarischen Nachrichtenagentur (MTI) [&hellip;]<\/p>\n","protected":false},"author":62,"featured_media":792118,"comment_status":"open","ping_status":"open","sticky":false,"template":"","format":"standard","meta":{"_acf_changed":false,"_display_image":"","footnotes":"","_members_access_role":[],"_members_access_error":""},"categories":[1081],"tags":[4771,1082,4765,1092,1102,1076,1130],"class_list":["post-792117","post","type-post","status-publish","format-standard","has-post-thumbnail","hentry","category-politik","tag-ethnische-fragen","tag-europaische-union","tag-kategorie-ausenpolitik-2","tag-ukraine","tag-ungarische-regierung","tag-ungarn","tag-ungarn-im-ausland"],"blocksy_meta":[],"acf":[],"author_username":"hmercedesz","telegram_post":"","public_post_metadata":{"breaking_news":"yes","important":"no","csempe":"yes","center_tile":"no","disable_thumbnail":"no","target_lang":"","_featured_image_style":"","telegram_post":"","_xlat_group_id":"b0957926-3f15-4166-aa36-e292314050a1"},"public_rank_math_data":{"title":"%title% %sep% %sitename%","description":"","focus_keyword":"ukraine","canonical_url":"","robots":"","primary_category":"1081","breadcrumb_title":"","facebook_title":"","facebook_description":"","facebook_image":"","facebook_image_id":"","twitter_title":"","twitter_description":"","twitter_image":"","twitter_image_id":"","twitter_card_type":"","twitter_use_facebook":"","advanced_robots":"","pillar_content":"","seo_score":"76","contentai_score":"","rich_snippet":""},"_links":{"self":[{"href":"https:\/\/dailynewshungary.com\/de\/wp-json\/wp\/v2\/posts\/792117","targetHints":{"allow":["GET"]}}],"collection":[{"href":"https:\/\/dailynewshungary.com\/de\/wp-json\/wp\/v2\/posts"}],"about":[{"href":"https:\/\/dailynewshungary.com\/de\/wp-json\/wp\/v2\/types\/post"}],"author":[{"embeddable":true,"href":"https:\/\/dailynewshungary.com\/de\/wp-json\/wp\/v2\/users\/62"}],"replies":[{"embeddable":true,"href":"https:\/\/dailynewshungary.com\/de\/wp-json\/wp\/v2\/comments?post=792117"}],"version-history":[{"count":0,"href":"https:\/\/dailynewshungary.com\/de\/wp-json\/wp\/v2\/posts\/792117\/revisions"}],"wp:featuredmedia":[{"embeddable":true,"href":"https:\/\/dailynewshungary.com\/de\/wp-json\/wp\/v2\/media\/792118"}],"wp:attachment":[{"href":"https:\/\/dailynewshungary.com\/de\/wp-json\/wp\/v2\/media?parent=792117"}],"wp:term":[{"taxonomy":"category","embeddable":true,"href":"https:\/\/dailynewshungary.com\/de\/wp-json\/wp\/v2\/categories?post=792117"},{"taxonomy":"post_tag","embeddable":true,"href":"https:\/\/dailynewshungary.com\/de\/wp-json\/wp\/v2\/tags?post=792117"}],"curies":[{"name":"wp","href":"https:\/\/api.w.org\/{rel}","templated":true}]}}