{"id":792119,"date":"2026-09-03T16:54:00","date_gmt":"2026-09-03T14:54:00","guid":{"rendered":"https:\/\/dailynewshungary.com\/de\/steht-der-herbst-vor-der-tur-eine-kaltfront-bringt-an-diesem-wochenende-starken-wind-und-gewitter-nach-ungarn\/"},"modified":"2026-09-03T16:54:00","modified_gmt":"2026-09-03T14:54:00","slug":"steht-der-herbst-vor-der-tur-eine-kaltfront-bringt-an-diesem-wochenende-starken-wind-und-gewitter-nach-ungarn","status":"publish","type":"post","link":"https:\/\/dailynewshungary.com\/de\/steht-der-herbst-vor-der-tur-eine-kaltfront-bringt-an-diesem-wochenende-starken-wind-und-gewitter-nach-ungarn\/","title":{"rendered":"Steht der Herbst vor der T\u00fcr? Eine Kaltfront bringt an diesem Wochenende starken Wind und Gewitter nach Ungarn!"},"content":{"rendered":"\n<p class=\"wp-block-paragraph\"><strong>In vielen Teilen des Landes bleiben die Temperaturen sommerlich, doch eine am Samstag eintreffende Kaltfront wird st\u00e4rkeren Wind, vereinzelte Schauer und Gewitter mit sich bringen.<\/strong><\/p>\n\n\n\n<p class=\"wp-block-paragraph\">Ungarn steht vor einem wechselhaften Start in den September: Eine Kaltfront wird am Samstag starken Wind sowie vereinzelte Schauer und Gewitter mit sich bringen.<\/p>\n\n\n\n<p class=\"wp-block-paragraph\">Laut der aktuellen Vorhersage von <a href=\"https:\/\/www.met.hu\/\" target=\"_blank\" rel=\"noopener\">HungaroMet<\/a> werden die Temperaturen hinter der Front um einige Grad sinken, doch das Land wird seine sommerliche W\u00e4rme weitgehend beibehalten. Am Sonntag wird voraussichtlich wieder sonniges und \u00fcberwiegend trockenes Wetter einkehren.<\/p>\n\n\n\n<h2 class=\"wp-block-heading\">Freitag: Warm mit viel Sonnenschein<\/h2>\n\n\n\n<p class=\"wp-block-paragraph\">Am Freitag bleibt es in ganz Ungarn weitgehend sonnig, auch wenn die Bew\u00f6lkung im Osten und Nordosten vor\u00fcbergehend zunehmen wird. Es wird kein nennenswerter Niederschlag erwartet, allerdings kann an einigen Stellen leichter Nieselregen nicht ausgeschlossen werden.<\/p>\n\n\n\n<p class=\"wp-block-paragraph\">Der Westwind wird an St\u00e4rke zunehmen, wobei vereinzelt st\u00e4rkere Windb\u00f6en m\u00f6glich sind. Die Temperaturen werden zur w\u00e4rmsten Tageszeit 27\u201333 \u00b0C erreichen.<\/p>\n\n\n\n<p class=\"has-text-align-center has-black-color has-electric-grass-gradient-background has-text-color has-background has-link-color wp-elements-1 wp-block-paragraph\"><strong>Bleiben Sie mit unserem \u201eHungary Weekly Briefing\u201c auf dem Laufenden: <a href=\"https:\/\/substack.com\/@thehungaryinsider\" target=\"_blank\" rel=\"noopener\">Abonnieren Sie es auf Substack<\/a>!<\/strong><\/p>\n\n\n\n<h2 class=\"wp-block-heading\">Samstag: Kaltfront bringt starken Wind<\/h2>\n\n\n\n<p class=\"wp-block-paragraph\">Der Samstag beginnt mit viel Sonnenschein, doch im Laufe des Tages nimmt die Bew\u00f6lkung von Norden her deutlich zu, da eine Kaltfront \u00fcber das Land zieht. Es kann zu vereinzelten Regenf\u00e4llen und Schauern kommen, wobei insbesondere in den n\u00f6rdlichen Teilen Ungarns auch vereinzelte Gewitter m\u00f6glich sind. In den meisten Gebieten bleibt es jedoch voraussichtlich trocken.<\/p>\n\n\n\n<p class=\"wp-block-paragraph\">Der Wind wird sich merklich \u00e4ndern und von S\u00fcdwest auf Nord und Nordwest drehen. Er wird in weiten Teilen des Landes an St\u00e4rke zunehmen, wobei starke und \u00f6rtlich orkanartige B\u00f6en m\u00f6glich sind.<\/p>\n\n\n\n<p class=\"wp-block-paragraph\">Trotz der herannahenden Front bleiben die Temperaturen hoch. Die Tiefstwerte am Morgen liegen im Allgemeinen zwischen 15 und 20 \u00b0C, w\u00e4hrend die H\u00f6chstwerte am Nachmittag meist 26\u201332 \u00b0C erreichen. Im S\u00fcdosten Ungarns k\u00f6nnte es einige Grad w\u00e4rmer sein.<\/p><figure class=\"wp-block-image aligncenter size-full\"><figcaption class=\"wp-element-caption\">\n<\/figcaption><\/figure>\n\n<figure class=\"wp-block-image aligncenter size-full\"><figcaption class=\"wp-element-caption\">\n<\/figcaption><img decoding=\"async\" src=\"https:\/\/dailynewshungary.b-cdn.net\/wp-content\/uploads\/2025\/11\/Hungary-weather-forecast-2.webp\" alt=\"Hungary weather forecast (2)\" class=\"wp-image-676257\"\/><figcaption class=\"wp-element-caption\">Foto: <a href=\"https:\/\/depositphotos.com\/photo\/budapest-hungary-beautiful-hungarian-parliament-building-old-windows-buda-district-223579622.html\" target=\"_blank\" rel=\"noopener\">depositphotos.com<\/a><\/figcaption><\/figure>\n\n\n\n<blockquote class=\"wp-block-quote is-layout-flow wp-block-quote-is-layout-flow\">\n<p class=\"has-black-color has-pale-ocean-gradient-background has-text-color has-background has-link-color wp-elements-2 wp-block-paragraph\"><strong>Falls Sie es verpasst haben: <a href=\"https:\/\/dailynewshungary.com\/de\/kaltfront-zieht-zu-beginn-des-septembers-uber-ungarn-hinweg-doch-der-sommer-ist-noch-nicht-vorbei\/\/\">Zu Beginn des Septembers zieht eine Kaltfront \u00fcber Ungarn hinweg \u2013 doch der Sommer ist noch nicht vorbei<\/a><\/strong><\/p>\n<\/blockquote>\n\n\n\n<h2 class=\"wp-block-heading\">Sonntag: Der Sonnenschein kehrt zur\u00fcck<\/h2>\n\n\n\n<p class=\"wp-block-paragraph\">Bis Sonntag wird sich das Wetter wieder beruhigen. Es wird \u00fcberwiegend klarer oder leicht bew\u00f6lkter Himmel erwartet, und im ganzen Land sind keine nennenswerten Niederschl\u00e4ge vorhergesagt. Der Nordwest- und Nordwind bleibt sp\u00fcrbar und wird zeitweise stark.<\/p>\n\n\n\n<p class=\"wp-block-paragraph\">Die Temperaturen werden \u00fcber Nacht weiter sinken, wobei die Tiefstwerte im Allgemeinen zwischen 10 und 18 \u00b0C liegen werden. An windgesch\u00fctzten Orten k\u00f6nnten die Temperaturen leicht unter 10 \u00b0C fallen. Am Nachmittag werden Temperaturen von 24\u201329 \u00b0C erwartet, was einen etwas k\u00fchleren, aber dennoch angenehm warmen Ausklang des Wochenendes verspricht.<\/p>\n\n\n\n<h2 class=\"wp-block-heading\">Das Wetter am Wochenende auf einen Blick<\/h2>\n\n\n\n<ul class=\"wp-block-list\">\n<li>\ud83c\udf24\ufe0f <strong>Freitag:<\/strong> Meist sonnig, 27\u201333 \u00b0C<\/li>\n\n\n\n<li>\ud83c\udf2c\ufe0f <strong>Samstag:<\/strong> Kaltfront, starker bis ortsweise st\u00fcrmischer Wind, vereinzelte Schauer und Gewitter, 26\u201332 \u00b0C<\/li>\n\n\n\n<li>\u2600\ufe0f <strong>Sonntag:<\/strong> Meist sonnig und trocken, 24\u201329 \u00b0C<\/li>\n<\/ul>\n\n\n\n<p class=\"wp-block-paragraph\">Zwar wird die Kaltfront die Sommerhitze vor\u00fcbergehend mildern, doch h\u00e4lt herbstliches Wetter in Ungarn noch nicht Einzug. Es wird erwartet, dass die sommerliche W\u00e4rme zu Beginn des Septembers weiterhin vorherrschend bleibt.<\/p>\n","protected":false},"excerpt":{"rendered":"<p>In vielen Teilen des Landes bleiben die Temperaturen sommerlich, doch eine am Samstag eintreffende Kaltfront wird st\u00e4rkeren Wind, vereinzelte Schauer und Gewitter mit sich bringen. Ungarn steht vor einem wechselhaften Start in den September: Eine Kaltfront wird am Samstag starken Wind sowie vereinzelte Schauer und Gewitter mit sich bringen. Laut der aktuellen Vorhersage von HungaroMet [&hellip;]<\/p>\n","protected":false},"author":62,"featured_media":792120,"comment_status":"open","ping_status":"open","sticky":false,"template":"","format":"standard","meta":{"_acf_changed":false,"_display_image":"","footnotes":"","_members_access_role":[],"_members_access_error":""},"categories":[4406],"tags":[4782,1928,1114,1113,1076,1302,1303],"class_list":["post-792119","post","type-post","status-publish","format-standard","has-post-thumbnail","hentry","category-life","tag-kategorie-wetter-2","tag-klima","tag-natur","tag-umwelt","tag-ungarn","tag-wetter","tag-wettervorhersage"],"blocksy_meta":[],"acf":[],"author_username":"hmercedesz","telegram_post":"","public_post_metadata":{"breaking_news":"yes","important":"no","csempe":"yes","center_tile":"no","disable_thumbnail":"no","target_lang":"","_featured_image_style":"","telegram_post":"","_xlat_group_id":"e552fe32-9932-463e-9c36-74c5fc95e995"},"public_rank_math_data":{"title":"%title% %sep% %sitename%","description":"","focus_keyword":"kalt","canonical_url":"","robots":"","primary_category":"4406","breadcrumb_title":"","facebook_title":"","facebook_description":"","facebook_image":"","facebook_image_id":"","twitter_title":"","twitter_description":"","twitter_image":"","twitter_image_id":"","twitter_card_type":"","twitter_use_facebook":"","advanced_robots":"","pillar_content":"","seo_score":"79","contentai_score":"","rich_snippet":""},"_links":{"self":[{"href":"https:\/\/dailynewshungary.com\/de\/wp-json\/wp\/v2\/posts\/792119","targetHints":{"allow":["GET"]}}],"collection":[{"href":"https:\/\/dailynewshungary.com\/de\/wp-json\/wp\/v2\/posts"}],"about":[{"href":"https:\/\/dailynewshungary.com\/de\/wp-json\/wp\/v2\/types\/post"}],"author":[{"embeddable":true,"href":"https:\/\/dailynewshungary.com\/de\/wp-json\/wp\/v2\/users\/62"}],"replies":[{"embeddable":true,"href":"https:\/\/dailynewshungary.com\/de\/wp-json\/wp\/v2\/comments?post=792119"}],"version-history":[{"count":0,"href":"https:\/\/dailynewshungary.com\/de\/wp-json\/wp\/v2\/posts\/792119\/revisions"}],"wp:featuredmedia":[{"embeddable":true,"href":"https:\/\/dailynewshungary.com\/de\/wp-json\/wp\/v2\/media\/792120"}],"wp:attachment":[{"href":"https:\/\/dailynewshungary.com\/de\/wp-json\/wp\/v2\/media?parent=792119"}],"wp:term":[{"taxonomy":"category","embeddable":true,"href":"https:\/\/dailynewshungary.com\/de\/wp-json\/wp\/v2\/categories?post=792119"},{"taxonomy":"post_tag","embeddable":true,"href":"https:\/\/dailynewshungary.com\/de\/wp-json\/wp\/v2\/tags?post=792119"}],"curies":[{"name":"wp","href":"https:\/\/api.w.org\/{rel}","templated":true}]}}