{"id":792123,"date":"2026-09-03T19:34:00","date_gmt":"2026-09-03T17:34:00","guid":{"rendered":"https:\/\/dailynewshungary.com\/de\/die-ukraine-macht-eine-bedeutende-geste-gegenuber-ungarn-und-verurteilt-offiziell-die-sowjetischen-graueltaten-gegen-die-ungarische-bevolkerung-in-transkarpatien\/"},"modified":"2026-09-03T19:34:00","modified_gmt":"2026-09-03T17:34:00","slug":"die-ukraine-macht-eine-bedeutende-geste-gegenuber-ungarn-und-verurteilt-offiziell-die-sowjetischen-graueltaten-gegen-die-ungarische-bevolkerung-in-transkarpatien","status":"publish","type":"post","link":"https:\/\/dailynewshungary.com\/de\/die-ukraine-macht-eine-bedeutende-geste-gegenuber-ungarn-und-verurteilt-offiziell-die-sowjetischen-graueltaten-gegen-die-ungarische-bevolkerung-in-transkarpatien\/","title":{"rendered":"Die Ukraine macht eine bedeutende Geste gegen\u00fcber Ungarn und verurteilt offiziell die sowjetischen Gr\u00e4ueltaten gegen die ungarische Bev\u00f6lkerung in Transkarpatien"},"content":{"rendered":"\n<p class=\"wp-block-paragraph\"><strong>Das ukrainische Parlament hat eine wichtige Geste gegen\u00fcber Ungarn gesetzt, indem es die von der sowjetischen Milit\u00e4rverwaltung in Transkarpatien zwischen 1944 und 1946 begangenen Verbrechen offiziell anerkannt und verurteilt hat.<\/strong><\/p>\n\n\n\n<p class=\"wp-block-paragraph\">Die Werchowna Rada verabschiedete die Erkl\u00e4rung einstimmig: 261 Abgeordnete stimmten daf\u00fcr, es gab keine Gegenstimmen und keine Enthaltungen.<\/p>\n\n\n\n<p class=\"wp-block-paragraph\">In der Entschlie\u00dfung werden insbesondere die massiven Repressionen gegen die ungarische Zivilbev\u00f6lkerung der Region anerkannt, darunter der ber\u00fcchtigte \u201eMalenky Robot\u201c, bei dem Tausende Zivilisten in Arbeitslager in der Sowjetunion deportiert wurden, wie die <a href=\"https:\/\/www.facebook.com\/www.umdsz.info\/posts\/pfbid0v1snbKp1HZxofp619kRn3B9CPbBJBuU5D6gRasm6qJWUmPiHdCuY2VdrnEHbjvYAl\" target=\"_blank\" rel=\"noopener\">Ungarische Demokratische Allianz in der Ukraine berichtete<\/a>.<\/p>\n\n\n\n<p class=\"wp-block-paragraph\">Der Beschluss f\u00e4llt in eine besonders heikle Phase der ungarisch-ukrainischen Beziehungen, da <a href=\"https:\/\/dailynewshungary.com\/de\/eilmeldung-ungarn-blockiert-erneut-den-eu-beitritt-der-ukraine-das-sind-die-forderungen-budapests\/\/\">Ungarn weiterhin<\/a> bestimmte Schritte im EU-Beitrittsprozess der Ukraine <a href=\"https:\/\/dailynewshungary.com\/de\/eilmeldung-ungarn-blockiert-erneut-den-eu-beitritt-der-ukraine-das-sind-die-forderungen-budapests\/\/\">blockiert<\/a> und Kiew wiederholt aufgefordert hat, sich mit den Rechten der ungarischen Minderheit in Transkarpatien auseinanderzusetzen.<\/p>\n\n\n\n<blockquote class=\"wp-block-quote is-layout-flow wp-block-quote-is-layout-flow\">\n<p class=\"has-black-color has-pale-ocean-gradient-background has-text-color has-background has-link-color wp-elements-1 wp-block-paragraph\"><strong>Falls Sie es verpasst haben: <a href=\"https:\/\/dailynewshungary.com\/de\/ausenministerin-anita-orban-erlautert-was-ungarn-von-der-ukraine-erwartet-damit-die-regierung-ihr-veto-zuruckzieht\/\/\">Au\u00dfenministerin Anita Orb\u00e1n erl\u00e4utert, was Ungarn von der Ukraine erwartet, damit die Regierung ihr Veto zur\u00fcckzieht<\/a><\/strong><\/p>\n<\/blockquote>\n\n\n\n<h2 class=\"wp-block-heading\">Die Ukraine verurteilt offiziell die Verbrechen aus der Sowjetzeit<\/h2>\n\n\n\n<p class=\"wp-block-paragraph\">Der Erkl\u00e4rung zufolge geriet Transkarpatien nach dem Abzug der ungarischen und deutschen Truppen im Herbst 1944 unverz\u00fcglich unter die Kontrolle der sowjetischen Milit\u00e4rverwaltung.<\/p>\n\n\n\n<p class=\"wp-block-paragraph\">Unter Einbeziehung der sowjetischen Geheimdienstorganisationen NKWD und SMERSH f\u00fchrten die Beh\u00f6rden unter dem Vorwand der Mobilisierung f\u00fcr Arbeitslager massenhafte und rechtswidrige Verhaftungen von m\u00e4nnlichen Zivilisten im Alter zwischen 18 und 50 Jahren durch.<\/p>\n\n\n\n<p class=\"wp-block-paragraph\">Das ukrainische Parlament stellt fest, dass Tausende friedlicher Einwohner Transkarpatiens ohne gerichtliche Entscheidung in das Gulag-System deportiert wurden. Die Erkl\u00e4rung bezeichnet diese Handlungen als Verbrechen, die vom kommunistischen totalit\u00e4ren Regime begangen wurden.<\/p>\n\n\n\n<iframe loading=\"lazy\" src=\"https:\/\/www.facebook.com\/plugins\/post.php?href=https%3A%2F%2Fwww.facebook.com%2Fwww.umdsz.info%2Fposts%2Fpfbid0v1snbKp1HZxofp619kRn3B9CPbBJBuU5D6gRasm6qJWUmPiHdCuY2VdrnEHbjvYAl&#038;show_text=true&#038;width=500\" width=\"500\" height=\"473\" style=\"border:none;overflow:hidden\" scrolling=\"no\" frameborder=\"0\" allowfullscreen=\"true\" allow=\"autoplay; clipboard-write; encrypted-media; picture-in-picture; web-share\"><\/iframe>\n\n\n\n<h2 class=\"wp-block-heading\">Der \u201eMalenky Robot\u201c wird als Straftat anerkannt<\/h2>\n\n\n\n<p class=\"wp-block-paragraph\">Einer der wichtigsten Punkte der Resolution ist die offizielle Anerkennung der Unterdr\u00fcckung der ungarischen Zivilbev\u00f6lkerung in der Region durch die Ukraine.<\/p>\n\n\n\n<p class=\"wp-block-paragraph\">In der Erkl\u00e4rung wird ausdr\u00fccklich der \u201eMalenky Robot\u201c \u2013 auch \u201ekleine Arbeit\u201c genannt \u2013 erw\u00e4hnt und die Massenunterdr\u00fcckung ethnischer Ungarn zwischen 1944 und 1946 als Verbrechen des kommunistischen totalit\u00e4ren Regimes anerkannt.<\/p>\n\n\n\n<p class=\"wp-block-paragraph\">Das Dokument verurteilt zudem die Unterdr\u00fcckung, unter der die ethnisch deutsche Bev\u00f6lkerung in Transkarpatien im selben Zeitraum litt. Das ukrainische Parlament erkl\u00e4rt, dass die Ukraine als demokratischer Rechtsstaat, der sich der Rechtsstaatlichkeit verpflichtet f\u00fchlt und jegliche Form des Totalitarismus ablehnt, die moralische Pflicht habe, diese historischen Verbrechen offiziell anzuerkennen.<\/p>\n\n\n\n<h2 class=\"wp-block-heading\">Gedenkst\u00e4tten und Bildungsprogramme geplant<\/h2>\n\n\n\n<p class=\"wp-block-paragraph\">Die Erkl\u00e4rung geht \u00fcber die blo\u00dfe Anerkennung der historischen Ereignisse hinaus. Die Ukraine betrachtet es zudem als moralische Verpflichtung, die Opfer der sowjetischen Unterdr\u00fcckung in Transkarpatien zu ehren, unter anderem durch die Anbringung von Gedenktafeln. Das Dokument fordert zudem wissenschaftliche Forschung und Bildungsprogramme zu dieser Verfolgung und verspricht einen besseren \u00f6ffentlichen Zugang zu den entsprechenden Archivmaterialien.<\/p>\n\n\n\n<h2 class=\"wp-block-heading\">Was war der \u201eMalenky Robot\u201c?<\/h2>\n\n\n\n<p class=\"wp-block-paragraph\">Der Begriff \u201eMalenky Robot\u201c, was so viel wie \u201ekleine Arbeit\u201c bedeutet, wird h\u00e4ufig verwendet, um die Massendeportation von Ungarn und Deutschen aus Transkarpatien durch die sowjetischen Beh\u00f6rden nach dem Zweiten Weltkrieg zu beschreiben. Im Herbst 1944 wurden m\u00e4nnliche Zivilisten h\u00e4ufig unter dem Vorwand, sie w\u00fcrden zu kurzfristigen Arbeitsauftr\u00e4gen abgeholt, zusammengetrieben. Viele von ihnen wurden jedoch anschlie\u00dfend in Arbeitslager in der gesamten Sowjetunion deportiert.<\/p>\n\n\n\n<p class=\"wp-block-paragraph\">Eine gro\u00dfe Zahl von ihnen kehrte nie nach Hause zur\u00fcck. Die neue parlamentarische Erkl\u00e4rung ist daher von gro\u00dfer Bedeutung, da der ukrainische Staat diese Ereignisse nun in einem offiziellen parlamentarischen Dokument formell anerkannt und verurteilt hat.<\/p>\n\n\n\n<h2 class=\"wp-block-heading\">Der Beschluss f\u00e4llt inmitten von Spannungen im Zusammenhang mit dem EU-Beitritt der Ukraine<\/h2>\n\n\n\n<p class=\"wp-block-paragraph\">Der Schritt des ukrainischen Parlaments erfolgt vor dem Hintergrund weiterhin angespannter Beziehungen zwischen Kiew und Budapest. Am Donnerstag wurde bekannt, dass der EU-Beitrittsprozess der Ukraine nach wie vor auf Hindernisse st\u00f6\u00dft, da Ungarn die Screening-Berichte im Zusammenhang mit dem zweiten und dritten Verhandlungskluster weiterhin blockiert.<\/p>\n\n\n\n<p class=\"wp-block-paragraph\">Die ungarische Regierung hat wiederholt erkl\u00e4rt, dass sie einen beschleunigten Beitritt der Ukraine zur Europ\u00e4ischen Union nicht unterst\u00fctzt und von Kiew die Umsetzung einer Vereinbarung \u00fcber die Rechte der ungarischen Minderheit in Transkarpatien erwartet.<\/p>\n\n\n\n<p class=\"wp-block-paragraph\">Vor diesem Hintergrund kann die Entscheidung des ukrainischen Parlaments als bedeutende politische und symbolische Geste gegen\u00fcber Budapest gewertet werden, auch wenn sie nicht alle offenen Streitfragen zwischen den beiden L\u00e4ndern l\u00f6st.<\/p>\n","protected":false},"excerpt":{"rendered":"<p>Das ukrainische Parlament hat eine wichtige Geste gegen\u00fcber Ungarn gesetzt, indem es die von der sowjetischen Milit\u00e4rverwaltung in Transkarpatien zwischen 1944 und 1946 begangenen Verbrechen offiziell anerkannt und verurteilt hat. Die Werchowna Rada verabschiedete die Erkl\u00e4rung einstimmig: 261 Abgeordnete stimmten daf\u00fcr, es gab keine Gegenstimmen und keine Enthaltungen. In der Entschlie\u00dfung werden insbesondere die massiven [&hellip;]<\/p>\n","protected":false},"author":62,"featured_media":792124,"comment_status":"open","ping_status":"open","sticky":false,"template":"","format":"standard","meta":{"_acf_changed":false,"_display_image":"","footnotes":"","_members_access_role":[],"_members_access_error":""},"categories":[1081],"tags":[1132,4963,4564,4534,1184,1428,1092,1076,1130],"class_list":["post-792123","post","type-post","status-publish","format-standard","has-post-thumbnail","hentry","category-politik","tag-diplomatie","tag-kategorie-sonderbeitrag-ungarn-3","tag-kategorie-ausenpolitik","tag-kategorie-ungarische-geschichte","tag-krieg","tag-transkarpatien","tag-ukraine","tag-ungarn","tag-ungarn-im-ausland"],"blocksy_meta":[],"acf":[],"author_username":"hmercedesz","telegram_post":"","public_post_metadata":{"breaking_news":"yes","important":"yes","csempe":"yes","center_tile":"no","disable_thumbnail":"no","target_lang":"","_featured_image_style":"","telegram_post":"","_xlat_group_id":"4370f9ed-6d84-4c37-92b3-a3267bd64d4d"},"public_rank_math_data":{"title":"%title% %sep% %sitename%","description":"","focus_keyword":"Ukraine","canonical_url":"","robots":"","primary_category":"1081","breadcrumb_title":"","facebook_title":"","facebook_description":"","facebook_image":"","facebook_image_id":"","twitter_title":"","twitter_description":"","twitter_image":"","twitter_image_id":"","twitter_card_type":"","twitter_use_facebook":"","advanced_robots":"","pillar_content":"","seo_score":"79","contentai_score":"","rich_snippet":""},"_links":{"self":[{"href":"https:\/\/dailynewshungary.com\/de\/wp-json\/wp\/v2\/posts\/792123","targetHints":{"allow":["GET"]}}],"collection":[{"href":"https:\/\/dailynewshungary.com\/de\/wp-json\/wp\/v2\/posts"}],"about":[{"href":"https:\/\/dailynewshungary.com\/de\/wp-json\/wp\/v2\/types\/post"}],"author":[{"embeddable":true,"href":"https:\/\/dailynewshungary.com\/de\/wp-json\/wp\/v2\/users\/62"}],"replies":[{"embeddable":true,"href":"https:\/\/dailynewshungary.com\/de\/wp-json\/wp\/v2\/comments?post=792123"}],"version-history":[{"count":0,"href":"https:\/\/dailynewshungary.com\/de\/wp-json\/wp\/v2\/posts\/792123\/revisions"}],"wp:featuredmedia":[{"embeddable":true,"href":"https:\/\/dailynewshungary.com\/de\/wp-json\/wp\/v2\/media\/792124"}],"wp:attachment":[{"href":"https:\/\/dailynewshungary.com\/de\/wp-json\/wp\/v2\/media?parent=792123"}],"wp:term":[{"taxonomy":"category","embeddable":true,"href":"https:\/\/dailynewshungary.com\/de\/wp-json\/wp\/v2\/categories?post=792123"},{"taxonomy":"post_tag","embeddable":true,"href":"https:\/\/dailynewshungary.com\/de\/wp-json\/wp\/v2\/tags?post=792123"}],"curies":[{"name":"wp","href":"https:\/\/api.w.org\/{rel}","templated":true}]}}