{"id":792128,"date":"2026-09-04T04:34:00","date_gmt":"2026-09-04T02:34:00","guid":{"rendered":"https:\/\/dailynewshungary.com\/de\/und-nun-die-uberraschende-wendung-konnten-fidesz-und-mi-hazank-auf-einen-zusammenschluss-zusteuern\/"},"modified":"2026-09-04T04:34:00","modified_gmt":"2026-09-04T02:34:00","slug":"und-nun-die-uberraschende-wendung-konnten-fidesz-und-mi-hazank-auf-einen-zusammenschluss-zusteuern","status":"publish","type":"post","link":"https:\/\/dailynewshungary.com\/de\/und-nun-die-uberraschende-wendung-konnten-fidesz-und-mi-hazank-auf-einen-zusammenschluss-zusteuern\/","title":{"rendered":"Und nun die \u00fcberraschende Wendung: K\u00f6nnten Fidesz und Mi Haz\u00e1nk auf einen Zusammenschluss zusteuern?"},"content":{"rendered":"\n<p class=\"wp-block-paragraph\"><strong>K\u00f6nnten die politischen Man\u00f6ver von Tibor Navracsics und Orsolya Ferencz tats\u00e4chlich ein Zeichen daf\u00fcr sein, dass sie an dem unwahrscheinlichen B\u00fcndnis von Fidesz mit Mi Haz\u00e1nk keinen Anteil haben wollen?<\/strong><\/p>\n\n\n\n<p class=\"wp-block-paragraph\">Die Beziehung zwischen Fidesz und Mi Haz\u00e1nk ist seit langem vor allem von taktischen \u00dcberlegungen gepr\u00e4gt. Wer die ungarische Politik in den letzten Jahren aufmerksam verfolgt hat, wird den Rechtsruck von Fidesz bemerkt haben. Bei mehreren Gelegenheiten gelang es der Regierungspartei sogar, Jobbik von rechts zu \u00fcberfl\u00fcgeln \u2013 damals, als Jobbik noch eine parlamentarische Kraft war.<\/p>\n\n\n\n<p class=\"wp-block-paragraph\">Gleichzeitig hat Mi Haz\u00e1nk vorsichtig versucht, sich von einigen seiner radikalsten Themen zu distanzieren und sich als etabliertere politische Kraft zu pr\u00e4sentieren.<\/p>\n\n\n\n<p class=\"wp-block-paragraph\">Dann kam die katastrophale Wahlniederlage der ehemaligen Regierungsparteien am 12. April, die die politische Landkarte Ungarns v\u00f6llig neu gezeichnet hat.<\/p>\n\n\n\n<p class=\"wp-block-paragraph\">Mi Haz\u00e1nk behielt souver\u00e4n ihren Sitz im Parlament, w\u00e4hrend die beiden ehemaligen Regierungsparteien in die Opposition gingen und Tisza eine Einparteienregierung bilden konnte.<\/p>\n\n\n\n<p class=\"wp-block-paragraph\">Und obwohl L\u00e1szl\u00f3 Toroczkai in den letzten Monaten wiederholt betont hat, dass seine Partei als unabh\u00e4ngige politische Kraft agieren wolle, hat eine weitere seiner \u00c4u\u00dferungen zweifellos Aufmerksamkeit erregt. Er erkl\u00e4rte, er sp\u00fcre einen gesellschaftlichen Bedarf an einer gewissen Form der Abstimmung innerhalb der rechten Opposition, um die Tisza-Regierung zu st\u00fcrzen.<\/p>\n\n\n\n<p class=\"wp-block-paragraph\">Die beiden Parteien bleiben daher Rivalen. Doch bei einer wachsenden Zahl politischer Themen k\u00f6nnten sie sich zunehmend auf derselben Seite wiederfinden.<\/p>\n\n\n\n<h2 class=\"wp-block-heading\">Und dann traten Navracsics und Ferencz in den Vordergrund<\/h2>\n\n\n\n<p class=\"wp-block-paragraph\">Als wolle man die Situation noch spannender gestalten, traten pl\u00f6tzlich zwei Politiker ins Rampenlicht, die seit langem mit dem gem\u00e4\u00dfigteren, b\u00fcrgerorientierten Gesicht der Fidesz in Verbindung gebracht werden: Tibor Navracsics und Orsolya Ferencz.<\/p>\n\n\n\n<p class=\"wp-block-paragraph\">Am 20. August k\u00fcndigten die beiden gemeinsam die sogenannte Initiative <em>der \u201eB\u00fcrgerdemokraten\u201c<\/em> an.<\/p>\n\n\n\n<p class=\"wp-block-paragraph\">Navracsics argumentierte, dass die extreme Konfrontation zwischen den beiden politischen Lagern Ungarns der Einheit des Landes schade und dass ein Dialog notwendig sei. Er betonte zudem, dass es bei der Initiative nicht um die Gr\u00fcndung einer neuen politischen Partei gehe.<\/p>\n\n\n\n<p class=\"wp-block-paragraph\">Diese Klarstellung ist wichtig.<\/p>\n\n\n\n<p class=\"wp-block-paragraph\">Dennoch l\u00e4sst sich kaum \u00fcbersehen, dass Politiker, die weiterhin eine eher traditionelle, gem\u00e4\u00dfigt-konservative Identit\u00e4t betonen, in eine zunehmend unangenehme Lage geraten k\u00f6nnten, sollte die Zukunft der Fidesz zunehmend auf ein h\u00e4rteres und radikaleres rechtsgerichtetes B\u00fcndnis hindeuten.<\/p>\n\n\n\n<p class=\"wp-block-paragraph\">K\u00f6nnte es daher sein, dass Navracsics und seine Verb\u00fcndeten nicht versuchen, sich von der Fidesz abzuspalten, sondern von der Richtung, in die sich die Fidesz ihrer Meinung nach bewegt?<\/p>\n\n\n\n<p class=\"wp-block-paragraph\">Das w\u00e4re eine ganz andere Interpretation der Geschehnisse.<\/p>\n\n\n\n<h2 class=\"wp-block-heading\">Warum sollte \u201eMi Haz\u00e1nk\u201c f\u00fcr die Fidesz von Nutzen sein?<\/h2>\n\n\n\n<p class=\"wp-block-paragraph\">Eine engere Zusammenarbeit folgt zweifellos einer politischen Logik.<\/p>\n\n\n\n<p class=\"wp-block-paragraph\">Die ehemalige Regierungspartei k\u00f6nnte ihre Position als gr\u00f6\u00dfere und besser organisierte Kraft im rechten Spektrum behaupten, w\u00e4hrend \u201eMi Haz\u00e1nk\u201c weiterhin W\u00e4hler ansprechen k\u00f6nnte, die von Orb\u00e1n desillusioniert sind, aber nicht die Absicht haben, sich \u201eTisza\u201c anzuschlie\u00dfen.<\/p>\n\n\n\n<p class=\"wp-block-paragraph\">F\u00fcr \u201eMi Haz\u00e1nk\u201c k\u00f6nnte eine Zusammenarbeit unterdessen mehr Gewicht im Parlament, gr\u00f6\u00dferen politischen Einfluss und m\u00f6glicherweise eine st\u00e4rkere Verhandlungsposition bedeuten.<\/p>\n\n\n\n<p class=\"wp-block-paragraph\">Mit anderen Worten: Es k\u00f6nnte sich das klassische Modell aus zwei Parteien und einem politischen Block herausbilden.<\/p>\n\n\n\n<p class=\"wp-block-paragraph\">Der Vorteil einer solchen Konstellation l\u00e4ge auf der Hand.<\/p>\n\n\n\n<p class=\"wp-block-paragraph\">Fidesz m\u00fcsste Mi Haz\u00e1nk nicht unbedingt integrieren, und auch Mi Haz\u00e1nk m\u00fcsste seine eigene Identit\u00e4t nicht aufgeben. Jede Partei k\u00f6nnte ihr eigenes Profil bewahren und gleichzeitig in den Bereichen, in denen sich ihre Interessen \u00fcberschneiden, zusammenarbeiten.<\/p>\n\n\n\n<p class=\"wp-block-paragraph\">Und es g\u00e4be noch einen weiteren potenziellen Vorteil.<\/p>\n\n\n\n<p class=\"wp-block-paragraph\">Eine engere Beziehung zu \u201eMi Haz\u00e1nk\u201c k\u00f6nnte es Fidesz erm\u00f6glichen, einen politischen Kanal zu W\u00e4hlern offen zu halten, die weiter rechts stehen als die traditionelle konservative W\u00e4hlerschaft, ohne dass jeder Fidesz-Politiker zwangsl\u00e4ufig denselben Ton anschlagen m\u00fcsste.<\/p>\n\n\n\n<p class=\"wp-block-paragraph\">Doch damit kommen wir zu der interessanteren Frage.<\/p>\n\n\n\n<p class=\"wp-block-paragraph\">Was w\u00e4re, wenn eine Zusammenarbeit nicht ausreicht?<\/p>\n\n\n\n<h2 class=\"wp-block-heading\">Fusion oder lockeres B\u00fcndnis?<\/h2>\n\n\n\n<p class=\"wp-block-paragraph\">Das wahrscheinlichste Szenario ist \u2013 zumindest vorerst \u2013 keine formelle Fusion.<\/p>\n\n\n\n<p class=\"wp-block-paragraph\">Ein lockeres B\u00fcndnis der rechten Parteien erscheint wesentlich plausibler. Fidesz und Mi Haz\u00e1nk k\u00f6nnten ihre eigenst\u00e4ndigen Identit\u00e4ten bewahren, w\u00e4hrend sie bei ausgew\u00e4hlten Themen zunehmend an einen Strang ziehen und sich m\u00f6glicherweise gegen die Tisza-Regierung abstimmen.<\/p>\n\n\n\n<p class=\"wp-block-paragraph\">Das w\u00e4re in der Politik kaum beispiellos.<\/p>\n\n\n\n<p class=\"wp-block-paragraph\">Es w\u00fcrde auch nicht zwangsl\u00e4ufig bedeuten, dass die beiden Parteien pl\u00f6tzlich zu ideologischen Zwillingen geworden w\u00e4ren. Politische B\u00fcndnisse beruhen oft eher auf gemeinsamen Interessen als auf vollst\u00e4ndiger \u00dcbereinstimmung.<\/p>\n\n\n\n<p class=\"wp-block-paragraph\">Eine vollst\u00e4ndige Fusion von Fidesz und Mi Haz\u00e1nk w\u00e4re jedoch eine ganz andere Geschichte.<\/p>\n\n\n\n<p class=\"wp-block-paragraph\">Damit dies geschehen k\u00f6nnte, m\u00fcsste sich innerhalb von Fidesz selbst wahrscheinlich etwas viel Grundlegenderes \u00e4ndern.<\/p>\n\n\n\n<p class=\"wp-block-paragraph\">Und genau hier wird die Initiative von Navracsics und Ferencz besonders interessant.<\/p>\n\n\n\n<h2 class=\"wp-block-heading\">Steuert die Fidesz auf eine Spaltung zu?<\/h2>\n\n\n\n<p class=\"wp-block-paragraph\">Was w\u00e4re, wenn der eigentliche politische Kampf gar nicht zwischen Fidesz und Mi Haz\u00e1nk ausgetragen w\u00fcrde?<\/p>\n\n\n\n<p class=\"wp-block-paragraph\">Was w\u00e4re, wenn er sich innerhalb der breiteren ungarischen Rechten abspielt?<\/p>\n\n\n\n<p class=\"wp-block-paragraph\">Schlie\u00dflich hat Fidesz jahrelang daran gearbeitet, politische Str\u00f6mungen zusammenzuf\u00fchren, die \u00fcber ihre Loyalit\u00e4t gegen\u00fcber Viktor Orb\u00e1n und ihre Ablehnung der ungarischen Linken sowie der liberalen Opposition hinaus nicht unbedingt viel gemeinsam haben.<\/p>\n\n\n\n<p class=\"wp-block-paragraph\">Dieses Modell funktionierte bemerkenswert gut, solange Fidesz an der Regierung war.<\/p>\n\n\n\n<p class=\"wp-block-paragraph\">Doch was geschieht nach einer Wahlniederlage?<\/p>\n\n\n\n<p class=\"wp-block-paragraph\">Die Anreize \u00e4ndern sich.<\/p>\n\n\n\n<p class=\"wp-block-paragraph\">Eine Partei, die nicht mehr die Regierung stellt, muss entscheiden, welche Art von Oppositionskraft sie werden m\u00f6chte. Verteidigt sie ihre traditionelle konservative Identit\u00e4t? R\u00fcckt sie weiter nach rechts, um die an \u201eMi Haz\u00e1nk\u201c verlorenen W\u00e4hler zur\u00fcckzugewinnen? Oder versucht sie, sich als breitere, gem\u00e4\u00dfigtere konservative Bewegung neu aufzustellen?<\/p>\n\n\n\n<p class=\"wp-block-paragraph\">Dies sind nicht blo\u00df Fragen der politischen Kommunikation. Sie k\u00f6nnten dar\u00fcber entscheiden, wer innerhalb der Post-Orb\u00e1n-Rechten tats\u00e4chlich eine Zukunft hat.<\/p>\n\n\n\n<p class=\"wp-block-paragraph\">Und das k\u00f6nnte Politiker wie Navracsics und Ferencz in eine besonders heikle Lage bringen.<\/p>\n\n\n\n<h2 class=\"wp-block-heading\">Die seltsame M\u00f6glichkeit zweier rechter Lager<\/h2>\n\n\n\n<p class=\"wp-block-paragraph\">Es ist daher denkbar, dass es zu einer eher unerwarteten politischen Neuordnung kommt.<\/p>\n\n\n\n<p class=\"wp-block-paragraph\">Eine M\u00f6glichkeit w\u00e4re eine radikale rechte Kraft, die sich um den eher nationalistischen und kompromisslosen Fl\u00fcgel von Fidesz sowie um Mi Haz\u00e1nk bildet.<\/p>\n\n\n\n<p class=\"wp-block-paragraph\">Auf der anderen Seite k\u00f6nnte sich eine eher traditionell-konservative Partei herausbilden, die sich um Pers\u00f6nlichkeiten formiert, die den b\u00fcrgerlichen, gem\u00e4\u00dfigten und institutionell orientierten Charakter bewahren wollen, der einst einen wichtigen Teil der politischen Identit\u00e4t von Fidesz ausmachte.<\/p>\n\n\n\n<p class=\"wp-block-paragraph\">In diesem Szenario w\u00fcrde sich die Frage nicht mehr stellen, ob sich \u201eMi Haz\u00e1nk\u201c der Fidesz anschlie\u00dft.<\/p>\n\n\n\n<p class=\"wp-block-paragraph\">Die eigentliche Frage w\u00e4re vielmehr: Welcher Teil von Fidesz w\u00fcrde sich Mi Haz\u00e1nk anschlie\u00dfen?<\/p>\n\n\n\n<p class=\"wp-block-paragraph\">Das ist eine weitaus einschneidendere Perspektive.<\/p>\n\n\n\n<p class=\"wp-block-paragraph\">Dies w\u00fcrde auch erkl\u00e4ren, warum die scheinbar bescheidene Initiative der B\u00fcrgerdemokraten Beachtung verdient. Navracsics und Ferencz k\u00f6nnten aufrichtig an einem Dialog und einer politischen Auss\u00f6hnung interessiert sein. M\u00f6glicherweise versuchen sie lediglich, Raum f\u00fcr eine weniger konfrontative Form des Konservatismus zu schaffen.<\/p>\n\n\n\n<p class=\"wp-block-paragraph\">Oder sie streben m\u00f6glicherweise etwas Gr\u00f6\u00dferes an.<\/p>\n\n\n\n<h2 class=\"wp-block-heading\">Noch ist alles m\u00f6glich<\/h2>\n\n\n\n<p class=\"wp-block-paragraph\">Nat\u00fcrlich bedeutet all dies nicht, dass ein Zusammenschluss von Fidesz und Mi Haz\u00e1nk unmittelbar bevorsteht.<\/p>\n\n\n\n<p class=\"wp-block-paragraph\">Es gibt keine Anzeichen daf\u00fcr, dass die beiden Parteien im Begriff sind, sich offiziell zu einer einzigen Organisation zusammenzuschlie\u00dfen. Vorerst bleiben sie getrennte politische Kr\u00e4fte mit eigener F\u00fchrung, eigenen Interessen und eigenen W\u00e4hlerbasen.<\/p>\n\n\n\n<p class=\"wp-block-paragraph\">Doch in der Politik geht es selten um das, was bereits geschehen ist. Es geht auch darum, was m\u00f6glich wird, nachdem sich die politische Landschaft ver\u00e4ndert hat. Und <a href=\"https:\/\/dailynewshungary.com\/de\/ein-blick-hinter-die-kulissen-war-der-12-april-wirklich-ein-regimewechsel\/\/\">der 12. April<\/a> hat diese Landschaft dramatisch ver\u00e4ndert.<\/p>\n\n\n\n<p class=\"wp-block-paragraph\">Die ehemalige Regierungspartei befindet sich nun in der Opposition. Tisza dominiert die Regierungsseite der ungarischen Politik. Mi Haz\u00e1nk bleibt im Parlament vertreten und hat allen Grund zu der Annahme, dass sie auf der rechten Seite eine Rolle zu spielen hat.<\/p>\n\n\n\n<p class=\"wp-block-paragraph\">Unterdessen beginnen Pers\u00f6nlichkeiten, die mit der gem\u00e4\u00dfigteren konservativen Tradition von Fidesz in Verbindung stehen, offener \u00fcber Dialog, politische Spaltung und die Zukunft des rechten Spektrums zu sprechen.<\/p>\n\n\n\n<p class=\"wp-block-paragraph\">Vielleicht handelt es sich hierbei lediglich um vereinzelte Entwicklungen, oder vielleicht kommen die Dinge langsam ins Rollen. Der n\u00e4chste politische Kampf in Ungarn dreht sich daher m\u00f6glicherweise gar nicht um den Gegensatz zwischen Links und Rechts. Es k\u00f6nnte vielmehr darum gehen, welcher Fl\u00fcgel der Rechten \u00fcberlebt.<\/p>\n","protected":false},"excerpt":{"rendered":"<p>K\u00f6nnten die politischen Man\u00f6ver von Tibor Navracsics und Orsolya Ferencz tats\u00e4chlich ein Zeichen daf\u00fcr sein, dass sie an dem unwahrscheinlichen B\u00fcndnis von Fidesz mit Mi Haz\u00e1nk keinen Anteil haben wollen? Die Beziehung zwischen Fidesz und Mi Haz\u00e1nk ist seit langem vor allem von taktischen \u00dcberlegungen gepr\u00e4gt. Wer die ungarische Politik in den letzten Jahren aufmerksam [&hellip;]<\/p>\n","protected":false},"author":91,"featured_media":792129,"comment_status":"open","ping_status":"open","sticky":false,"template":"","format":"standard","meta":{"_acf_changed":false,"_display_image":"","footnotes":"","_members_access_role":[],"_members_access_error":""},"categories":[4396],"tags":[1091,4737,4673,4674,1102,1076,1128],"class_list":["post-792128","post","type-post","status-publish","format-standard","has-post-thumbnail","hentry","category-ungarisch","tag-fidesz","tag-kategorie-politik-2","tag-peter-magyar","tag-tisza-partei","tag-ungarische-regierung","tag-ungarn","tag-viktor-orban"],"blocksy_meta":[],"acf":[],"author_username":"api","telegram_post":"","public_post_metadata":{"breaking_news":"yes","important":"no","csempe":"yes","center_tile":"no","disable_thumbnail":"no","target_lang":"","_featured_image_style":"","telegram_post":"","_xlat_group_id":"8a46b4bb-d5b6-43a8-83a8-c60680f817cf"},"public_rank_math_data":{"title":"%title% %sep% %sitename%","description":"","focus_keyword":"Fidesz","canonical_url":"","robots":"","primary_category":"4396","breadcrumb_title":"","facebook_title":"","facebook_description":"","facebook_image":"","facebook_image_id":"","twitter_title":"","twitter_description":"","twitter_image":"","twitter_image_id":"","twitter_card_type":"","twitter_use_facebook":"","advanced_robots":"","pillar_content":"","seo_score":"77","contentai_score":"","rich_snippet":""},"_links":{"self":[{"href":"https:\/\/dailynewshungary.com\/de\/wp-json\/wp\/v2\/posts\/792128","targetHints":{"allow":["GET"]}}],"collection":[{"href":"https:\/\/dailynewshungary.com\/de\/wp-json\/wp\/v2\/posts"}],"about":[{"href":"https:\/\/dailynewshungary.com\/de\/wp-json\/wp\/v2\/types\/post"}],"author":[{"embeddable":true,"href":"https:\/\/dailynewshungary.com\/de\/wp-json\/wp\/v2\/users\/91"}],"replies":[{"embeddable":true,"href":"https:\/\/dailynewshungary.com\/de\/wp-json\/wp\/v2\/comments?post=792128"}],"version-history":[{"count":0,"href":"https:\/\/dailynewshungary.com\/de\/wp-json\/wp\/v2\/posts\/792128\/revisions"}],"wp:featuredmedia":[{"embeddable":true,"href":"https:\/\/dailynewshungary.com\/de\/wp-json\/wp\/v2\/media\/792129"}],"wp:attachment":[{"href":"https:\/\/dailynewshungary.com\/de\/wp-json\/wp\/v2\/media?parent=792128"}],"wp:term":[{"taxonomy":"category","embeddable":true,"href":"https:\/\/dailynewshungary.com\/de\/wp-json\/wp\/v2\/categories?post=792128"},{"taxonomy":"post_tag","embeddable":true,"href":"https:\/\/dailynewshungary.com\/de\/wp-json\/wp\/v2\/tags?post=792128"}],"curies":[{"name":"wp","href":"https:\/\/api.w.org\/{rel}","templated":true}]}}