{"id":792131,"date":"2026-09-04T06:14:00","date_gmt":"2026-09-04T04:14:00","guid":{"rendered":"https:\/\/dailynewshungary.com\/de\/ministerprasident-magyar-kundigt-umfassende-anderungen-an-erhebliche-gehaltserhohungen-strengere-umweltstrafen-und-radikale-anderungen-bei-den-konzessionen\/"},"modified":"2026-09-04T10:23:52","modified_gmt":"2026-09-04T08:23:52","slug":"ministerprasident-magyar-kundigt-umfassende-anderungen-an-erhebliche-gehaltserhohungen-strengere-umweltstrafen-und-radikale-anderungen-bei-den-konzessionen","status":"publish","type":"post","link":"https:\/\/dailynewshungary.com\/de\/ministerprasident-magyar-kundigt-umfassende-anderungen-an-erhebliche-gehaltserhohungen-strengere-umweltstrafen-und-radikale-anderungen-bei-den-konzessionen\/","title":{"rendered":"Ministerpr\u00e4sident Magyar k\u00fcndigt umfassende \u00c4nderungen an: Erhebliche Gehaltserh\u00f6hungen, strengere Umweltstrafen und radikale \u00c4nderungen bei den Konzessionen"},"content":{"rendered":"\n<p class=\"wp-block-paragraph\"><strong>Die ungarische Regierung unter Ministerpr\u00e4sident Magyar hat ein umfassendes Paket sozialer, \u00f6kologischer und institutioneller Ma\u00dfnahmen angek\u00fcndigt, darunter eine zweistufige Lohnerh\u00f6hung f\u00fcr Sozialarbeiter, h\u00f6here Sozialleistungen f\u00fcr Menschen mit eingeschr\u00e4nkter Erwerbsf\u00e4higkeit, tiefgreifende \u00c4nderungen im Kinderschutzsystem sowie die Schaffung einer neuen nationalen Umweltbeh\u00f6rde.<\/strong><\/p>\n\n\n\n<p class=\"wp-block-paragraph\">Ministerpr\u00e4sident P\u00e9ter Magyar stellte die Beschl\u00fcsse auf einer Pressekonferenz in Budapest vor und erkl\u00e4rte, die Regierung habe einen stark ersch\u00f6pften Haushalt und ein angeschlagenes Sozialsystem vorgefunden, werde jedoch ihre Wahlversprechen dennoch einhalten.<\/p>\n\n\n\n<h2 class=\"wp-block-heading\">Sozialleistungen und h\u00f6here L\u00f6hne<\/h2>\n\n\n\n<p class=\"wp-block-paragraph\">Sozialarbeiter, darunter Mitarbeiter des Kinderschutzes und des Bildungswesens, sollen eine Lohnerh\u00f6hung von 25 % in zwei Stufen erhalten. Die erste Erh\u00f6hung wird voraussichtlich Mitte Oktober erfolgen, gefolgt von einer zweiten ab dem 1. Januar 2027.<\/p>\n\n\n\n<p class=\"wp-block-paragraph\">Die Leistungen f\u00fcr Menschen mit eingeschr\u00e4nkter Erwerbsf\u00e4higkeit werden um 10 % angehoben, w\u00e4hrend Personen \u00fcber 65 Jahren in dieser Gruppe mindestens 120.000 HUF pro Monat erhalten. Die Ma\u00dfnahme soll rund 238.000 Menschen zugutekommen.<\/p>\n\n\n\n<p class=\"wp-block-paragraph\">Die Regierung plant zudem, die Mindestrente ab Januar 2027 von 28.500 HUF auf 120.000 HUF anzuheben. Zu den weiteren Ma\u00dfnahmen geh\u00f6ren g\u00fcnstigere Brennholzpreise, eine Verdopplung der Mittel f\u00fcr das soziale Brennholzprogramm sowie eine Mehrwertsteuerbefreiung f\u00fcr verschreibungspflichtige Medikamente.<\/p><figure class=\"wp-block-image aligncenter size-full\"><figcaption class=\"wp-element-caption\">\n<\/figcaption><\/figure>\n\n<figure class=\"wp-block-image aligncenter size-full\"><figcaption class=\"wp-element-caption\">\n<\/figcaption><img decoding=\"async\" src=\"https:\/\/dailynewshungary.b-cdn.net\/wp-content\/uploads\/2026\/09\/Peter-Magyar-press-briefing4.webp\" alt=\"P\u00e9ter Magyar press briefing\" class=\"wp-image-705904\"\/><figcaption class=\"wp-element-caption\">P\u00e9ter Magyar und Regierungssprecherin Anita K\u00f6b\u00f6l. Foto: MTI<\/figcaption><\/figure>\n\n\n\n<blockquote class=\"wp-block-quote is-layout-flow wp-block-quote-is-layout-flow\">\n<p class=\"has-black-color has-pale-ocean-gradient-background has-text-color has-background has-link-color wp-elements-1 wp-block-paragraph\"><strong>Falls Sie es verpasst haben: <a href=\"https:\/\/dailynewshungary.com\/de\/eilmeldung-erasmus-kehrt-nach-ungarn-zuruck-ungarische-studierende-konnen-wieder-im-ausland-studieren\/\/\">Erasmus kehrt nach Ungarn zur\u00fcck \u2013 ungarische Studierende k\u00f6nnen wieder im Ausland studieren!<\/a><\/strong><\/p>\n<\/blockquote>\n\n\n\n<h2 class=\"wp-block-heading\">Kinderschutzsystem erh\u00e4lt Milliarden<\/h2>\n\n\n\n<p class=\"wp-block-paragraph\">Vier Jugendstrafanstalten in Asz\u00f3d, Debrecen, R\u00e1kospalota und Nagykanizsa werden ab dem 1. Oktober wieder in das Kinderschutzsystem integriert. Die Regierung stellt f\u00fcr deren Ausbau unverz\u00fcglich 3 Milliarden HUF bereit; weitere 2,5 Milliarden HUF sind bis 2028 vorgesehen.<\/p>\n\n\n\n<p class=\"wp-block-paragraph\">Die Regierung wird die ehemalige Einrichtung in der Sz\u0151l\u0151-Stra\u00dfe in Budapest, die unter der vorherigen Regierung verkauft wurde, nicht wiederer\u00f6ffnen.<\/p>\n\n\n\n<p class=\"wp-block-paragraph\">Zudem l\u00e4uft derzeit eine separate \u00dcberpr\u00fcfung des ungarischen Kinderschutzsystems. Magyar erkl\u00e4rte, die Regierung werde Berichte zu seit Langem bestehenden Problemen ver\u00f6ffentlichen, w\u00e4hrend weitere 10 Milliarden HUF bereitgestellt werden k\u00f6nnten, um die dringendsten Probleme des Systems zu beheben.<\/p><figure class=\"wp-block-image aligncenter size-full\"><figcaption class=\"wp-element-caption\">\n<\/figcaption><\/figure>\n\n<figure class=\"wp-block-image aligncenter size-full\"><figcaption class=\"wp-element-caption\">\n<\/figcaption><img decoding=\"async\" src=\"https:\/\/dailynewshungary.b-cdn.net\/wp-content\/uploads\/2026\/09\/Peter-Magyar-press-briefing2.webp\" alt=\"P\u00e9ter Magyar press briefing\" class=\"wp-image-705902\"\/><figcaption class=\"wp-element-caption\">Foto: MTI<\/figcaption><\/figure>\n\n\n\n<p class=\"has-text-align-center has-black-color has-electric-grass-gradient-background has-text-color has-background has-link-color wp-elements-2 wp-block-paragraph\"><strong>Bleiben Sie mit unserem \u201eHungary Weekly Briefing\u201c auf dem Laufenden:<\/strong> <strong><a href=\"https:\/\/substack.com\/@thehungaryinsider\" target=\"_blank\" rel=\"noopener\">Abonnieren Sie es auf Substack<\/a>!<\/strong><\/p>\n\n\n\n<h2 class=\"wp-block-heading\">Neue \u201eSuperbeh\u00f6rde\u201c f\u00fcr Umweltfragen geplant<\/h2>\n\n\n\n<p class=\"wp-block-paragraph\">Ab dem 1. Januar 2027 ist die Einrichtung einer neuen unabh\u00e4ngigen nationalen Umweltbeh\u00f6rde geplant, die Zust\u00e4ndigkeiten in den Bereichen Umwelt, Natur, Klima, Wasser, Tierschutz und Forstwirtschaft b\u00fcndeln soll.<\/p>\n\n\n\n<p class=\"wp-block-paragraph\">Die Beh\u00f6rde soll insbesondere die Batterieherstellung, das Recycling und die Entsorgung streng \u00fcberwachen. Auch die Bu\u00dfgelder im Umweltbereich w\u00fcrden deutlich versch\u00e4rft: Die H\u00f6chststrafe f\u00fcr die schwerwiegendsten Verst\u00f6\u00dfe k\u00f6nnte auf 5 Milliarden HUF steigen.<\/p>\n\n\n\n<p class=\"wp-block-paragraph\">F\u00fcr gro\u00dfe Unternehmen ist zudem ein \u201eThree-Strikes\u201c-Prinzip vorgesehen. Unternehmen, die wiederholt gegen Umweltvorschriften versto\u00dfen, k\u00f6nnten mit einer Mindeststrafe in H\u00f6he von 0,5 % ihres j\u00e4hrlichen Nettoumsatzes rechnen, wobei ein Mindestbetrag von 5 Millionen HUF gilt.<\/p>\n\n\n\n<p class=\"wp-block-paragraph\">Die Regierung plant zudem eine umfassende Reform des ungarischen Abfallwirtschaftssystems und hat Mittel in H\u00f6he von mehreren zehn Milliarden Forint f\u00fcr die Pflanzung von Millionen von B\u00e4umen und die Ausweitung der Waldfl\u00e4chen bis zum Jahr 2030 angek\u00fcndigt.<\/p><figure class=\"wp-block-image aligncenter size-full\"><figcaption class=\"wp-element-caption\">\n<\/figcaption><\/figure>\n\n<figure class=\"wp-block-image aligncenter size-full\"><figcaption class=\"wp-element-caption\">\n<\/figcaption><img decoding=\"async\" src=\"https:\/\/dailynewshungary.b-cdn.net\/wp-content\/uploads\/2026\/09\/Peter-Magyar-press-briefing.webp\" alt=\"P\u00e9ter Magyar press briefing\" class=\"wp-image-705901\"\/><figcaption class=\"wp-element-caption\">Foto: MTI<\/figcaption><\/figure>\n\n\n\n<h2 class=\"wp-block-heading\">Casino- und Tabakkonzessionen werden \u00fcberpr\u00fcft<\/h2>\n\n\n\n<p class=\"wp-block-paragraph\">Die Regierung bereitet eine radikale Umstrukturierung der Tabak- und Kasinokonzessionen vor und plant, die Regulierungsfunktion der Aufsichtsbeh\u00f6rde f\u00fcr regulierte T\u00e4tigkeiten (SZTFH) abzuschaffen. Magyar deutete an, dass die K\u00fcndigung bestehender Konzessionsvertr\u00e4ge in Betracht gezogen werden k\u00f6nnte, obwohl endg\u00fcltige Entscheidungen noch ausstehen.<\/p>\n\n\n\n<p class=\"wp-block-paragraph\">Die Regierung plant zudem, die Pflichtmitgliedschaft in der Ungarischen \u00c4rztekammer wieder einzuf\u00fchren und gleichzeitig einen neuen Beratungsdienst zum Schuldenmanagement f\u00fcr finanziell angeschlagene Familien einzurichten.<\/p>\n\n\n\n<blockquote class=\"wp-block-quote is-layout-flow wp-block-quote-is-layout-flow\">\n<p class=\"has-black-color has-pale-ocean-gradient-background has-text-color has-background has-link-color wp-elements-3 wp-block-paragraph\"><a href=\"https:\/\/dailynewshungary.com\/de\/ausenministerin-anita-orban-erlautert-was-ungarn-von-der-ukraine-erwartet-damit-die-regierung-ihr-veto-zuruckzieht\/\/\"><strong>Au\u00dfenministerin Anita Orb\u00e1n erl\u00e4utert, was Ungarn von der Ukraine erwartet, damit die Regierung ihr Veto zur\u00fcckzieht<\/strong><\/a><\/p>\n<\/blockquote>\n\n\n\n<h2 class=\"wp-block-heading\">Weitere wichtige Beschl\u00fcsse<\/h2>\n\n\n\n<p class=\"wp-block-paragraph\">Die Regierung wird M\u00e4nnern im wehrf\u00e4higen Alter, die vor dem Krieg zwischen Russland und der Ukraine fliehen, weiterhin vor\u00fcbergehenden Schutz in Ungarn gew\u00e4hren, ungeachtet der j\u00fcngsten Entscheidung der EU in dieser Angelegenheit. Zudem plant sie, langwierige Strafverfahren zu \u00fcberpr\u00fcfen, die vollst\u00e4ndige Verstaatlichung des Vollstreckungssystems vorzubereiten und den ungarischen Reservebeitrag zur EUFOR-Althea-Friedensmission in Bosnien und Herzegowina zu erh\u00f6hen.<\/p>\n\n\n\n<p class=\"wp-block-paragraph\">Unterdessen erkl\u00e4rte Magyar, dass das neu errichtete Wehr am Kernkraftwerk Paks f\u00fcr einen ausreichenden Wasserstand sorge, sodass die Anlage nahezu mit voller Kapazit\u00e4t betrieben werden k\u00f6nne. Die Regierung fordert zudem von \u00d6sterreich Entsch\u00e4digung f\u00fcr asbestverseuchtes Gestein, das nach Ungarn transportiert wurde, und setzt die Verhandlungen mit Br\u00fcssel \u00fcber die EU-Geldstrafe in H\u00f6he von 1 Million Euro pro Tag im Zusammenhang mit der Migration fort.<\/p>\n","protected":false},"excerpt":{"rendered":"<p>Die ungarische Regierung unter Ministerpr\u00e4sident Magyar hat ein umfassendes Paket sozialer, \u00f6kologischer und institutioneller Ma\u00dfnahmen angek\u00fcndigt, darunter eine zweistufige Lohnerh\u00f6hung f\u00fcr Sozialarbeiter, h\u00f6here Sozialleistungen f\u00fcr Menschen mit eingeschr\u00e4nkter Erwerbsf\u00e4higkeit, tiefgreifende \u00c4nderungen im Kinderschutzsystem sowie die Schaffung einer neuen nationalen Umweltbeh\u00f6rde. Ministerpr\u00e4sident P\u00e9ter Magyar stellte die Beschl\u00fcsse auf einer Pressekonferenz in Budapest vor und erkl\u00e4rte, die [&hellip;]<\/p>\n","protected":false},"author":62,"featured_media":792132,"comment_status":"open","ping_status":"open","sticky":false,"template":"","format":"standard","meta":{"_acf_changed":false,"_display_image":"yes","footnotes":"","_members_access_role":[],"_members_access_error":""},"categories":[1081],"tags":[1111,4273,4964,4766,1502,4673,4719,1113,1102,1076],"class_list":["post-792131","post","type-post","status-publish","format-standard","has-post-thumbnail","hentry","category-politik","tag-budapest","tag-ce","tag-gehalt","tag-kategorie-ungarische-politik-2","tag-kinder","tag-peter-magyar","tag-regierung-magyar","tag-umwelt","tag-ungarische-regierung","tag-ungarn"],"blocksy_meta":[],"acf":[],"author_username":"hmercedesz","telegram_post":"","public_post_metadata":{"breaking_news":"yes","important":"no","csempe":"yes","center_tile":"no","disable_thumbnail":"no","target_lang":"","_featured_image_style":"default","telegram_post":"","_xlat_group_id":"9e3149cf-f292-43c1-abe2-fd1c188aa321"},"public_rank_math_data":{"title":"%title% %sep% %sitename%","description":"","focus_keyword":"Magyar","canonical_url":"","robots":"","primary_category":"1081","breadcrumb_title":"","facebook_title":"","facebook_description":"","facebook_image":"","facebook_image_id":"","twitter_title":"","twitter_description":"","twitter_image":"","twitter_image_id":"","twitter_card_type":"","twitter_use_facebook":"","advanced_robots":"","pillar_content":"","seo_score":"78","contentai_score":"","rich_snippet":""},"_links":{"self":[{"href":"https:\/\/dailynewshungary.com\/de\/wp-json\/wp\/v2\/posts\/792131","targetHints":{"allow":["GET"]}}],"collection":[{"href":"https:\/\/dailynewshungary.com\/de\/wp-json\/wp\/v2\/posts"}],"about":[{"href":"https:\/\/dailynewshungary.com\/de\/wp-json\/wp\/v2\/types\/post"}],"author":[{"embeddable":true,"href":"https:\/\/dailynewshungary.com\/de\/wp-json\/wp\/v2\/users\/62"}],"replies":[{"embeddable":true,"href":"https:\/\/dailynewshungary.com\/de\/wp-json\/wp\/v2\/comments?post=792131"}],"version-history":[{"count":1,"href":"https:\/\/dailynewshungary.com\/de\/wp-json\/wp\/v2\/posts\/792131\/revisions"}],"predecessor-version":[{"id":792141,"href":"https:\/\/dailynewshungary.com\/de\/wp-json\/wp\/v2\/posts\/792131\/revisions\/792141"}],"wp:featuredmedia":[{"embeddable":true,"href":"https:\/\/dailynewshungary.com\/de\/wp-json\/wp\/v2\/media\/792132"}],"wp:attachment":[{"href":"https:\/\/dailynewshungary.com\/de\/wp-json\/wp\/v2\/media?parent=792131"}],"wp:term":[{"taxonomy":"category","embeddable":true,"href":"https:\/\/dailynewshungary.com\/de\/wp-json\/wp\/v2\/categories?post=792131"},{"taxonomy":"post_tag","embeddable":true,"href":"https:\/\/dailynewshungary.com\/de\/wp-json\/wp\/v2\/tags?post=792131"}],"curies":[{"name":"wp","href":"https:\/\/api.w.org\/{rel}","templated":true}]}}