{"id":792147,"date":"2026-09-04T09:54:00","date_gmt":"2026-09-04T07:54:00","guid":{"rendered":"https:\/\/dailynewshungary.com\/de\/tragodie-in-der-zentrale-des-ungarischen-rettungsdienstes-mitarbeiter-stirbt-nach-sturz-aus-dem-7-stock\/"},"modified":"2026-09-04T13:02:55","modified_gmt":"2026-09-04T11:02:55","slug":"tragodie-in-der-zentrale-des-ungarischen-rettungsdienstes-mitarbeiter-stirbt-nach-sturz-aus-dem-7-stock","status":"publish","type":"post","link":"https:\/\/dailynewshungary.com\/de\/tragodie-in-der-zentrale-des-ungarischen-rettungsdienstes-mitarbeiter-stirbt-nach-sturz-aus-dem-7-stock\/","title":{"rendered":"Trag\u00f6die in der Zentrale des ungarischen Rettungsdienstes: Mitarbeiter stirbt nach Sturz aus dem 7. Stock"},"content":{"rendered":"\n<p class=\"wp-block-paragraph\"><strong>Ein Mitarbeiter der Zentrale des ungarischen Rettungsdienstes ist ums Leben gekommen, nachdem er in Budapest aus dem siebten Stock des Geb\u00e4udes gest\u00fcrzt war. Nach Angaben der Polizei besteht derzeit kein Verdacht auf ein Verbrechen; die Umst\u00e4nde des t\u00f6dlichen Unfalls werden derzeit untersucht.<\/strong><\/p>\n\n\n\n<p class=\"wp-block-paragraph\">Am Donnerstag ereignete sich am Hauptsitz des ungarischen Nationalen Rettungsdienstes (OMSZ) ein tragischer Vorfall, als einer der Mitarbeiter der Organisation aus dem siebten Stock des Geb\u00e4udes st\u00fcrzte und ums Leben kam.<\/p>\n\n\n\n<p class=\"wp-block-paragraph\">\u00dcber den Vorfall berichtete zun\u00e4chst <a href=\"https:\/\/www.atv.hu\/belfold\/20260903\/kizuhant-mentoszekhaz-dolgozo\/\" target=\"_blank\" rel=\"noopener\">der Fernsehsender ATV<\/a>, der sich zur Kl\u00e4rung an den Nationalen Rettungsdienst wandte. Die Organisation best\u00e4tigte den Todesfall, erkl\u00e4rte jedoch, dass die genauen Umst\u00e4nde noch untersucht w\u00fcrden.<\/p>\n\n\n\n<blockquote class=\"wp-block-quote is-layout-flow wp-block-quote-is-layout-flow\">\n<p class=\"wp-block-paragraph\">\u201eDie Umst\u00e4nde des Vorfalls werden derzeit gekl\u00e4rt. Der Nationale Rettungsdienst steht der Familie unseres verstorbenen Kollegen und der Rettungsdienstgemeinschaft zur Seite und wird ihnen jede erforderliche Unterst\u00fctzung zukommen lassen.\u201c<\/p>\n<\/blockquote>\n\n\n\n<p class=\"wp-block-paragraph\">Die Organisation gab keine weiteren Einzelheiten dar\u00fcber bekannt, was vor dem t\u00f6dlichen Sturz geschehen war.<\/p>\n\n\n\n<h2 class=\"wp-block-heading\">Die Polizei schlie\u00dft ein Fremdverschulden vorerst aus<\/h2>\n\n\n\n<p class=\"wp-block-paragraph\">Das Budapester Polizeipr\u00e4sidium (BRFK) teilte <a href=\"https:\/\/telex.hu\/belfold\/2026\/09\/04\/mentoszekhaz-hetedik-emelet-baleset\" target=\"_blank\" rel=\"noopener\">Telex<\/a> mit, dass derzeit kein Verdacht auf ein Verbrechen im Zusammenhang mit dem Todesfall bestehe. Die Polizei untersucht die Umst\u00e4nde des Vorfalls im Rahmen eines beh\u00f6rdlichen Ermittlungsverfahrens. Weitere Einzelheiten wurden bislang nicht bekannt gegeben.<\/p>\n\n\n\n<p class=\"wp-block-paragraph\">Es ist daher noch nicht bekannt, ob der Tod auf einen Unfall zur\u00fcckzuf\u00fchren ist oder ob andere Umst\u00e4nde zu dem t\u00f6dlichen Sturz beigetragen haben. Der Nationale Rettungsdienst hat unterdessen der Familie und den Kollegen des verstorbenen Mitarbeiters nach der Trag\u00f6die seine Unterst\u00fctzung zugesichert.<\/p>\n\n\n\n<blockquote class=\"wp-block-quote is-layout-flow wp-block-quote-is-layout-flow\">\n<p class=\"has-black-color has-pale-ocean-gradient-background has-text-color has-background has-link-color wp-elements-1 wp-block-paragraph\"><a href=\"https:\/\/dailynewshungary.com\/de\/industrie-kletterer-stirbt-nach-sturz-vom-dach-eines-ungarischen-regierungsgebaudes\/\/\"><strong>Industriekletterer stirbt nach Sturz vom Dach eines ungarischen Regierungsgeb\u00e4udes<\/strong><\/a><\/p>\n<\/blockquote>\n\n\n\n<h2 class=\"wp-block-heading\">Die Ermittlungen dauern an<\/h2>\n\n\n\n<p class=\"wp-block-paragraph\">Es wird erwartet, dass die Beh\u00f6rden im Laufe ihrer Ermittlungen die genauen Umst\u00e4nde des Vorfalls kl\u00e4ren werden. Bislang haben die Beh\u00f6rden keine Informationen dar\u00fcber bekannt gegeben, was unmittelbar vor dem Sturz des Mitarbeiters aus dem siebten Stock geschah.<\/p>\n\n\n\n<p class=\"wp-block-paragraph\">Leider war dies nicht der erste t\u00f6dliche Unfall in j\u00fcngster Zeit. Letzte Woche <a href=\"https:\/\/dailynewshungary.com\/de\/tragodie-in-ungarn-siebenjahriger-stirbt-nach-sturz-aus-einer-wohnung-im-10-stock\/\/\">starb ein siebenj\u00e4hriger Junge<\/a>, nachdem er aus dem zehnten Stock eines Wohnblocks in Szeged gest\u00fcrzt war. Auch die Polizei untersucht die Umst\u00e4nde dieses Vorfalls. Die Ermittlungen zum Todesfall in der Zentrale des Nationalen Rettungsdienstes dauern weiterhin an.<\/p>\n","protected":false},"excerpt":{"rendered":"<p>Ein Mitarbeiter der Zentrale des ungarischen Rettungsdienstes ist ums Leben gekommen, nachdem er in Budapest aus dem siebten Stock des Geb\u00e4udes gest\u00fcrzt war. Nach Angaben der Polizei besteht derzeit kein Verdacht auf ein Verbrechen; die Umst\u00e4nde des t\u00f6dlichen Unfalls werden derzeit untersucht. Am Donnerstag ereignete sich am Hauptsitz des ungarischen Nationalen Rettungsdienstes (OMSZ) ein tragischer [&hellip;]<\/p>\n","protected":false},"author":62,"featured_media":792148,"comment_status":"open","ping_status":"open","sticky":false,"template":"","format":"standard","meta":{"_acf_changed":false,"_display_image":"yes","footnotes":"","_members_access_role":[],"_members_access_error":""},"categories":[4406],"tags":[1111,4273,4957,1236,1163,1076],"class_list":["post-792147","post","type-post","status-publish","format-standard","has-post-thumbnail","hentry","category-life","tag-budapest","tag-ce","tag-kategorie-unfall","tag-polizei","tag-ungarische-polizei","tag-ungarn"],"blocksy_meta":[],"acf":[],"author_username":"hmercedesz","telegram_post":"","public_post_metadata":{"breaking_news":"yes","important":"no","csempe":"yes","center_tile":"no","disable_thumbnail":"no","target_lang":"","_featured_image_style":"default","telegram_post":"","_xlat_group_id":"199afcf1-1702-40f7-ad95-14e8aa283ab0"},"public_rank_math_data":{"title":"%title% %sep% %sitename%","description":"","focus_keyword":"Rettungsdienst","canonical_url":"","robots":"","primary_category":"4406","breadcrumb_title":"","facebook_title":"","facebook_description":"","facebook_image":"","facebook_image_id":"","twitter_title":"","twitter_description":"","twitter_image":"","twitter_image_id":"","twitter_card_type":"","twitter_use_facebook":"","advanced_robots":"","pillar_content":"","seo_score":"73","contentai_score":"","rich_snippet":""},"_links":{"self":[{"href":"https:\/\/dailynewshungary.com\/de\/wp-json\/wp\/v2\/posts\/792147","targetHints":{"allow":["GET"]}}],"collection":[{"href":"https:\/\/dailynewshungary.com\/de\/wp-json\/wp\/v2\/posts"}],"about":[{"href":"https:\/\/dailynewshungary.com\/de\/wp-json\/wp\/v2\/types\/post"}],"author":[{"embeddable":true,"href":"https:\/\/dailynewshungary.com\/de\/wp-json\/wp\/v2\/users\/62"}],"replies":[{"embeddable":true,"href":"https:\/\/dailynewshungary.com\/de\/wp-json\/wp\/v2\/comments?post=792147"}],"version-history":[{"count":1,"href":"https:\/\/dailynewshungary.com\/de\/wp-json\/wp\/v2\/posts\/792147\/revisions"}],"predecessor-version":[{"id":792149,"href":"https:\/\/dailynewshungary.com\/de\/wp-json\/wp\/v2\/posts\/792147\/revisions\/792149"}],"wp:featuredmedia":[{"embeddable":true,"href":"https:\/\/dailynewshungary.com\/de\/wp-json\/wp\/v2\/media\/792148"}],"wp:attachment":[{"href":"https:\/\/dailynewshungary.com\/de\/wp-json\/wp\/v2\/media?parent=792147"}],"wp:term":[{"taxonomy":"category","embeddable":true,"href":"https:\/\/dailynewshungary.com\/de\/wp-json\/wp\/v2\/categories?post=792147"},{"taxonomy":"post_tag","embeddable":true,"href":"https:\/\/dailynewshungary.com\/de\/wp-json\/wp\/v2\/tags?post=792147"}],"curies":[{"name":"wp","href":"https:\/\/api.w.org\/{rel}","templated":true}]}}