{"id":792150,"date":"2026-09-04T11:14:00","date_gmt":"2026-09-04T09:14:00","guid":{"rendered":"https:\/\/dailynewshungary.com\/de\/ungarn-droht-eine-migrationsstrafe-in-hohe-von-1-million-euro-pro-tag-brussel-reagiert-auf-den-appell-von-ministerprasident-magyar\/"},"modified":"2026-09-04T13:46:46","modified_gmt":"2026-09-04T11:46:46","slug":"ungarn-droht-eine-migrationsstrafe-in-hohe-von-1-million-euro-pro-tag-brussel-reagiert-auf-den-appell-von-ministerprasident-magyar","status":"publish","type":"post","link":"https:\/\/dailynewshungary.com\/de\/ungarn-droht-eine-migrationsstrafe-in-hohe-von-1-million-euro-pro-tag-brussel-reagiert-auf-den-appell-von-ministerprasident-magyar\/","title":{"rendered":"Ungarn droht eine Migrationsstrafe in H\u00f6he von 1 Million Euro pro Tag: Br\u00fcssel reagiert auf den Appell von Ministerpr\u00e4sident Magyar"},"content":{"rendered":"\n<p class=\"wp-block-paragraph\"><strong>Die Europ\u00e4ische Kommission erkl\u00e4rt, sie stehe in engen und konstruktiven Gespr\u00e4chen mit der ungarischen Regierung \u00fcber die enorme Geldstrafe im Zusammenhang mit der Migrationspolitik, w\u00e4hrend Ministerpr\u00e4sident P\u00e9ter Magyar nach einem Weg sucht, die t\u00e4gliche Geldstrafe in H\u00f6he von 1 Million Euro zu stoppen, ohne dabei die strenge Grenzpolitik Ungarns aufzugeben.<\/strong><\/p>\n\n\n\n<h2 class=\"wp-block-heading\">Br\u00fcssel reagiert auf Ungarns Antrag<\/h2>\n\n\n\n<p class=\"wp-block-paragraph\">Laut <a href=\"https:\/\/index.hu\/kulfold\/2026\/09\/03\/europai-unio-szovivo-migracios-birsag-bizottsag-magyar-peter\/\" target=\"_blank\" rel=\"noopener\">Index<\/a> hat die Europ\u00e4ische Kommission best\u00e4tigt, dass sie mit den ungarischen Beh\u00f6rden in Kontakt steht bez\u00fcglich der Geldstrafe in H\u00f6he von 1 Million Euro pro Tag, die gegen Ungarn wegen Versto\u00dfes gegen die EU-Asylvorschriften verh\u00e4ngt wurde. Ein Sprecher der Kommission erkl\u00e4rte am Donnerstag auf die Frage nach den M\u00f6glichkeiten Ungarns zur Beilegung des Streits, dass die Gespr\u00e4che mit der ungarischen Seite \u201eeng und sehr konstruktiv\u201c verliefen.<\/p>\n\n\n\n<p class=\"wp-block-paragraph\">Die Erkl\u00e4rung erfolgte, nachdem Ministerpr\u00e4sident P\u00e9ter Magyar wiederholt die europ\u00e4ischen Partner Ungarns um Hilfe im Zusammenhang mit der Geldstrafe gebeten hatte. Gleichzeitig hat die ungarische Regierung deutlich gemacht, dass sie nicht beabsichtigt, den Grenzzaun des Landes aufzugeben oder ihre Migrationspolitik wesentlich zu lockern.<\/p>\n\n\n\n<p class=\"wp-block-paragraph\">Der Sprecher der Kommission betonte, dass die Geldstrafe auf einem Urteil des Gerichtshofs der Europ\u00e4ischen Union (EuGH) beruhe. Daher m\u00fcssten Ungarn und der Gerichtshof pr\u00fcfen, welche Schritte zur Beilegung des zugrunde liegenden Streits unternommen werden k\u00f6nnen.<\/p>\n\n\n\n<p class=\"wp-block-paragraph\"><p>Auf die Frage, ob die bereits gegen Ungarn verh\u00e4ngten Geldbu\u00dfen m\u00f6glicherweise durch den n\u00e4chsten Siebenjahreshaushalt der EU ausgeglichen werden k\u00f6nnten, wies der Sprecher erneut darauf hin, dass Ungarn die vom Europ\u00e4ischen Gerichtshof festgestellten Bedenken ausr\u00e4umen m\u00fcsse.<\/p><figure class=\"wp-block-image aligncenter size-full\"><figcaption class=\"wp-element-caption\">\n<\/figcaption><\/figure><\/p>\n\n\n\n<figure class=\"wp-block-image aligncenter size-full\"><figcaption class=\"wp-element-caption\">\n<\/figcaption><img decoding=\"async\" src=\"https:\/\/dailynewshungary.b-cdn.net\/wp-content\/uploads\/2026\/05\/Peter-Magyar-and-Ursula-von-der-Leyen-2.webp\" alt=\"P\u00e9ter Magyar and Ursula von der Leyen (2)\" class=\"wp-image-698385\"\/><figcaption class=\"wp-element-caption\">Foto: Anadolu\/Dursun Aydemir<\/figcaption><\/figure>\n\n\n\n<h2 class=\"wp-block-heading\">P\u00e9ter Magyar will Ungarns strenge Grenzpolitik beibehalten<\/h2>\n\n\n\n<p class=\"wp-block-paragraph\">Bei einer <a href=\"https:\/\/dailynewshungary.com\/de\/ministerprasident-magyar-kundigt-umfassende-anderungen-an-erhebliche-gehaltserhohungen-strengere-umweltstrafen-und-radikale-anderungen-bei-den-konzessionen\/\/\">Pressekonferenz der Regierung<\/a> am Donnerstag erkl\u00e4rte Magyar, dass die Frage der Migrationsstrafe seit dem Amtsantritt seiner Regierung mit zahlreichen europ\u00e4ischen Partnern er\u00f6rtert worden sei. Der Ministerpr\u00e4sident bezeichnete die Behandlung Ungarns als \u201e\u00e4u\u00dferst unfair\u201c und argumentierte, dass sich die Rahmenbedingungen der Migrationspolitik seit etwa 2016 erheblich ver\u00e4ndert h\u00e4tten.<\/p>\n\n\n\n<p class=\"wp-block-paragraph\">Er r\u00e4umte zudem ein, dass einige der von der Europ\u00e4ischen Kommission beanstandeten ungarischen Rechtsvorschriften noch unter der Vorg\u00e4ngerregierung verabschiedet worden seien, argumentierte jedoch, dass die EU-Asyl- und Migrationsvorschriften seitdem unionsweit versch\u00e4rft worden seien.<\/p>\n\n\n\n<p class=\"wp-block-paragraph\"><p>Magyar erkl\u00e4rte, Ungarn sei nicht bereit, seine Migrationspolitik zu lockern, wolle jedoch eine L\u00f6sung finden, die mit dem europ\u00e4ischen Recht im Einklang stehe und gleichzeitig strenge Grenzkontrollen aufrechterhalte. Er erkl\u00e4rte ferner, seine Regierung wolle die rund 1 Milliarde Euro zur\u00fcckerhalten, die Ungarn durch die Strafzahlungen bereits verloren habe.<\/p><figure class=\"wp-block-image aligncenter size-large\"><figcaption class=\"wp-element-caption\">\n<\/figcaption><\/figure><\/p>\n\n\n\n<figure class=\"wp-block-image aligncenter size-large\"><figcaption class=\"wp-element-caption\">\n<\/figcaption><img decoding=\"async\" src=\"https:\/\/dailynewshungary.b-cdn.net\/wp-content\/uploads\/2025\/03\/Hungary-border-protection-migration-1280x562.jpg\" alt=\"Hungary border protection migration\" class=\"wp-image-649470\"\/><figcaption class=\"wp-element-caption\">Foto: <a href=\"https:\/\/www.facebook.com\/photo\/?fbid=1623173321070435&amp;set=a.371601172894329\" target=\"_blank\" rel=\"noopener\">Facebook\/UNHCR\/Balla Zsolt<\/a><\/figcaption><\/figure>\n\n\n\n<h2 class=\"wp-block-heading\">Der Ausnahmezustand in Ungarn l\u00e4uft n\u00e4chste Woche aus<\/h2>\n\n\n\n<p class=\"wp-block-paragraph\">Eine weitere wichtige Entscheidung steht der neuen Regierung bevor. Die vorherige Orb\u00e1n-Regierung hatte den \u201edurch Masseneinwanderung verursachten Krisenzustand\u201c in Ungarn bis zum 7. September 2026 verl\u00e4ngert, was bedeutet, dass die Ma\u00dfnahme in wenigen Tagen auslaufen wird.<\/p>\n\n\n\n<p class=\"wp-block-paragraph\">Die Notstandsregelung wurde erstmals im M\u00e4rz 2016 eingef\u00fchrt und seitdem wiederholt verl\u00e4ngert. Die neue Regierung muss nun entscheiden, ob sie diese beibehalten oder auslaufen lassen will. Das <a href=\"https:\/\/helsinki.hu\/a-valsaghelyzet-megszuntetese-az-orszag-biztonsagat-es-penzugyi-erdekeit-szolgalna\/\" target=\"_blank\" rel=\"noopener\">Ungarische Helsinki-Komitee hat<\/a> die Aufhebung der Ma\u00dfnahme gefordert und argumentiert, dass es keine ausreichende Rechtsgrundlage mehr f\u00fcr deren Beibehaltung gebe.<\/p>\n\n\n\n<p class=\"wp-block-paragraph\">Die Organisation betonte, dass die Beendigung des Krisenzustands nicht bedeute, den Grenzschutz aufzugeben. Dies erfordere weder den Abbau des ungarischen Grenzzauns noch die unkontrollierte Einreise von Migranten, hie\u00df es.<\/p>\n\n\n\n<p class=\"wp-block-paragraph\">Stattdessen argumentiert die Organisation, dass die Beh\u00f6rden zu den von ihr als \u201estandardm\u00e4\u00dfig\u201c und \u201erechtskonform\u201c bezeichneten Grenz- und Einwanderungsverfahren zur\u00fcckkehren k\u00f6nnten, darunter die Identifizierung von Personen, die \u00dcberpr\u00fcfung ihres Status und die individuelle Pr\u00fcfung von Asylantr\u00e4gen.<\/p>\n","protected":false},"excerpt":{"rendered":"<p>Die Europ\u00e4ische Kommission erkl\u00e4rt, sie stehe in engen und konstruktiven Gespr\u00e4chen mit der ungarischen Regierung \u00fcber die enorme Geldstrafe im Zusammenhang mit der Migrationspolitik, w\u00e4hrend Ministerpr\u00e4sident P\u00e9ter Magyar nach einem Weg sucht, die t\u00e4gliche Geldstrafe in H\u00f6he von 1 Million Euro zu stoppen, ohne dabei die strenge Grenzpolitik Ungarns aufzugeben. Br\u00fcssel reagiert auf Ungarns Antrag [&hellip;]<\/p>\n","protected":false},"author":62,"featured_media":792151,"comment_status":"open","ping_status":"open","sticky":false,"template":"","format":"standard","meta":{"_acf_changed":false,"_display_image":"yes","footnotes":"","_members_access_role":[],"_members_access_error":""},"categories":[1081],"tags":[4273,1082,1088,4563,4454,4719,1102,1076],"class_list":["post-792150","post","type-post","status-publish","format-standard","has-post-thumbnail","hentry","category-politik","tag-ce","tag-europaische-union","tag-finanzen","tag-kategorie-eu-beziehungen","tag-kategorie-migration","tag-regierung-magyar","tag-ungarische-regierung","tag-ungarn"],"blocksy_meta":[],"acf":[],"author_username":"hmercedesz","telegram_post":"","public_post_metadata":{"breaking_news":"yes","important":"no","csempe":"yes","center_tile":"no","disable_thumbnail":"no","target_lang":"","_featured_image_style":"default","telegram_post":"","_xlat_group_id":"e23cf93a-d1b8-4be7-b6b6-b22c8e5193da"},"public_rank_math_data":{"title":"%title% %sep% %sitename%","description":"","focus_keyword":"migration","canonical_url":"","robots":"","primary_category":"1081","breadcrumb_title":"","facebook_title":"","facebook_description":"","facebook_image":"","facebook_image_id":"","twitter_title":"","twitter_description":"","twitter_image":"","twitter_image_id":"","twitter_card_type":"","twitter_use_facebook":"","advanced_robots":"","pillar_content":"","seo_score":"76","contentai_score":"","rich_snippet":""},"_links":{"self":[{"href":"https:\/\/dailynewshungary.com\/de\/wp-json\/wp\/v2\/posts\/792150","targetHints":{"allow":["GET"]}}],"collection":[{"href":"https:\/\/dailynewshungary.com\/de\/wp-json\/wp\/v2\/posts"}],"about":[{"href":"https:\/\/dailynewshungary.com\/de\/wp-json\/wp\/v2\/types\/post"}],"author":[{"embeddable":true,"href":"https:\/\/dailynewshungary.com\/de\/wp-json\/wp\/v2\/users\/62"}],"replies":[{"embeddable":true,"href":"https:\/\/dailynewshungary.com\/de\/wp-json\/wp\/v2\/comments?post=792150"}],"version-history":[{"count":1,"href":"https:\/\/dailynewshungary.com\/de\/wp-json\/wp\/v2\/posts\/792150\/revisions"}],"predecessor-version":[{"id":792153,"href":"https:\/\/dailynewshungary.com\/de\/wp-json\/wp\/v2\/posts\/792150\/revisions\/792153"}],"wp:featuredmedia":[{"embeddable":true,"href":"https:\/\/dailynewshungary.com\/de\/wp-json\/wp\/v2\/media\/792151"}],"wp:attachment":[{"href":"https:\/\/dailynewshungary.com\/de\/wp-json\/wp\/v2\/media?parent=792150"}],"wp:term":[{"taxonomy":"category","embeddable":true,"href":"https:\/\/dailynewshungary.com\/de\/wp-json\/wp\/v2\/categories?post=792150"},{"taxonomy":"post_tag","embeddable":true,"href":"https:\/\/dailynewshungary.com\/de\/wp-json\/wp\/v2\/tags?post=792150"}],"curies":[{"name":"wp","href":"https:\/\/api.w.org\/{rel}","templated":true}]}}