{"id":792154,"date":"2026-09-04T12:34:00","date_gmt":"2026-09-04T10:34:00","guid":{"rendered":"https:\/\/dailynewshungary.com\/de\/russische-hard-discount-kette-scheint-sich-aus-ungarn-zuruckzuziehen-nachdem-die-filiale-in-budapest-geraumt-wurde\/"},"modified":"2026-09-04T12:34:00","modified_gmt":"2026-09-04T10:34:00","slug":"russische-hard-discount-kette-scheint-sich-aus-ungarn-zuruckzuziehen-nachdem-die-filiale-in-budapest-geraumt-wurde","status":"publish","type":"post","link":"https:\/\/dailynewshungary.com\/de\/russische-hard-discount-kette-scheint-sich-aus-ungarn-zuruckzuziehen-nachdem-die-filiale-in-budapest-geraumt-wurde\/","title":{"rendered":"Russische Hard-Discount-Kette scheint sich aus Ungarn zur\u00fcckzuziehen, nachdem die Filiale in Budapest ger\u00e4umt wurde"},"content":{"rendered":"\n<p class=\"wp-block-paragraph\"><strong>Die ungarische Geschichte der von Russland unterst\u00fctzten Kette \u201eBasket Plus\u201c scheint ein j\u00e4hes Ende zu finden, nur wenige Monate nachdem die Discounterkette ihre erste und einzige ungarische Filiale in Budapest er\u00f6ffnet hatte.<\/strong><\/p>\n\n\n\n<h2 class=\"wp-block-heading\">Basket Plus hat seine Regale in Budapest leerger\u00e4umt<\/h2>\n\n\n\n<p class=\"wp-block-paragraph\"><a href=\"https:\/\/dailynewshungary.com\/de\/hat-die-einzige-ungarische-filiale-der-russischen-kette-mere-plotzlich-geschlossen-fragen-zur-zukunft-der-discounterkette\/\/\">Die Filiale in der Besence-Stra\u00dfe<\/a> wurde Anfang August unerwartet geschlossen; der Betreiber f\u00fchrte \u201etechnische Gr\u00fcnde\u201c an, machte jedoch keine Angaben dazu, ob sie wiederer\u00f6ffnet werden w\u00fcrde. Nun wurden die R\u00e4umlichkeiten Berichten zufolge vollst\u00e4ndig von Waren ger\u00e4umt, was darauf hindeutet, dass die Schlie\u00dfung dauerhaft sein k\u00f6nnte.<\/p>\n\n\n\n<p class=\"wp-block-paragraph\"><a href=\"https:\/\/dailynewshungary.com\/de\/warum-ungarns-gunstigster-laden-moglicherweise-geschlossen-hat-und-die-kunden-bereits-emport-sind\/\/\">Basket Plus<\/a>, fr\u00fcher bekannt als Mere, hatte ehrgeizige Pl\u00e4ne f\u00fcr Ungarn. Das Unternehmen hatte urspr\u00fcnglich angek\u00fcndigt, innerhalb des ersten Jahres zehn Filialen er\u00f6ffnen zu k\u00f6nnen. Stattdessen ist seine einzige ungarische Filiale m\u00f6glicherweise fast so schnell verschwunden, wie sie entstanden war.<\/p>\n\n\n\n<h2 class=\"wp-block-heading\">Es war ihre einzige Filiale in Ungarn<\/h2>\n\n\n\n<p class=\"wp-block-paragraph\">Die Filiale in Budapest war im Lagerhausstil eingerichtet \u2013 eines der Markenzeichen des Hard-Discount-Modells, das mit der russischen Svetofor-Gruppe in Verbindung gebracht wird. Die Produkte wurden gr\u00f6\u00dftenteils in einer schlichten Umgebung pr\u00e4sentiert, unter anderem direkt von Paletten aus, was dem Einzelh\u00e4ndler half, die Kosten niedrig und die Preise wettbewerbsf\u00e4hig zu halten. Nach Informationen von <a href=\"https:\/\/www.vg.hu\/kiskereskedelem\/2026\/09\/basket-plus-vegleg-bezart-arukeszlet\" target=\"_blank\" rel=\"noopener\">VG.hu<\/a> wurde die Filiale in der Besence-Stra\u00dfe in den letzten Tagen vollst\u00e4ndig ger\u00e4umt.<\/p>\n\n\n\n<p class=\"wp-block-paragraph\">Die Entfernung des Lagerbestands ist f\u00fcr sich genommen noch kein Beweis daf\u00fcr, dass das Gesch\u00e4ft endg\u00fcltig geschlossen wurde. Theoretisch k\u00f6nnten Waren im Rahmen von Abrechnungen mit Lieferanten oder anderer finanzieller bzw. rechtlicher Vereinbarungen abtransportiert werden. Die R\u00e4umung ist jedoch ein deutlicher Hinweis darauf, dass es sich hierbei m\u00f6glicherweise um mehr als eine vor\u00fcbergehende Schlie\u00dfung handelt.<\/p>\n\n\n\n<p class=\"has-text-align-center has-black-color has-electric-grass-gradient-background has-text-color has-background has-link-color wp-elements-1 wp-block-paragraph\"><strong>Bleiben Sie mit unserem \u201eHungary Weekly Briefing\u201c auf dem Laufenden:<\/strong> <strong><a href=\"https:\/\/substack.com\/@thehungaryinsider\" target=\"_blank\" rel=\"noopener\">Abonnieren Sie es auf Substack<\/a>!<\/strong><\/p>\n\n\n\n<h2 class=\"wp-block-heading\">Die Expansionspl\u00e4ne sind gescheitert<\/h2>\n\n\n\n<p class=\"wp-block-paragraph\">Diese Entwicklung ist angesichts der urspr\u00fcnglichen Ambitionen von Basket Plus besonders auff\u00e4llig. Das Unternehmen hatte geplant, innerhalb eines Jahres zehn ungarische Filialen zu er\u00f6ffnen, w\u00e4hrend fr\u00fchere, im Jahr 2024 angek\u00fcndigte Pl\u00e4ne eine noch gr\u00f6\u00dfere Expansion unter der Marke \u201eMere\u201c vorsahen.<\/p>\n\n\n\n<p class=\"wp-block-paragraph\">Die erste \u2013 und letztendlich einzige \u2013 Filiale in Budapest wurde schlie\u00dflich im Dezember 2025 er\u00f6ffnet. Innerhalb weniger Monate musste sie jedoch unerwartet ihre T\u00fcren schlie\u00dfen. Die Situation in Ungarn steht zudem im Zusammenhang mit Schwierigkeiten, mit denen Svetofor-verbundene Unternehmen in anderen Teilen Europas zu k\u00e4mpfen haben. Berichten zufolge wurden \u00e4hnliche Filialen auch in anderen L\u00e4ndern geschlossen, wobei in mehreren F\u00e4llen \u201etechnische Gr\u00fcnde\u201c als Grund angegeben wurden.<\/p>\n\n\n\n<p class=\"wp-block-paragraph\">Gleichzeitig wurden die europ\u00e4ischen Aktivit\u00e4ten der Gruppe durch EU-Sanktionen beeintr\u00e4chtigt. Einer der mit der Svetofor-Gruppe verbundenen Eigent\u00fcmer, Sergei Schneider, wurde auf die EU-Sanktionsliste gesetzt. Solche Ma\u00dfnahmen k\u00f6nnen Unternehmen in ernsthafte Schwierigkeiten bringen, da sie sich auf Verm\u00f6genswerte, Finanztransaktionen und Gesch\u00e4ftsbeziehungen auswirken. F\u00fcr einen Einzelh\u00e4ndler, der auf kontinuierliche Liefer-, Finanz- und Logistiknetzwerke angewiesen ist, k\u00f6nnen solche St\u00f6rungen besonders sch\u00e4dlich sein.<\/p>\n\n\n\n<p class=\"has-black-color has-very-light-gray-to-cyan-bluish-gray-gradient-background has-text-color has-background has-link-color wp-elements-2 wp-block-paragraph\"><strong>Falls Sie es verpasst haben: <a href=\"https:\/\/dailynewshungary.com\/de\/revolut-kunden-konnten-auch-nach-begleichung-ihrer-schulden-eine-bose-uberraschung-erleben\/\/\">Revolut-Kunden k\u00f6nnten auch nach Begleichung ihrer Schulden eine b\u00f6se \u00dcberraschung erleben<\/a><\/strong><\/p>\n\n\n\n<h2 class=\"wp-block-heading\">Wird Basket Plus zur\u00fcckkehren?<\/h2>\n\n\n\n<p class=\"wp-block-paragraph\">Derzeit gibt es keine eindeutigen Anzeichen daf\u00fcr, dass das Gesch\u00e4ft in der Besence Street eine Wiederer\u00f6ffnung vorbereitet. Die vollst\u00e4ndige R\u00e4umung des Lagerbestands macht es zunehmend schwer vorstellbar, dass es sich lediglich um eine vor\u00fcbergehende Schlie\u00dfung handelt. Die Situation sollte dennoch mit Vorsicht betrachtet werden. Der Eintrag des Gesch\u00e4fts im ungarischen Handelsregister hat sich Berichten zufolge noch nicht ge\u00e4ndert, was bedeutet, dass sein formaler Status m\u00f6glicherweise nicht vollst\u00e4ndig die Entwicklungen vor Ort widerspiegelt.<\/p>\n\n\n\n<p class=\"wp-block-paragraph\">F\u00fcr ungarische Kunden wird die Botschaft jedoch immer deutlicher: Es gibt kaum Grund zur Annahme, dass das Budapester Gesch\u00e4ft wiederer\u00f6ffnet wird, und noch weniger Grund, davon auszugehen, dass die zuvor angek\u00fcndigte Expansion stattfinden wird. Sofern sich die Umst\u00e4nde nicht erheblich \u00e4ndern, k\u00f6nnte die ungarische Geschichte der von Russland unterst\u00fctzten Kette letztendlich aus nur einem einzigen Gesch\u00e4ft bestehen \u2013 das nur wenige Monate lang in Betrieb war, bevor es wieder verschwand.<\/p>\n\n\n\n<p class=\"has-black-color has-very-light-gray-to-cyan-bluish-gray-gradient-background has-text-color has-background has-link-color wp-elements-3 wp-block-paragraph\"><strong>Lesen Sie auch: <a href=\"https:\/\/dailynewshungary.com\/de\/die-barauszahlung-fur-das-recycling-von-flaschen-konnte-in-budapest-bald-wegfallen\/\/\">Die Bargeldr\u00fcckerstattung f\u00fcr das Recycling von Flaschen k\u00f6nnte in Budapest bald wegfallen<\/a><\/strong><\/p>\n","protected":false},"excerpt":{"rendered":"<p>Die ungarische Geschichte der von Russland unterst\u00fctzten Kette \u201eBasket Plus\u201c scheint ein j\u00e4hes Ende zu finden, nur wenige Monate nachdem die Discounterkette ihre erste und einzige ungarische Filiale in Budapest er\u00f6ffnet hatte. Basket Plus hat seine Regale in Budapest leerger\u00e4umt Die Filiale in der Besence-Stra\u00dfe wurde Anfang August unerwartet geschlossen; der Betreiber f\u00fchrte \u201etechnische Gr\u00fcnde\u201c [&hellip;]<\/p>\n","protected":false},"author":91,"featured_media":792155,"comment_status":"open","ping_status":"open","sticky":false,"template":"","format":"standard","meta":{"_acf_changed":false,"_display_image":"","footnotes":"","_members_access_role":[],"_members_access_error":""},"categories":[4453],"tags":[1111,1166,1118,4762,4862,4742,4763,1209,1076],"class_list":["post-792154","post","type-post","status-publish","format-standard","has-post-thumbnail","hentry","category-wirtschaft","tag-budapest","tag-einkaufen","tag-geld","tag-kategorie-alltag-2","tag-kategorie-finanzen-in-ungarn-2","tag-kategorie-leben-in-ungarn-2","tag-kategorie-wirtschaft-in-ungarn-2","tag-russland","tag-ungarn"],"blocksy_meta":[],"acf":[],"author_username":"api","telegram_post":"","public_post_metadata":{"breaking_news":"yes","important":"no","csempe":"yes","center_tile":"no","disable_thumbnail":"no","target_lang":"","_featured_image_style":"","telegram_post":"","_xlat_group_id":"9bceb2ce-78e6-4d3c-9479-757778aa7e29"},"public_rank_math_data":{"title":"%title% %sep% %sitename%","description":"","focus_keyword":"budapest","canonical_url":"","robots":"","primary_category":"4453","breadcrumb_title":"","facebook_title":"","facebook_description":"","facebook_image":"","facebook_image_id":"","twitter_title":"","twitter_description":"","twitter_image":"","twitter_image_id":"","twitter_card_type":"","twitter_use_facebook":"","advanced_robots":"","pillar_content":"","seo_score":"75","contentai_score":"","rich_snippet":""},"_links":{"self":[{"href":"https:\/\/dailynewshungary.com\/de\/wp-json\/wp\/v2\/posts\/792154","targetHints":{"allow":["GET"]}}],"collection":[{"href":"https:\/\/dailynewshungary.com\/de\/wp-json\/wp\/v2\/posts"}],"about":[{"href":"https:\/\/dailynewshungary.com\/de\/wp-json\/wp\/v2\/types\/post"}],"author":[{"embeddable":true,"href":"https:\/\/dailynewshungary.com\/de\/wp-json\/wp\/v2\/users\/91"}],"replies":[{"embeddable":true,"href":"https:\/\/dailynewshungary.com\/de\/wp-json\/wp\/v2\/comments?post=792154"}],"version-history":[{"count":0,"href":"https:\/\/dailynewshungary.com\/de\/wp-json\/wp\/v2\/posts\/792154\/revisions"}],"wp:featuredmedia":[{"embeddable":true,"href":"https:\/\/dailynewshungary.com\/de\/wp-json\/wp\/v2\/media\/792155"}],"wp:attachment":[{"href":"https:\/\/dailynewshungary.com\/de\/wp-json\/wp\/v2\/media?parent=792154"}],"wp:term":[{"taxonomy":"category","embeddable":true,"href":"https:\/\/dailynewshungary.com\/de\/wp-json\/wp\/v2\/categories?post=792154"},{"taxonomy":"post_tag","embeddable":true,"href":"https:\/\/dailynewshungary.com\/de\/wp-json\/wp\/v2\/tags?post=792154"}],"curies":[{"name":"wp","href":"https:\/\/api.w.org\/{rel}","templated":true}]}}