{"id":792160,"date":"2026-09-04T16:34:00","date_gmt":"2026-09-04T14:34:00","guid":{"rendered":"https:\/\/dailynewshungary.com\/de\/das-ist-inakzeptabel-ministerprasident-magyar-widersetzt-sich-der-eu-entscheidung-bezuglich-ukrainischer-manner-im-wehrpflichtigen-alter-die-vor-dem-krieg-fliehen\/"},"modified":"2026-09-04T16:34:00","modified_gmt":"2026-09-04T14:34:00","slug":"das-ist-inakzeptabel-ministerprasident-magyar-widersetzt-sich-der-eu-entscheidung-bezuglich-ukrainischer-manner-im-wehrpflichtigen-alter-die-vor-dem-krieg-fliehen","status":"publish","type":"post","link":"https:\/\/dailynewshungary.com\/de\/das-ist-inakzeptabel-ministerprasident-magyar-widersetzt-sich-der-eu-entscheidung-bezuglich-ukrainischer-manner-im-wehrpflichtigen-alter-die-vor-dem-krieg-fliehen\/","title":{"rendered":"\u201eDas ist inakzeptabel\u201c: Ministerpr\u00e4sident Magyar widersetzt sich der EU-Entscheidung bez\u00fcglich ukrainischer M\u00e4nner im wehrpflichtigen Alter, die vor dem Krieg fliehen"},"content":{"rendered":"\n<p class=\"wp-block-paragraph\"><strong>Premierminister P\u00e9ter Magyar erkl\u00e4rt, Ungarn werde M\u00e4nnern im wehrpflichtigen Alter, die vor dem Krieg zwischen Russland und der Ukraine fliehen, weiterhin vor\u00fcbergehenden Schutz gew\u00e4hren \u2013 trotz eines k\u00fcrzlich gefassten EU-Beschlusses, diesen Schutz zu beenden.<\/strong><\/p>\n\n\n\n<h2 class=\"wp-block-heading\">Ungarn wird weiterhin Schutz gew\u00e4hren<\/h2>\n\n\n\n<p class=\"wp-block-paragraph\">Ungarn wird M\u00e4nnern im wehrpflichtigen Alter, die vor dem Krieg zwischen Russland und der Ukraine fliehen, weiterhin vor\u00fcbergehenden Schutz gew\u00e4hren, wie Ministerpr\u00e4sident P\u00e9ter Magyar am Donnerstag in Budapest bekanntgab.<\/p>\n\n\n\n<p class=\"wp-block-paragraph\">Bei einer <a href=\"https:\/\/dailynewshungary.com\/de\/ministerprasident-magyar-kundigt-umfassende-anderungen-an-erhebliche-gehaltserhohungen-strengere-umweltstrafen-und-radikale-anderungen-bei-den-konzessionen\/\/\">Pressekonferenz der Regierung<\/a> erinnerte Magyar daran, dass die Europ\u00e4ische Union k\u00fcrzlich beschlossen habe \u2013 wobei Ungarn gegen diese Ma\u00dfnahme gestimmt habe \u2013, dass M\u00e4nner im wehrpflichtigen Alter, die vor dem Krieg fliehen, keinen Anspruch mehr auf vor\u00fcbergehenden Schutz haben sollen.<\/p>\n\n\n\n<p class=\"wp-block-paragraph\">Die ungarische Regierung beschloss jedoch am Mittwoch, dass sich Ungarn weiterhin das Recht vorbehalten werde, solchen Personen, die im Land eintreffen, vor\u00fcbergehenden Schutz zu gew\u00e4hren.<\/p>\n\n\n\n<p class=\"wp-block-paragraph\">Magyar erkl\u00e4rte, diese Entscheidung sei besonders wichtig, da immer mehr Menschen dieser Kategorie aus Transkarpatien einreisen, wo sich die ethnisch ungarische Gemeinschaft Ungarns konzentriert.<\/p>\n\n\n\n<blockquote class=\"wp-block-quote is-layout-flow wp-block-quote-is-layout-flow\">\n<p class=\"wp-block-paragraph\">\u201eUngarn wird anders vorgehen und denjenigen Hilfe leisten, die diese ben\u00f6tigen\u201c, sagte Magyar.<\/p>\n<\/blockquote>\n\n\n\n<p class=\"wp-block-paragraph\"><strong>Haben Sie schon davon geh\u00f6rt? <a href=\"https:\/\/dailynewshungary.com\/de\/die-ukraine-macht-eine-bedeutende-geste-gegenuber-ungarn-und-verurteilt-offiziell-die-sowjetischen-graueltaten-gegen-die-ungarische-bevolkerung-in-transkarpatien\/\/\">Die Ukraine hat eine bedeutende Geste gegen\u00fcber Ungarn gemacht und die sowjetischen Gr\u00e4ueltaten gegen die ungarische Bev\u00f6lkerung in Transkarpatien offiziell verurteilt<\/a>.<\/strong><\/p>\n\n\n\n<h2 class=\"wp-block-heading\">Magyar bezeichnet die Entscheidung der EU als \u201einakzeptabel\u201c<\/h2>\n\n\n\n<p class=\"wp-block-paragraph\">Der ungarische Ministerpr\u00e4sident erkl\u00e4rte, er habe das Thema bei mehreren EU-Spitzenpolitikern angesprochen und es <a href=\"https:\/\/dailynewshungary.com\/de\/ministerprasident-magyar-trifft-sich-mit-costa-und-nennt-bedingungen-fur-die-unterstutzung-des-nachsten-siebenjahreshaushalts-der-eu\/\/\">am Mittwoch<\/a> auch mit dem Pr\u00e4sidenten des Europ\u00e4ischen Rates, <a href=\"https:\/\/dailynewshungary.com\/de\/ministerprasident-magyar-trifft-sich-mit-costa-und-nennt-bedingungen-fur-die-unterstutzung-des-nachsten-siebenjahreshaushalts-der-eu\/\/\">Ant\u00f3nio Costa<\/a>, er\u00f6rtert. Magyar bezeichnete die Entscheidung der EU als \u201eunw\u00fcrdig und inakzeptabel\u201c und argumentierte, dass sie M\u00e4nnern, die vor dem Krieg fliehen, faktisch keine andere Wahl lasse, als in einem Land zu bleiben, in dem Krieg herrscht.<\/p>\n\n\n\n<blockquote class=\"wp-block-quote is-layout-flow wp-block-quote-is-layout-flow\">\n<p class=\"wp-block-paragraph\">Ungarn beabsichtigt daher, seinen eigenen Kurs beizubehalten und weiterhin Schutz f\u00fcr berechtigte M\u00e4nner im wehrpflichtigen Alter zu gew\u00e4hren, die aus der Ukraine fliehen.<\/p>\n<\/blockquote>\n\n\n\n<p class=\"wp-block-paragraph\"><strong>Falls Sie es verpasst haben: <a href=\"https:\/\/dailynewshungary.com\/de\/ungarn-droht-eine-migrationsstrafe-in-hohe-von-1-million-euro-pro-tag-brussel-reagiert-auf-den-appell-von-ministerprasident-magyar\/\/\">Ungarn droht eine Migrationsstrafe in H\u00f6he von 1 Million Euro pro Tag: Br\u00fcssel reagiert auf den Appell von Ministerpr\u00e4sident Magyar<\/a><\/strong><\/p>\n\n\n\n<h2 class=\"wp-block-heading\">Die Entscheidung k\u00f6nnte insbesondere die ungarische Bev\u00f6lkerung in Transkarpatien betreffen<\/h2>\n\n\n\n<p class=\"wp-block-paragraph\">Die ungarische Regierung hat im Rahmen der Diskussionen \u00fcber den Krieg und die Beziehungen der Ukraine zur EU wiederholt auf die Lage der ethnisch ungarischen Gemeinschaft in Transkarpatien im Westen der Ukraine hingewiesen.<\/p>\n\n\n\n<p class=\"wp-block-paragraph\">Laut <a href=\"https:\/\/www.facebook.com\/peter.magyar.102?locale=hu_HU\" target=\"_blank\" rel=\"noopener\">Magyar<\/a> soll die Entscheidung, Ungarns Befugnis zur Gew\u00e4hrung vor\u00fcbergehenden Schutzes aufrechtzuerhalten, unter anderem sicherstellen, dass ungarische Staatsangeh\u00f6rige aus Transkarpatien, die vor dem Konflikt fliehen, weiterhin Hilfe und Schutz in Ungarn erhalten k\u00f6nnen.<\/p>\n\n\n\n<p class=\"wp-block-paragraph\">Dieser Schritt erfolgt vor dem Hintergrund von Meinungsverschiedenheiten zwischen Budapest und Br\u00fcssel in Bezug auf Migration, die Ukraine und die k\u00fcnftige Haltung der EU zum Krieg. Vorerst hat Ungarn deutlich gemacht, dass es sich in Bezug auf M\u00e4nner im wehrpflichtigen Alter, die vor dem Konflikt fliehen, nicht automatisch an den j\u00fcngsten EU-Kurs halten wird.<\/p>\n","protected":false},"excerpt":{"rendered":"<p>Premierminister P\u00e9ter Magyar erkl\u00e4rt, Ungarn werde M\u00e4nnern im wehrpflichtigen Alter, die vor dem Krieg zwischen Russland und der Ukraine fliehen, weiterhin vor\u00fcbergehenden Schutz gew\u00e4hren \u2013 trotz eines k\u00fcrzlich gefassten EU-Beschlusses, diesen Schutz zu beenden. Ungarn wird weiterhin Schutz gew\u00e4hren Ungarn wird M\u00e4nnern im wehrpflichtigen Alter, die vor dem Krieg zwischen Russland und der Ukraine fliehen, [&hellip;]<\/p>\n","protected":false},"author":62,"featured_media":792161,"comment_status":"open","ping_status":"open","sticky":false,"template":"","format":"standard","meta":{"_acf_changed":false,"_display_image":"","footnotes":"","_members_access_role":[],"_members_access_error":""},"categories":[1081],"tags":[1082,4797,1084,1204,4673,4719,1092,1102,1076],"class_list":["post-792160","post","type-post","status-publish","format-standard","has-post-thumbnail","hentry","category-politik","tag-europaische-union","tag-kategorie-eu-beziehungen-3","tag-krieg-in-der-ukraine","tag-militar","tag-peter-magyar","tag-regierung-magyar","tag-ukraine","tag-ungarische-regierung","tag-ungarn"],"blocksy_meta":[],"acf":[],"author_username":"hmercedesz","telegram_post":"","public_post_metadata":{"breaking_news":"yes","important":"no","csempe":"yes","center_tile":"no","disable_thumbnail":"no","target_lang":"","_featured_image_style":"","telegram_post":"","_xlat_group_id":"8f4ec48c-a8bf-4337-9345-23921939fe81"},"public_rank_math_data":{"title":"%title% %sep% %sitename%","description":"","focus_keyword":"magyar","canonical_url":"","robots":"","primary_category":"1081","breadcrumb_title":"","facebook_title":"","facebook_description":"","facebook_image":"","facebook_image_id":"","twitter_title":"","twitter_description":"","twitter_image":"","twitter_image_id":"","twitter_card_type":"","twitter_use_facebook":"","advanced_robots":"","pillar_content":"","seo_score":"75","contentai_score":"","rich_snippet":""},"_links":{"self":[{"href":"https:\/\/dailynewshungary.com\/de\/wp-json\/wp\/v2\/posts\/792160","targetHints":{"allow":["GET"]}}],"collection":[{"href":"https:\/\/dailynewshungary.com\/de\/wp-json\/wp\/v2\/posts"}],"about":[{"href":"https:\/\/dailynewshungary.com\/de\/wp-json\/wp\/v2\/types\/post"}],"author":[{"embeddable":true,"href":"https:\/\/dailynewshungary.com\/de\/wp-json\/wp\/v2\/users\/62"}],"replies":[{"embeddable":true,"href":"https:\/\/dailynewshungary.com\/de\/wp-json\/wp\/v2\/comments?post=792160"}],"version-history":[{"count":0,"href":"https:\/\/dailynewshungary.com\/de\/wp-json\/wp\/v2\/posts\/792160\/revisions"}],"wp:featuredmedia":[{"embeddable":true,"href":"https:\/\/dailynewshungary.com\/de\/wp-json\/wp\/v2\/media\/792161"}],"wp:attachment":[{"href":"https:\/\/dailynewshungary.com\/de\/wp-json\/wp\/v2\/media?parent=792160"}],"wp:term":[{"taxonomy":"category","embeddable":true,"href":"https:\/\/dailynewshungary.com\/de\/wp-json\/wp\/v2\/categories?post=792160"},{"taxonomy":"post_tag","embeddable":true,"href":"https:\/\/dailynewshungary.com\/de\/wp-json\/wp\/v2\/tags?post=792160"}],"curies":[{"name":"wp","href":"https:\/\/api.w.org\/{rel}","templated":true}]}}