{"id":792162,"date":"2026-09-04T17:54:00","date_gmt":"2026-09-04T15:54:00","guid":{"rendered":"https:\/\/dailynewshungary.com\/de\/wir-geben-keine-offentlichen-gelder-fur-propaganda-aus-die-magyarische-regierung-streicht-die-mittel-fur-die-der-orban-regierung-nahestehende-zeitung-mandiner\/"},"modified":"2026-09-04T17:54:00","modified_gmt":"2026-09-04T15:54:00","slug":"wir-geben-keine-offentlichen-gelder-fur-propaganda-aus-die-magyarische-regierung-streicht-die-mittel-fur-die-der-orban-regierung-nahestehende-zeitung-mandiner","status":"publish","type":"post","link":"https:\/\/dailynewshungary.com\/de\/wir-geben-keine-offentlichen-gelder-fur-propaganda-aus-die-magyarische-regierung-streicht-die-mittel-fur-die-der-orban-regierung-nahestehende-zeitung-mandiner\/","title":{"rendered":"\u201eWir geben keine \u00f6ffentlichen Gelder f\u00fcr Propaganda aus\u201c: Die magyarische Regierung streicht die Mittel f\u00fcr die der Orb\u00e1n-Regierung nahestehende Zeitung \u201eMandiner\u201c"},"content":{"rendered":"\n<p class=\"wp-block-paragraph\"><strong>Der Gesch\u00e4ftsf\u00fchrer des Verlags, der die Zeitung \u201eMandiner\u201c herausgibt, wurde auf Anweisung des Finanzministers entlassen, teilte Ministerpr\u00e4sident P\u00e9ter Magyar am Freitag auf Facebook mit.<\/strong><\/p>\n\n\n\n<p class=\"wp-block-paragraph\">\u201eAb heute werden alle Finanzmittel f\u00fcr diese l\u00fcgnerische Propagandazeitung eingestellt\u201c, f\u00fcgte Magyar hinzu. Finanzminister <a href=\"https:\/\/www.facebook.com\/karmanandras\/posts\/pfbid0ZYSEEBrgoUwGTLwzUumWn526hUkefRrimWZ6z3VVpJGMr7uPJaymwwqxvoW6W2L7l?locale=hu_HU\" target=\"_blank\" rel=\"noopener\">Andr\u00e1s K\u00e1rm\u00e1n erkl\u00e4rte<\/a> auf Facebook im Anschluss an <a href=\"https:\/\/www.facebook.com\/peter.magyar.102\/posts\/pfbid0kf6vvY4Jy9Srm7aJZC1uZB3se8GsPyFe9F9Es1sYwXiAbVHFbx9juivQDnVY3iQVl?locale=hu_HU\" target=\"_blank\" rel=\"noopener\">Magyars Beitrag<\/a>: \u201eWir geben das Geld des ungarischen Volkes nicht f\u00fcr Propaganda aus.\u201c<\/p>\n\n\n\n<p class=\"wp-block-paragraph\">\u201eEs gibt einen Platz und einen Grund f\u00fcr die Existenz von Qualit\u00e4tsjournalismus, aber keinen f\u00fcr Propaganda, die mit \u00f6ffentlichen Geldern finanziert wird\u201c, f\u00fcgte er hinzu.<\/p>\n\n\n\n<p class=\"wp-block-paragraph\">K\u00e1rm\u00e1n erkl\u00e4rte zudem, die Regierung habe die \u00f6ffentlichen Medien grundlegend reformiert, deren Aufgabe es sei, glaubw\u00fcrdige und informative Berichterstattung zu liefern \u2013 selbst wenn diese Informationen enthalte, die f\u00fcr die jeweilige Regierung unbequem seien \u2013, anstatt den Bed\u00fcrfnissen der aktuellen politischen F\u00fchrung zu dienen.<\/p>\n\n\n\n<blockquote class=\"wp-block-quote is-layout-flow wp-block-quote-is-layout-flow\">\n<p class=\"wp-block-paragraph\"><strong>Falls Sie es verpasst haben: <a href=\"https:\/\/dailynewshungary.com\/de\/ungarn-veroffentlicht-daten-zu-krankenhausinfektionen-sehen-sie-welche-krankenhauser-die-meisten-falle-verzeichnen\/\/\">Ungarn ver\u00f6ffentlicht Daten zu Krankenhausinfektionen: Sehen Sie, welche Krankenh\u00e4user die meisten F\u00e4lle verzeichnen<\/a><\/strong><\/p>\n<\/blockquote>\n\n\n\n<p class=\"wp-block-paragraph\">Die Zeit seit dem Regierungswechsel habe gezeigt, dass bestimmte Marktakteure nur deshalb t\u00e4tig sein konnten, weil die damals regierende Partei sie auf raffinierte Weise aus \u00f6ffentlichen Mitteln daf\u00fcr belohnte, dass sie die ihr genehmen Botschaften verbreiteten, so der Minister.<\/p>\n\n\n\n<p class=\"wp-block-paragraph\">Im Laufe eines halben Jahres im vergangenen Jahr sicherte sich <a href=\"https:\/\/mandiner.hu\/\" target=\"_blank\" rel=\"noopener\">\u201eMandiner\u201c<\/a> staatliche Werbeausgaben in H\u00f6he von fast 400 Millionen Forint (1,1 Mio. Euro), was auf ein ganzes Jahr hochgerechnet fast 800 Millionen Forint entspricht, so Karman. Sie erhielten weitere 1,1 Milliarden Forint an F\u00f6rdermitteln von der Mathias-Corvinus-Collegium-Stiftung (MCC), \u201edoch trotz all dieser kostenlosen Mittel gelang es ihnen dennoch, im vergangenen Jahr ein Defizit von 1,1 Milliarden Forint zu verzeichnen\u201c, f\u00fcgte er hinzu.<\/p>\n\n\n\n<p class=\"wp-block-paragraph\">\u201eWir setzen die durch den Verzicht auf Propaganda eingesparten \u00f6ffentlichen Mittel f\u00fcr das ungarische Volk und die Wirtschaft ein\u201c, sagte er. \u201eDies wird zu einer Senkung der Mehrwertsteuer, zu Zusch\u00fcssen f\u00fcr den Schulanfang, zu h\u00f6heren Renten und letztendlich zu einem funktionierenden und humanen Ungarn f\u00fchren.\u201c<\/p>\n\n\n\n<p class=\"has-text-align-center has-black-color has-electric-grass-gradient-background has-text-color has-background has-link-color wp-elements-1 wp-block-paragraph\"><strong>Bleiben Sie mit unserem \u201eHungary Weekly Briefing\u201c auf dem Laufenden: <a href=\"https:\/\/substack.com\/@thehungaryinsider\" target=\"_blank\" rel=\"noopener\">Abonnieren Sie es auf Substack<\/a>!<\/strong><\/p>\n","protected":false},"excerpt":{"rendered":"<p>Der Gesch\u00e4ftsf\u00fchrer des Verlags, der die Zeitung \u201eMandiner\u201c herausgibt, wurde auf Anweisung des Finanzministers entlassen, teilte Ministerpr\u00e4sident P\u00e9ter Magyar am Freitag auf Facebook mit. \u201eAb heute werden alle Finanzmittel f\u00fcr diese l\u00fcgnerische Propagandazeitung eingestellt\u201c, f\u00fcgte Magyar hinzu. Finanzminister Andr\u00e1s K\u00e1rm\u00e1n erkl\u00e4rte auf Facebook im Anschluss an Magyars Beitrag: \u201eWir geben das Geld des ungarischen Volkes [&hellip;]<\/p>\n","protected":false},"author":33,"featured_media":792163,"comment_status":"open","ping_status":"open","sticky":false,"template":"","format":"standard","meta":{"_acf_changed":false,"_display_image":"","footnotes":"","_members_access_role":[],"_members_access_error":""},"categories":[1081],"tags":[4766,4682,4691,1102,1076],"class_list":["post-792162","post","type-post","status-publish","format-standard","has-post-thumbnail","hentry","category-politik","tag-kategorie-ungarische-politik-2","tag-magyarische-regierung","tag-orban-regierung-2","tag-ungarische-regierung","tag-ungarn"],"blocksy_meta":[],"acf":[],"author_username":"ugyelet","telegram_post":"","public_post_metadata":{"breaking_news":"yes","important":"no","csempe":"yes","center_tile":"no","disable_thumbnail":"no","target_lang":"","_featured_image_style":"","telegram_post":"","_xlat_group_id":"5994d674-4859-41d2-997f-4b099e44129c"},"public_rank_math_data":{"title":"%title% %sep% %sitename%","description":"","focus_keyword":"magyar","canonical_url":"","robots":"","primary_category":"1081","breadcrumb_title":"","facebook_title":"","facebook_description":"","facebook_image":"","facebook_image_id":"","twitter_title":"","twitter_description":"","twitter_image":"","twitter_image_id":"","twitter_card_type":"","twitter_use_facebook":"","advanced_robots":"","pillar_content":"","seo_score":"72","contentai_score":"","rich_snippet":""},"_links":{"self":[{"href":"https:\/\/dailynewshungary.com\/de\/wp-json\/wp\/v2\/posts\/792162","targetHints":{"allow":["GET"]}}],"collection":[{"href":"https:\/\/dailynewshungary.com\/de\/wp-json\/wp\/v2\/posts"}],"about":[{"href":"https:\/\/dailynewshungary.com\/de\/wp-json\/wp\/v2\/types\/post"}],"author":[{"embeddable":true,"href":"https:\/\/dailynewshungary.com\/de\/wp-json\/wp\/v2\/users\/33"}],"replies":[{"embeddable":true,"href":"https:\/\/dailynewshungary.com\/de\/wp-json\/wp\/v2\/comments?post=792162"}],"version-history":[{"count":0,"href":"https:\/\/dailynewshungary.com\/de\/wp-json\/wp\/v2\/posts\/792162\/revisions"}],"wp:featuredmedia":[{"embeddable":true,"href":"https:\/\/dailynewshungary.com\/de\/wp-json\/wp\/v2\/media\/792163"}],"wp:attachment":[{"href":"https:\/\/dailynewshungary.com\/de\/wp-json\/wp\/v2\/media?parent=792162"}],"wp:term":[{"taxonomy":"category","embeddable":true,"href":"https:\/\/dailynewshungary.com\/de\/wp-json\/wp\/v2\/categories?post=792162"},{"taxonomy":"post_tag","embeddable":true,"href":"https:\/\/dailynewshungary.com\/de\/wp-json\/wp\/v2\/tags?post=792162"}],"curies":[{"name":"wp","href":"https:\/\/api.w.org\/{rel}","templated":true}]}}