{"id":792166,"date":"2026-09-04T19:14:00","date_gmt":"2026-09-04T17:14:00","guid":{"rendered":"https:\/\/dailynewshungary.com\/de\/25-jahriger-auslander-wird-vermisst-nachdem-er-einen-nachtclub-in-budapest-verlassen-hatte\/"},"modified":"2026-09-04T19:14:00","modified_gmt":"2026-09-04T17:14:00","slug":"25-jahriger-auslander-wird-vermisst-nachdem-er-einen-nachtclub-in-budapest-verlassen-hatte","status":"publish","type":"post","link":"https:\/\/dailynewshungary.com\/de\/25-jahriger-auslander-wird-vermisst-nachdem-er-einen-nachtclub-in-budapest-verlassen-hatte\/","title":{"rendered":"25-j\u00e4hriger Ausl\u00e4nder wird vermisst, nachdem er einen Nachtclub in Budapest verlassen hatte"},"content":{"rendered":"\n<p class=\"wp-block-paragraph\"><strong>Die Polizei in Budapest fahndet dringend nach dem 25-j\u00e4hrigen Jorgensen Felix Svane, der in den fr\u00fchen Morgenstunden des Donnerstags, 3. September, nach dem Verlassen eines Nachtlokals im 7. Bezirk der Stadt verschwunden ist.<\/strong><\/p>\n\n\n\n<h2 class=\"wp-block-heading\">Polizei ver\u00f6ffentlicht Personenbeschreibung des Vermissten<\/h2>\n\n\n\n<p class=\"wp-block-paragraph\">Nach den der Polizei vorliegenden Informationen verlie\u00df der junge Mann den Veranstaltungsort gegen 1 Uhr morgens und begab sich an einen unbekannten Ort. Seitdem fehlt jede Spur von ihm. Der Fall wird von der Polizeidienststelle des 7. Bezirks der Budapester Polizeibeh\u00f6rde untersucht, die die \u00d6ffentlichkeit um Hinweise bittet, die zur Kl\u00e4rung seines Verbleibs beitragen k\u00f6nnten.<\/p>\n\n\n\n<p class=\"wp-block-paragraph\">Jorgensen Felix Svane ist etwa 182 Zentimeter gro\u00df und von durchschnittlicher Statur. Er hat kurzes, welliges braunes Haar, blaue Augen und einen Schnurrbart. Nach Angaben der Polizei weist er ein auff\u00e4lliges Erkennungsmerkmal auf: eine Operationsnarbe am Hinterkopf.<\/p>\n\n\n\n<p class=\"wp-block-paragraph\">Zum Zeitpunkt seines Verschwindens trug er ein blaues T-Shirt mit gelber Aufschrift auf der Vorderseite und der Aufschrift \u201eSVANE 12\u201c auf der R\u00fcckseite. Au\u00dferdem trug er eine schwarze Hose und wei\u00dfe Schuhe. Die Polizei hat diese Personenbeschreibung ver\u00f6ffentlicht, in der Hoffnung, dass ihn jemand gesehen haben k\u00f6nnte, nachdem er den Veranstaltungsort im 7. Bezirk verlassen hatte.<\/p>\n\n\n\n<h2 class=\"wp-block-heading\">Die \u00d6ffentlichkeit wird dringend gebeten, sich zu melden<\/h2>\n\n\n\n<p class=\"wp-block-paragraph\">Das Budapester Polizeipr\u00e4sidium bittet jeden, der Informationen \u00fcber den Verbleib von Svane haben k\u00f6nnte, sich bei den Beh\u00f6rden zu melden. Selbst scheinbar unbedeutende Hinweise k\u00f6nnten den Ermittlern m\u00f6glicherweise dabei helfen, festzustellen, wohin er sich nach dem Verlassen des Veranstaltungsortes begeben hat, oder zu kl\u00e4ren, ob ihn jemand in den fr\u00fchen Morgenstunden des Donnerstags gesehen hat.<\/p>\n\n\n\n<p class=\"wp-block-paragraph\">Hinweise k\u00f6nnen anonym \u00fcber die \u201eTelefontan\u00fa\u201c-Hotline unter der rund um die Uhr erreichbaren Nummer 06-80-555-111 gemeldet werden. Wer Informationen hat, die ein sofortiges Eingreifen erfordern k\u00f6nnten, kann sich auch unter der Nummer 112 an den ungarischen Notdienst wenden. Die <a href=\"https:\/\/www.police.hu\/hu\/hirek-es-informaciok\/legfrissebb-hireink\/felhivasok\/eltunt-jorgensen-felix-svane-erzsebetvarosbol\" target=\"_blank\" rel=\"noopener\">polizeilichen Ermittlungen<\/a> werden unter dem Aktenzeichen 01070-157\/246\/2026 gef\u00fchrt.<\/p>\n\n\n\n<p class=\"wp-block-paragraph\">Die Beh\u00f6rden setzen die Suche nach dem vermissten 25-J\u00e4hrigen fort und bitten die \u00d6ffentlichkeit, alle Informationen zu melden, die zu seiner Auffindung beitragen k\u00f6nnten. Sollten Sie seit den fr\u00fchen Morgenstunden des 3. September in Budapest einen Mann gesehen haben, auf den Svanes Beschreibung passt, bittet die Polizei Sie dringend, sich so schnell wie m\u00f6glich bei ihr zu melden.<\/p>\n\n\n\n<p class=\"has-black-color has-very-light-gray-to-cyan-bluish-gray-gradient-background has-text-color has-background has-link-color wp-elements-1 wp-block-paragraph\"><strong>Lesen Sie die wichtigsten Nachrichten aus Ungarn auf <a href=\"https:\/\/dailynewshungary.com\/\">unserer Homepage<\/a>.<\/strong><\/p>\n","protected":false},"excerpt":{"rendered":"<p>Die Polizei in Budapest fahndet dringend nach dem 25-j\u00e4hrigen Jorgensen Felix Svane, der in den fr\u00fchen Morgenstunden des Donnerstags, 3. September, nach dem Verlassen eines Nachtlokals im 7. Bezirk der Stadt verschwunden ist. Polizei ver\u00f6ffentlicht Personenbeschreibung des Vermissten Nach den der Polizei vorliegenden Informationen verlie\u00df der junge Mann den Veranstaltungsort gegen 1 Uhr morgens und [&hellip;]<\/p>\n","protected":false},"author":91,"featured_media":792167,"comment_status":"open","ping_status":"open","sticky":false,"template":"","format":"standard","meta":{"_acf_changed":false,"_display_image":"","footnotes":"","_members_access_role":[],"_members_access_error":""},"categories":[4958],"tags":[1111,4450,4585,4404,1467,1163,1076],"class_list":["post-792166","post","type-post","status-publish","format-standard","has-post-thumbnail","hentry","category-unfall","tag-budapest","tag-kategorie-budapest","tag-kategorie-leben-in-ungarn","tag-kategorie-reisen","tag-nutzliches-dnh","tag-ungarische-polizei","tag-ungarn"],"blocksy_meta":[],"acf":[],"author_username":"api","telegram_post":"","public_post_metadata":{"breaking_news":"yes","important":"no","csempe":"yes","center_tile":"no","disable_thumbnail":"no","target_lang":"","_featured_image_style":"","telegram_post":"","_xlat_group_id":"0f55147e-4ef8-4410-afc4-eecb04c1fb8c"},"public_rank_math_data":{"title":"%title% %sep% %sitename%","description":"","focus_keyword":"budapest","canonical_url":"","robots":"","primary_category":"4958","breadcrumb_title":"","facebook_title":"","facebook_description":"","facebook_image":"","facebook_image_id":"","twitter_title":"","twitter_description":"","twitter_image":"","twitter_image_id":"","twitter_card_type":"","twitter_use_facebook":"","advanced_robots":"","pillar_content":"","seo_score":"77","contentai_score":"","rich_snippet":""},"_links":{"self":[{"href":"https:\/\/dailynewshungary.com\/de\/wp-json\/wp\/v2\/posts\/792166","targetHints":{"allow":["GET"]}}],"collection":[{"href":"https:\/\/dailynewshungary.com\/de\/wp-json\/wp\/v2\/posts"}],"about":[{"href":"https:\/\/dailynewshungary.com\/de\/wp-json\/wp\/v2\/types\/post"}],"author":[{"embeddable":true,"href":"https:\/\/dailynewshungary.com\/de\/wp-json\/wp\/v2\/users\/91"}],"replies":[{"embeddable":true,"href":"https:\/\/dailynewshungary.com\/de\/wp-json\/wp\/v2\/comments?post=792166"}],"version-history":[{"count":0,"href":"https:\/\/dailynewshungary.com\/de\/wp-json\/wp\/v2\/posts\/792166\/revisions"}],"wp:featuredmedia":[{"embeddable":true,"href":"https:\/\/dailynewshungary.com\/de\/wp-json\/wp\/v2\/media\/792167"}],"wp:attachment":[{"href":"https:\/\/dailynewshungary.com\/de\/wp-json\/wp\/v2\/media?parent=792166"}],"wp:term":[{"taxonomy":"category","embeddable":true,"href":"https:\/\/dailynewshungary.com\/de\/wp-json\/wp\/v2\/categories?post=792166"},{"taxonomy":"post_tag","embeddable":true,"href":"https:\/\/dailynewshungary.com\/de\/wp-json\/wp\/v2\/tags?post=792166"}],"curies":[{"name":"wp","href":"https:\/\/api.w.org\/{rel}","templated":true}]}}