{"id":792168,"date":"2026-09-04T19:41:34","date_gmt":"2026-09-04T17:41:34","guid":{"rendered":"https:\/\/dailynewshungary.com\/de\/eilmeldung-ungarn-verlangert-den-massenmigrationsnotstand-bis-ende-2026-premierminister-magyar-verspricht-keine-lockerung-der-grenzbestimmungen\/"},"modified":"2026-09-04T19:41:34","modified_gmt":"2026-09-04T17:41:34","slug":"eilmeldung-ungarn-verlangert-den-massenmigrationsnotstand-bis-ende-2026-premierminister-magyar-verspricht-keine-lockerung-der-grenzbestimmungen","status":"publish","type":"post","link":"https:\/\/dailynewshungary.com\/de\/eilmeldung-ungarn-verlangert-den-massenmigrationsnotstand-bis-ende-2026-premierminister-magyar-verspricht-keine-lockerung-der-grenzbestimmungen\/","title":{"rendered":"EILMELDUNG: Ungarn verl\u00e4ngert den \u201eMassenmigrationsnotstand\u201c bis Ende 2026; Premierminister Magyar verspricht keine Lockerung der Grenzbestimmungen"},"content":{"rendered":"\n<p class=\"wp-block-paragraph\"><strong>Ungarn wird den durch die Massenmigration verursachten Krisenzustand bis Ende 2026 verl\u00e4ngern, wie Premierminister P\u00e9ter Magyar bekanntgab. Er betonte, dass seine Regierung die rechtlichen Rahmenbedingungen des Landes gegen illegale Migration nicht lockern werde.<\/strong><\/p>\n\n\n\n<p class=\"wp-block-paragraph\">Die Tisza-Regierung hat beschlossen, die Ma\u00dfnahme, die am 7. September auslaufen sollte, bis zum 31. Dezember 2026 zu verl\u00e4ngern. <a href=\"https:\/\/www.facebook.com\/reel\/1797255891409451?locale=hu_HU\" target=\"_blank\" rel=\"noopener\">Magyar erkl\u00e4rte<\/a>, die Entscheidung sei nach Abw\u00e4gung der Risiken getroffen worden, die selbst geringf\u00fcgige \u00c4nderungen am Schutz der europ\u00e4ischen Au\u00dfengrenzen mit sich bringen w\u00fcrden.<\/p>\n\n\n\n<p class=\"wp-block-paragraph\">\u201eDie vergangenen Wochen haben gezeigt, dass selbst die kleinste gesetzliche \u00c4nderung L\u00fccken im Schutz der europ\u00e4ischen Au\u00dfengrenzen schaffen kann\u201c, sagte der Ministerpr\u00e4sident.<\/p>\n\n\n\n<h2 class=\"wp-block-heading\">Magyar verweist auf Ceuta als Warnung f\u00fcr Europa<\/h2>\n\n\n\n<p class=\"wp-block-paragraph\">Magyar f\u00fchrte die j\u00fcngsten Ereignisse in Ceuta, Spaniens Enklave in Nordafrika, als Beleg daf\u00fcr an, wie schnell sich Migrationsrouten \u00e4ndern k\u00f6nnen.<\/p>\n\n\n\n<p class=\"wp-block-paragraph\">Nach Angaben des Ministerpr\u00e4sidenten entwickelte sich dort innerhalb von nur zwei Tagen eine schwerwiegende Grenzkrise, bei der an einem einzigen Tag Zehntausende Menschen versuchten, von Marokko aus nach Spanien einzureisen. Er erkl\u00e4rte, dass Menschen auf See ums Leben gekommen seien und die spanischen Beh\u00f6rden au\u00dferordentliche Ressourcen mobilisieren mussten.<\/p>\n\n\n\n<p class=\"wp-block-paragraph\">Magyar brachte die Situation mit einer Entscheidung des spanischen Obersten Gerichtshofs in Verbindung und argumentierte, dass Menschenschmugglernetzwerke die ver\u00e4nderten Umst\u00e4nde schnell erkannt und versucht h\u00e4tten, diese auszunutzen.<\/p>\n\n\n\n<blockquote class=\"wp-block-quote is-layout-flow wp-block-quote-is-layout-flow\">\n<p class=\"wp-block-paragraph\">\u201eCeuta ist eine Warnung an ganz Europa\u201c, sagte er.<\/p>\n<\/blockquote>\n\n\n\n<p class=\"wp-block-paragraph\">Der ungarische Ministerpr\u00e4sident argumentierte, dass Migrationsrouten innerhalb weniger Tage umgeleitet werden k\u00f6nnen, w\u00e4hrend Menschenschmugglernetzwerke st\u00e4ndig nach Schwachstellen suchen. \u201eEine einzige Rechtsl\u00fccke oder eine schlecht vorbereitete \u00c4nderung kann innerhalb k\u00fcrzester Zeit zu einer unkontrollierbaren Situation f\u00fchren. Die ungarische Regierung kann ein solches Risiko nicht eingehen\u201c, sagte Magyar.<\/p>\n\n\n\n<iframe loading=\"lazy\" src=\"https:\/\/www.facebook.com\/plugins\/video.php?height=476&#038;href=https%3A%2F%2Fwww.facebook.com%2Freel%2F1797255891409451%2F&#038;show_text=true&#038;width=267&#038;t=0\" width=\"267\" height=\"591\" style=\"border:none;overflow:hidden\" scrolling=\"no\" frameborder=\"0\" allowfullscreen=\"true\" allow=\"autoplay; clipboard-write; encrypted-media; picture-in-picture; web-share\" allowFullScreen=\"true\"><\/iframe>\n\n\n\n<blockquote class=\"wp-block-quote is-layout-flow wp-block-quote-is-layout-flow\">\n<p class=\"has-black-color has-pale-ocean-gradient-background has-text-color has-background has-link-color wp-elements-1 wp-block-paragraph\"><strong>Falls Sie es verpasst haben: <a href=\"https:\/\/dailynewshungary.com\/de\/ungarn-droht-eine-migrationsstrafe-in-hohe-von-1-million-euro-pro-tag-brussel-reagiert-auf-den-appell-von-ministerprasident-magyar\/\/\">Ungarn droht eine Migrationsstrafe in H\u00f6he von 1 Million Euro pro Tag: Br\u00fcssel reagiert auf den Appell von Ministerpr\u00e4sident Magyar<\/a><\/strong><\/p>\n<\/blockquote>\n\n\n\n<h2 class=\"wp-block-heading\">Ungarn droht weiterhin eine t\u00e4gliche EU-Geldstrafe in H\u00f6he von 1 Million Euro<\/h2>\n\n\n\n<p class=\"wp-block-paragraph\">Die Entscheidung f\u00e4llt zu einem Zeitpunkt, an dem Ungarn weiterhin mit einer von der Europ\u00e4ischen Union wegen seiner Migrationspolitik verh\u00e4ngten <a href=\"https:\/\/dailynewshungary.com\/de\/ungarn-droht-eine-migrationsstrafe-in-hohe-von-1-million-euro-pro-tag-brussel-reagiert-auf-den-appell-von-ministerprasident-magyar\/\/\">t\u00e4glichen Geldstrafe in H\u00f6he von 1 Million Euro<\/a> konfrontiert ist. Magyar bezeichnete die Situation als ungerecht und argumentierte, dass Ungarn nicht nur zum Schutz seiner eigenen Grenzen, sondern auch zum Schutz der Au\u00dfengrenzen der EU beitrage, w\u00e4hrend es daf\u00fcr mit einer Geldstrafe belegt werde.<\/p>\n\n\n\n<p class=\"wp-block-paragraph\">Er erkl\u00e4rte, seine Regierung verhandle seit Monaten mit den EU-Institutionen \u00fcber einen neuen ungarischen Rechtsrahmen, der sowohl die Au\u00dfengrenzen Ungarns als auch die der EU wirksam sch\u00fctzen und gleichzeitig mit dem EU-Recht im Einklang stehen w\u00fcrde. Bislang sei jedoch noch keine L\u00f6sung gefunden worden, die gew\u00e4hrleisten w\u00fcrde, dass die ungarischen Beh\u00f6rden weiterhin mit ausreichender Entschlossenheit und Wirksamkeit handeln k\u00f6nnten, so der Ministerpr\u00e4sident.<\/p>\n\n\n\n<p class=\"has-text-align-center has-black-color has-electric-grass-gradient-background has-text-color has-background has-link-color wp-elements-2 wp-block-paragraph\"><strong>Bleiben Sie mit unserem \u201eHungary Weekly Briefing\u201c auf dem Laufenden: <a href=\"https:\/\/substack.com\/@thehungaryinsider\" target=\"_blank\" rel=\"noopener\">Abonnieren Sie es auf Substack<\/a>!<\/strong><\/p>\n\n\n\n<h2 class=\"wp-block-heading\">Regierung verspricht ein neues System bis Dezember<\/h2>\n\n\n\n<p class=\"wp-block-paragraph\">Magyar argumentierte zudem, dass sich die Migrationslage seit 2016, als Ungarn die Notma\u00dfnahme erstmals einf\u00fchrte, erheblich ver\u00e4ndert habe. Er erkl\u00e4rte, dass mittlerweile rund 20 EU-Mitgliedstaaten einen strengeren Grenzschutz bef\u00fcrworteten, weshalb es seiner Ansicht nach ungerecht sei, Ungarn im Jahr 2026 wegen Vorschriften zu sanktionieren, die in einem v\u00f6llig anderen politischen und rechtlichen Umfeld verabschiedet worden seien.<\/p>\n\n\n\n<p class=\"wp-block-paragraph\">Daher wird die Regierung den Krisenzustand vorerst bis Ende Dezember aufrechterhalten. Magyar erkl\u00e4rte, die verbleibenden Wochen des Jahres w\u00fcrden genutzt, um \u201eein rechtm\u00e4\u00dfiges und funktionierendes System\u201c zu etablieren, das Ungarns Grenzen sch\u00fctze und zugleich die Gelder der Steuerzahler sichere. \u201eUnsere Aufgabe wird erf\u00fcllt sein\u201c, sagte der Ministerpr\u00e4sident.<\/p>\n","protected":false},"excerpt":{"rendered":"<p>Ungarn wird den durch die Massenmigration verursachten Krisenzustand bis Ende 2026 verl\u00e4ngern, wie Premierminister P\u00e9ter Magyar bekanntgab. Er betonte, dass seine Regierung die rechtlichen Rahmenbedingungen des Landes gegen illegale Migration nicht lockern werde. Die Tisza-Regierung hat beschlossen, die Ma\u00dfnahme, die am 7. September auslaufen sollte, bis zum 31. Dezember 2026 zu verl\u00e4ngern. Magyar erkl\u00e4rte, die [&hellip;]<\/p>\n","protected":false},"author":62,"featured_media":792169,"comment_status":"open","ping_status":"open","sticky":false,"template":"","format":"standard","meta":{"_acf_changed":false,"_display_image":"","footnotes":"","_members_access_role":[],"_members_access_error":""},"categories":[1081],"tags":[1082,4873,4766,4673,4719,1102,1076],"class_list":["post-792168","post","type-post","status-publish","format-standard","has-post-thumbnail","hentry","category-politik","tag-europaische-union","tag-kategorie-migration-2","tag-kategorie-ungarische-politik-2","tag-peter-magyar","tag-regierung-magyar","tag-ungarische-regierung","tag-ungarn"],"blocksy_meta":[],"acf":[],"author_username":"hmercedesz","telegram_post":"","public_post_metadata":{"breaking_news":"yes","important":"yes","csempe":"yes","center_tile":"no","disable_thumbnail":"no","target_lang":"","_featured_image_style":"","telegram_post":"","_xlat_group_id":"2d95364b-8ec8-4bff-a91e-12e167243b1c"},"public_rank_math_data":{"title":"%title% %sep% %sitename%","description":"","focus_keyword":"migration","canonical_url":"","robots":"","primary_category":"1081","breadcrumb_title":"","facebook_title":"","facebook_description":"","facebook_image":"","facebook_image_id":"","twitter_title":"","twitter_description":"","twitter_image":"","twitter_image_id":"","twitter_card_type":"","twitter_use_facebook":"","advanced_robots":"","pillar_content":"","seo_score":"80","contentai_score":"","rich_snippet":""},"_links":{"self":[{"href":"https:\/\/dailynewshungary.com\/de\/wp-json\/wp\/v2\/posts\/792168","targetHints":{"allow":["GET"]}}],"collection":[{"href":"https:\/\/dailynewshungary.com\/de\/wp-json\/wp\/v2\/posts"}],"about":[{"href":"https:\/\/dailynewshungary.com\/de\/wp-json\/wp\/v2\/types\/post"}],"author":[{"embeddable":true,"href":"https:\/\/dailynewshungary.com\/de\/wp-json\/wp\/v2\/users\/62"}],"replies":[{"embeddable":true,"href":"https:\/\/dailynewshungary.com\/de\/wp-json\/wp\/v2\/comments?post=792168"}],"version-history":[{"count":0,"href":"https:\/\/dailynewshungary.com\/de\/wp-json\/wp\/v2\/posts\/792168\/revisions"}],"wp:featuredmedia":[{"embeddable":true,"href":"https:\/\/dailynewshungary.com\/de\/wp-json\/wp\/v2\/media\/792169"}],"wp:attachment":[{"href":"https:\/\/dailynewshungary.com\/de\/wp-json\/wp\/v2\/media?parent=792168"}],"wp:term":[{"taxonomy":"category","embeddable":true,"href":"https:\/\/dailynewshungary.com\/de\/wp-json\/wp\/v2\/categories?post=792168"},{"taxonomy":"post_tag","embeddable":true,"href":"https:\/\/dailynewshungary.com\/de\/wp-json\/wp\/v2\/tags?post=792168"}],"curies":[{"name":"wp","href":"https:\/\/api.w.org\/{rel}","templated":true}]}}