{"id":792172,"date":"2026-09-05T06:14:00","date_gmt":"2026-09-05T04:14:00","guid":{"rendered":"https:\/\/dailynewshungary.com\/de\/putins-berater-behauptet-die-ukraine-konnte-transkarpatien-verlieren-und-bezeichnet-die-westukraine-als-hohle-des-bosen\/"},"modified":"2026-09-05T06:14:00","modified_gmt":"2026-09-05T04:14:00","slug":"putins-berater-behauptet-die-ukraine-konnte-transkarpatien-verlieren-und-bezeichnet-die-westukraine-als-hohle-des-bosen","status":"publish","type":"post","link":"https:\/\/dailynewshungary.com\/de\/putins-berater-behauptet-die-ukraine-konnte-transkarpatien-verlieren-und-bezeichnet-die-westukraine-als-hohle-des-bosen\/","title":{"rendered":"Putins Berater behauptet, die Ukraine k\u00f6nnte Transkarpatien verlieren, und bezeichnet die Westukraine als \u201eH\u00f6hle des B\u00f6sen\u201c"},"content":{"rendered":"\n<p class=\"wp-block-paragraph\"><strong>Ein hochrangiger Berater des russischen Pr\u00e4sidenten Wladimir Putin hat eine interessante Behauptung \u00fcber die Zukunft der westlichen Gebiete der Ukraine, darunter Transkarpatien, aufgestellt und erkl\u00e4rt, die Ukraine werde letztendlich Regionen verlieren, die einst zu Ungarn, Polen und Rum\u00e4nien geh\u00f6rten.<\/strong><\/p>\n\n\n\n<p class=\"wp-block-paragraph\">Anton Kobyakov, Putins Berater und Exekutivsekret\u00e4r des Organisationskomitees des \u00d6stlichen Wirtschaftsforums, \u00e4u\u00dferte sich dazu im Gespr\u00e4ch mit Journalisten \u00fcber die Ergebnisse des Forums.<\/p>\n\n\n\n<p class=\"wp-block-paragraph\">Seine \u00c4u\u00dferungen spiegeln die immer h\u00e4ufiger zu h\u00f6renden Aussagen hochrangiger russischer Amtstr\u00e4ger \u00fcber die m\u00f6gliche Zukunft der westlichen Regionen der Ukraine wider \u2013 einschlie\u00dflich der Gebiete, die historisch gesehen Teil des K\u00f6nigreichs Ungarn waren. Laut <a href=\"http:\/\/en.kremlin.ru\/catalog\/persons\/373\/biography\" target=\"_blank\" rel=\"noopener\">Kobyakov<\/a> sind diese Gebiete heute eine \u201eH\u00f6hle des B\u00f6sen\u201c, in der der ukrainische Nationalismus gesch\u00fcrt werde.<\/p>\n\n\n\n<h2 class=\"wp-block-heading\">\u201eDie Ukraine wird letztendlich ihre westlichen Gebiete verlieren\u201c<\/h2>\n\n\n\n<p class=\"wp-block-paragraph\">Kobyakov bezog sich auf fr\u00fchere \u00c4u\u00dferungen Putins, der argumentiert hatte, dass die Ukraine fr\u00fcher oder sp\u00e4ter ihre westlichen Gebiete verlieren werde.<\/p>\n\n\n\n<blockquote class=\"wp-block-quote is-layout-flow wp-block-quote-is-layout-flow\">\n<p class=\"wp-block-paragraph\">\u201eDie Ukraine wird fr\u00fcher oder sp\u00e4ter ihre westlichen Gebiete verlieren, die vor dem Zweiten Weltkrieg zu Polen, Rum\u00e4nien und Ungarn geh\u00f6rten\u201c, <a href=\"https:\/\/news.rambler.ru\/politics\/57012241-obitel-zla-gde-vskarmlivaetsya-natsionalizm-kobyakov-o-zapadnyh-zemlyah-ukrainy\/\" target=\"_blank\" rel=\"noopener\">sagte Kobyakov<\/a> unter Bezugnahme auf die Position des russischen Pr\u00e4sidenten.<\/p>\n<\/blockquote>\n\n\n\n<p class=\"wp-block-paragraph\">Er bezeichnete diese Gebiete als den Ort, an dem angeblich der ukrainische Nationalismus gepflegt werde. Kobyakov zog daraufhin eine h\u00f6chst umstrittene Parallele zwischen der modernen Ukraine und dem Faschismus und behauptete, Russland und die Ukraine h\u00e4tten einst gemeinsam gegen Nazi-Deutschland gek\u00e4mpft.<\/p>\n\n\n\n<p class=\"wp-block-paragraph\">\u201eWir haben gemeinsam gegen die Faschisten gek\u00e4mpft. Wie kam es dazu, dass sie nun an der Spitze des \u201aukrainischen Reichs\u2018 stehen?\u201c, sagte er. Er behauptete ferner, die Ukraine sei zur \u201eSpeerspitze des europ\u00e4ischen Faschismus\u201c geworden.<\/p>\n\n\n\n<blockquote class=\"wp-block-quote is-layout-flow wp-block-quote-is-layout-flow\">\n<p class=\"has-black-color has-pale-ocean-gradient-background has-text-color has-background has-link-color wp-elements-1 wp-block-paragraph\"><strong>Falls Sie es verpasst haben: <a href=\"https:\/\/dailynewshungary.com\/de\/die-ukraine-macht-eine-bedeutende-geste-gegenuber-ungarn-und-verurteilt-offiziell-die-sowjetischen-graueltaten-gegen-die-ungarische-bevolkerung-in-transkarpatien\/\/\">Die Ukraine macht eine bedeutende Geste gegen\u00fcber Ungarn und verurteilt offiziell die sowjetischen Gr\u00e4ueltaten gegen die ungarische Bev\u00f6lkerung in Transkarpatien<\/a><\/strong><\/p>\n<\/blockquote>\n\n\n\n<h2 class=\"wp-block-heading\">Putin hatte zuvor bereits Ungarn und Transkarpatien erw\u00e4hnt<\/h2>\n\n\n\n<p class=\"wp-block-paragraph\">Kobyakov ist nicht der erste hochrangige russische Politiker, der die M\u00f6glichkeit eines Verlusts der westlichen Gebiete der Ukraine angesprochen hat. Putin selbst sprach Anfang dieses Jahres bei einem Treffen mit Angeh\u00f6rigen der russischen Marine in St. Petersburg \u00fcber dieses Thema. Er \u00e4u\u00dferte die Ansicht, dass die Ukraine letztendlich Gebiete verlieren werde, die zuvor zu Polen, Ungarn und Rum\u00e4nien geh\u00f6rt hatten.<\/p>\n\n\n\n<p class=\"wp-block-paragraph\">Putin deutete an, dass eine solche Entwicklung in Jahren oder sogar Jahrzehnten eintreten k\u00f6nnte, und erkl\u00e4rte, dass \u201esich historisch gesehen alles von selbst regeln wird\u201c. Er behauptete zudem, Russland sei der einzige Garant f\u00fcr die territoriale Integrit\u00e4t der Ukraine gewesen \u2013 eine Aussage, die vor dem Hintergrund des andauernden Krieges Russlands gegen die Ukraine getroffen wurde.<\/p>\n\n\n\n<p class=\"wp-block-paragraph\">Auch der ehemalige russische Pr\u00e4sident Dmitri Medwedew hat wiederholt auf die m\u00f6gliche Teilung der Ukraine hingewiesen. Einmal ver\u00f6ffentlichte er eine fiktive Karte, auf der eine geteilte Ukraine dargestellt war, bei der Nachbarl\u00e4nder, darunter Ungarn, Teile der westlichen Gebiete des Landes erhalten w\u00fcrden.<\/p>\n\n\n\n<p class=\"has-text-align-center has-black-color has-electric-grass-gradient-background has-text-color has-background has-link-color wp-elements-2 wp-block-paragraph\"><strong>Bleiben Sie auf dem Laufenden mit unserem \u201eHungary Weekly Briefing\u201c: <a href=\"https:\/\/substack.com\/@thehungaryinsider\" target=\"_blank\" rel=\"noopener\">Abonnieren Sie es auf Substack<\/a>!<\/strong><\/p>\n\n\n\n<h2 class=\"wp-block-heading\">Kobyakov \u00e4u\u00dferte zudem eine Behauptung bez\u00fcglich Kiew<\/h2>\n\n\n\n<p class=\"wp-block-paragraph\">Kobyakov schloss seine j\u00fcngsten \u00c4u\u00dferungen mit einer weiteren Aussage ab, die die historische Darstellung des Kremls widerspiegelt, und erkl\u00e4rte, Kiew sei \u201edie Mutter der russischen St\u00e4dte gewesen und werde es auch bleiben\u201c.<\/p>\n\n\n\n<p class=\"wp-block-paragraph\">Diese \u00c4u\u00dferungen erfolgen vor dem Hintergrund, dass Russland seinen umfassenden Krieg gegen die Ukraine fortsetzt, w\u00e4hrend Fragen zur Zukunft der von Russland besetzten oder beanspruchten Gebiete weiterhin im Mittelpunkt internationaler Verhandlungen und diplomatischer Bem\u00fchungen stehen.<\/p>\n\n\n\n<blockquote class=\"wp-block-quote is-layout-flow wp-block-quote-is-layout-flow\">\n<p class=\"has-black-color has-pale-ocean-gradient-background has-text-color has-background has-link-color wp-elements-3 wp-block-paragraph\"><strong>Haben Sie schon davon geh\u00f6rt? <a href=\"https:\/\/dailynewshungary.com\/de\/ausenministerin-anita-orban-erlautert-was-ungarn-von-der-ukraine-erwartet-damit-die-regierung-ihr-veto-zuruckzieht\/\/\">Au\u00dfenministerin Anita Orb\u00e1n erl\u00e4utert, was Ungarn von der Ukraine erwartet, damit die Regierung ihr Veto zur\u00fcckzieht<\/a><\/strong><\/p>\n<\/blockquote>\n","protected":false},"excerpt":{"rendered":"<p>Ein hochrangiger Berater des russischen Pr\u00e4sidenten Wladimir Putin hat eine interessante Behauptung \u00fcber die Zukunft der westlichen Gebiete der Ukraine, darunter Transkarpatien, aufgestellt und erkl\u00e4rt, die Ukraine werde letztendlich Regionen verlieren, die einst zu Ungarn, Polen und Rum\u00e4nien geh\u00f6rten. Anton Kobyakov, Putins Berater und Exekutivsekret\u00e4r des Organisationskomitees des \u00d6stlichen Wirtschaftsforums, \u00e4u\u00dferte sich dazu im Gespr\u00e4ch [&hellip;]<\/p>\n","protected":false},"author":62,"featured_media":792173,"comment_status":"open","ping_status":"open","sticky":false,"template":"","format":"standard","meta":{"_acf_changed":false,"_display_image":"","footnotes":"","_members_access_role":[],"_members_access_error":""},"categories":[1081],"tags":[4806,1197,1425,1209,1428,1092,1076],"class_list":["post-792172","post","type-post","status-publish","format-standard","has-post-thumbnail","hentry","category-politik","tag-kategorie-welt-2","tag-polen","tag-rumanien","tag-russland","tag-transkarpatien","tag-ukraine","tag-ungarn"],"blocksy_meta":[],"acf":[],"author_username":"hmercedesz","telegram_post":"","public_post_metadata":{"breaking_news":"yes","important":"no","csempe":"yes","center_tile":"no","disable_thumbnail":"no","target_lang":"","_featured_image_style":"","telegram_post":"","_xlat_group_id":"d4971971-6723-4c68-bbe8-8949e3cf5c39"},"public_rank_math_data":{"title":"%title% %sep% %sitename%","description":"","focus_keyword":"putin","canonical_url":"","robots":"","primary_category":"1081","breadcrumb_title":"","facebook_title":"","facebook_description":"","facebook_image":"","facebook_image_id":"","twitter_title":"","twitter_description":"","twitter_image":"","twitter_image_id":"","twitter_card_type":"","twitter_use_facebook":"","advanced_robots":"","pillar_content":"","seo_score":"80","contentai_score":"","rich_snippet":""},"_links":{"self":[{"href":"https:\/\/dailynewshungary.com\/de\/wp-json\/wp\/v2\/posts\/792172","targetHints":{"allow":["GET"]}}],"collection":[{"href":"https:\/\/dailynewshungary.com\/de\/wp-json\/wp\/v2\/posts"}],"about":[{"href":"https:\/\/dailynewshungary.com\/de\/wp-json\/wp\/v2\/types\/post"}],"author":[{"embeddable":true,"href":"https:\/\/dailynewshungary.com\/de\/wp-json\/wp\/v2\/users\/62"}],"replies":[{"embeddable":true,"href":"https:\/\/dailynewshungary.com\/de\/wp-json\/wp\/v2\/comments?post=792172"}],"version-history":[{"count":0,"href":"https:\/\/dailynewshungary.com\/de\/wp-json\/wp\/v2\/posts\/792172\/revisions"}],"wp:featuredmedia":[{"embeddable":true,"href":"https:\/\/dailynewshungary.com\/de\/wp-json\/wp\/v2\/media\/792173"}],"wp:attachment":[{"href":"https:\/\/dailynewshungary.com\/de\/wp-json\/wp\/v2\/media?parent=792172"}],"wp:term":[{"taxonomy":"category","embeddable":true,"href":"https:\/\/dailynewshungary.com\/de\/wp-json\/wp\/v2\/categories?post=792172"},{"taxonomy":"post_tag","embeddable":true,"href":"https:\/\/dailynewshungary.com\/de\/wp-json\/wp\/v2\/tags?post=792172"}],"curies":[{"name":"wp","href":"https:\/\/api.w.org\/{rel}","templated":true}]}}