{"id":792176,"date":"2026-09-05T09:04:00","date_gmt":"2026-09-05T07:04:00","guid":{"rendered":"https:\/\/dailynewshungary.com\/de\/konnte-ungarn-den-ruanda-plan-der-eu-staaten-unterstutzen\/"},"modified":"2026-09-05T09:04:00","modified_gmt":"2026-09-05T07:04:00","slug":"konnte-ungarn-den-ruanda-plan-der-eu-staaten-unterstutzen","status":"publish","type":"post","link":"https:\/\/dailynewshungary.com\/de\/konnte-ungarn-den-ruanda-plan-der-eu-staaten-unterstutzen\/","title":{"rendered":"K\u00f6nnte Ungarn den Ruanda-Plan der EU-Staaten unterst\u00fctzen?"},"content":{"rendered":"\n<p class=\"wp-block-paragraph\"><strong>Ein Plan, Migranten ohne rechtm\u00e4\u00dfigen Aufenthaltstitel in der Europ\u00e4ischen Union in \u201eR\u00fcckf\u00fchrungszentren\u201c au\u00dferhalb der Union zu schicken, entwickelt sich rasch von der Theorie zur Politik. Ruanda kristallisiert sich als m\u00f6gliches Ziel heraus, was f\u00fcr Ungarn eine besonders interessante Frage aufwirft: W\u00fcrde die neue Regierung unter Ministerpr\u00e4sident P\u00e9ter Magyar eine solche L\u00f6sung f\u00fcr die europ\u00e4ische Migrationskrise unterst\u00fctzen? Budapest hat den Ruanda-Vorschlag zwar noch nicht bef\u00fcrwortet, doch seine j\u00fcngsten \u00c4u\u00dferungen deuten darauf hin, dass es dieser Idee gegen\u00fcber aufgeschlossen sein k\u00f6nnte.<\/strong><\/p>\n\n\n\n<h2 class=\"wp-block-heading\">Ruanda r\u00fcckt als R\u00fcckf\u00fchrungsziel in den Mittelpunkt der europ\u00e4ischen Migrationskrise<\/h2>\n\n\n\n<p class=\"wp-block-paragraph\">Deutschland, \u00d6sterreich, D\u00e4nemark, Griechenland und die Niederlande arbeiten gemeinsam an der Schaffung von R\u00fcckf\u00fchrungszentren au\u00dferhalb der Europ\u00e4ischen Union. Vertreter der f\u00fcnf L\u00e4nder reisten k\u00fcrzlich nach Ruanda, wo derzeit Verhandlungen \u00fcber die M\u00f6glichkeit gef\u00fchrt werden, Personen aufzunehmen, denen die Ausreise aus dem EU-Gebiet angeordnet wurde.<\/p>\n\n\n\n<p class=\"wp-block-paragraph\">Laut <a href=\"https:\/\/www.euractiv.com\/news\/eu-governments-explore-setting-up-return-hubs-in-rwanda\/\" target=\"_blank\" rel=\"noreferrer noopener\">Euractiv<\/a> wird unter anderem das Gashora-Transitzentrum diskutiert, das etwa 60 Kilometer von Kigali entfernt liegt. In dieser Einrichtung wurden zuvor Migranten untergebracht, die aus Libyen evakuiert worden waren, w\u00e4hrend l\u00e4ngerfristige L\u00f6sungen ausgearbeitet wurden. Ruanda hat best\u00e4tigt, dass derzeit erste Verhandlungen mit europ\u00e4ischen Regierungen stattfinden.<\/p>\n\n\n\n<p class=\"wp-block-paragraph\">Die Initiative ist z\u00fcgig vorangekommen. Die f\u00fcnf Regierungen haben sich nun das Ziel gesetzt, bis 2027 ihr erstes R\u00fcckf\u00fchrungszentrum-System einzurichten, wobei Ruanda und Uganda zu den potenziellen Partnerl\u00e4ndern z\u00e4hlen, die in Betracht gezogen werden. D\u00e4nemark hat erkl\u00e4rt, es hoffe, dass die \u00dcberstellungen bis Ende des n\u00e4chsten Jahres beginnen k\u00f6nnten.<\/p>\n\n\n\n<p class=\"wp-block-paragraph\">Der Vorschlag ist m\u00f6glich geworden, weil sich die EU-Migrationspolitik selbst im Wandel befindet. Das Europ\u00e4ische Parlament hat im Juni neue R\u00fcckf\u00fchrungsvorschriften verabschiedet, die es den Mitgliedstaaten erm\u00f6glichen, Abkommen mit Nicht-EU-L\u00e4ndern zu schlie\u00dfen und Personen, gegen die eine R\u00fcckf\u00fchrungsentscheidung ergangen ist, in dortige Einrichtungen zu \u00fcberstellen. Unbegleitete Minderj\u00e4hrige sind davon ausgenommen, w\u00e4hrend die Partnerstaaten internationale Menschenrechtsstandards und den Grundsatz der Nichtzur\u00fcckweisung einhalten m\u00fcssten, der es verbietet, Menschen an Orte zu schicken, an denen ihnen Verfolgung oder ernsthafter Schaden droht.<\/p>\n\n\n\n<p class=\"wp-block-paragraph\">Wichtig ist, dass dies nicht mit dem umstrittenen britischen Ruanda-Programm identisch ist, das im Jahr 2024 aufgegeben wurde. Das sich abzeichnende EU-Modell richtet sich in erster Linie an Personen, bei denen bereits festgestellt wurde, dass sie kein rechtliches Bleiberecht in der EU haben, und zielt nicht darauf ab, die Asylbearbeitung einfach ins Ausland zu verlagern.<\/p>\n\n\n\n<p class=\"wp-block-paragraph\">Dennoch bleiben erhebliche rechtliche und humanit\u00e4re Fragen offen. Das Fl\u00fcchtlingshilfswerk der Vereinten Nationen hat argumentiert, dass R\u00fcckf\u00fchrungszentren nur dann genutzt werden sollten, wenn eine Person ein umfassendes und faires Asylverfahren durchlaufen hat und eine direkte R\u00fcckf\u00fchrung in ihr Herkunftsland nicht innerhalb einer angemessenen Frist m\u00f6glich ist. Auch der Europarat hat strenge unabh\u00e4ngige \u00dcberwachung sowie rechtlich durchsetzbare Menschenrechtsgarantien gefordert.<\/p>\n\n\n\n<p class=\"has-very-light-gray-to-cyan-bluish-gray-gradient-background has-background wp-block-paragraph\">Falls Sie es gestern verpasst haben: <a href=\"https:\/\/dailynewshungary.com\/de\/eilmeldung-ungarn-verlangert-den-massenmigrationsnotstand-bis-ende-2026-premierminister-magyar-verspricht-keine-lockerung-der-grenzbestimmungen\/\/\">Ungarn verl\u00e4ngert den \u201eMassenmigrationsnotstand\u201c bis Ende 2026; Ministerpr\u00e4sident Magyar verspricht keine Lockerung der Grenzbestimmungen <\/a><\/p>\n\n\n\n<h2 class=\"wp-block-heading\">Gro\u00dfbritannien hat es bereits mit Ruanda versucht \u2013 und ist gescheitert. Doch Europas neuer Plan sieht anders aus<\/h2>\n\n\n\n<p class=\"wp-block-paragraph\">Die naheliegende Frage ist, ob Europa nun ein Experiment wiederholt, das bereits gescheitert ist.<\/p>\n\n\n\n<p class=\"wp-block-paragraph\">Gro\u00dfbritannien hatte 2022 sein umstrittenes Ruanda-Programm beschlossen und plante, bestimmte Personen, die irregul\u00e4r im Vereinigten K\u00f6nigreich eingereist waren, nach Ruanda umzusiedeln, wo ihre Asylantr\u00e4ge bearbeitet werden sollten. In der Praxis wurde diese Ma\u00dfnahme jedoch nie in dem beabsichtigten Umfang umgesetzt.<\/p>\n\n\n\n<p class=\"wp-block-paragraph\">Im November 2023 entschied der Oberste Gerichtshof des Vereinigten K\u00f6nigreichs, dass das Programm in seiner bestehenden Form rechtswidrig sei, da die Gefahr bestehe, dass nach Ruanda geschickte Asylsuchende letztendlich in L\u00e4nder zur\u00fcckgeschickt werden k\u00f6nnten, in denen ihnen Verfolgung oder unmenschliche Behandlung drohen. Die konservative Regierung handelte daraufhin ein neues Abkommen mit Kigali aus und verabschiedete ein Gesetz, das Ruanda als sicheres Land einstufte; dennoch fanden die geplanten Abschiebungsfl\u00fcge vor dem Regierungswechsel nicht statt.<\/p>\n\n\n\n<p class=\"wp-block-paragraph\">Nach Angaben des <a href=\"https:\/\/www.gov.uk\/government\/publications\/medp-with-rwanda-and-the-illegal-migration-act-associated-costs\/breakdown-of-home-office-costs-associated-with-the-medp-with-rwanda-and-the-illegal-migration-act-2023\" target=\"_blank\" rel=\"noopener\">britischen Innenministeriums<\/a> reisten w\u00e4hrend der mehr als zweij\u00e4hrigen Laufzeit des Programms nur vier Personen freiwillig nach Ruanda, w\u00e4hrend kein Asylsuchender im Rahmen des Programms zwangsweise umgesiedelt wurde. Die Labour-Regierung stellte die Ma\u00dfnahme nach ihrem Amtsantritt im Juli 2024 ein.<\/p>\n\n\n\n<p class=\"wp-block-paragraph\">Der sich abzeichnende europ\u00e4ische Vorschlag unterscheidet sich jedoch in einem entscheidenden Punkt. Das britische Programm war gr\u00f6\u00dftenteils f\u00fcr Personen konzipiert, deren Asylantr\u00e4ge im Vereinigten K\u00f6nigreich nicht gepr\u00fcft, sondern stattdessen in Ruanda bearbeitet worden w\u00e4ren. Das EU-R\u00fcckf\u00fchrungszentrum-Konzept richtet sich in erster Linie an Personen, die bereits einen R\u00fcckf\u00fchrungsbescheid erhalten haben und daher keinen Rechtsanspruch mehr auf einen Aufenthalt in der Europ\u00e4ischen Union besitzen.<\/p>\n\n\n\n<p class=\"wp-block-paragraph\">Diese Unterscheidung k\u00f6nnte es einfacher machen, das europ\u00e4ische Modell politisch und rechtlich zu verteidigen. Anstatt das Asylverfahren selbst auszulagern, w\u00e4ren R\u00fcckf\u00fchrungszentren als Zielorte f\u00fcr Personen gedacht, bei denen die EU-Regierungen bereits entschieden haben, dass sie das Land verlassen m\u00fcssen \u2013 insbesondere in F\u00e4llen, in denen sich eine direkte R\u00fcckf\u00fchrung in ihr Herkunftsland als schwierig erweist.<\/p>\n\n\n\n<p class=\"wp-block-paragraph\">Die britischen Erfahrungen dienen jedoch als Warnung. Jedes europ\u00e4ische System, an dem Ruanda oder ein anderes Drittland beteiligt ist, d\u00fcrfte einer intensiven \u00dcberpr\u00fcfung hinsichtlich Menschenrechtsgarantien, rechtlicher Verantwortung und des Risikos rechtswidriger Weiterabschiebungen ausgesetzt sein.<\/p>\n\n\n\n<h2 class=\"wp-block-heading\">Die Regierung von P\u00e9ter Magyar hat Ungarns strenge Migrationspolitik beibehalten<\/h2>\n\n\n\n<p class=\"wp-block-paragraph\">Die Frage ist f\u00fcr Ungarn von besonderer Bedeutung, da der Regierungswechsel im Mai nicht zu der umfassenden Kehrtwende in <a href=\"https:\/\/dailynewshungary.com\/category\/politics\/migration\/\">der Migrationspolitik<\/a> gef\u00fchrt hat, die manche ausl\u00e4ndische Beobachter vielleicht erwartet hatten.<\/p>\n\n\n\n<p class=\"wp-block-paragraph\">Ministerpr\u00e4sident P\u00e9ter Magyar erkl\u00e4rte diese Woche, dass zwar einzelne Ma\u00dfnahmen der vorherigen Regierung unter Viktor Orb\u00e1n zur Diskussion st\u00fcnden, Ungarn jedoch in seiner Einsch\u00e4tzung der Migrationslage grunds\u00e4tzlich richtig gelegen habe. Er sprach sich ausdr\u00fccklich sowohl f\u00fcr den Zaun an der S\u00fcdgrenze als auch f\u00fcr die strengen Einwanderungsvorschriften des Landes aus.<\/p>\n\n\n\n<p class=\"wp-block-paragraph\">Magyar erkl\u00e4rte zudem, es k\u00f6nne keine Lockerung der ungarischen Asylvorschriften geben, und seine Regierung wolle sicherstellen, dass nicht \u201eein einziger weiterer\u201c irregul\u00e4rer Migrant ins Land komme. Gleichzeitig strebt er eine Einigung mit Br\u00fcssel an, anstatt eine weitere langwierige Konfrontation \u00fcber die EU-Migrationsvorschriften zu riskieren.<\/p>\n\n\n\n<p class=\"wp-block-paragraph\">Diese Haltung ist wichtig, um zu verstehen, wie Budapest auf den j\u00fcngsten Vorschlag zur Migrationskrise reagieren k\u00f6nnte.<\/p>\n\n\n\n<p class=\"wp-block-paragraph\">Innenminister G\u00e1bor P\u00f3sfai hat seit dem Amtsantritt der neuen Regierung wiederholt betont, dass Ungarns Haltung zur irregul\u00e4ren Migration unver\u00e4ndert bleibt. Im Juli teilte sein Ministerium zudem mit, dass Ungarn die praktischen Erfahrungen mit dem umstrittenen Abkommen Italiens mit Albanien genau verfolge \u2013 ein weiterer Versuch, Aspekte der Migration au\u00dferhalb des normalen EU-Hoheitsgebiets zu regeln.<\/p>\n\n\n\n<p class=\"wp-block-paragraph\">Anschlie\u00dfend forderte die ungarische Regierung angesichts des erneuten Migrationsdrucks an der EU-Au\u00dfengrenze im August ausdr\u00fccklich \u201einnovative politische Instrumente\u201c, die \u00fcber bestehende L\u00f6sungen hinausgehen, und betonte gleichzeitig einen verst\u00e4rkten Schutz der Au\u00dfengrenzen sowie Ma\u00dfnahmen gegen den Missbrauch des Asylsystems.<\/p>\n\n\n\n<p class=\"wp-block-paragraph\">Ungarn hat zudem die Unterst\u00fctzung von R\u00fcckf\u00fchrungen direkt mit \u00d6sterreich er\u00f6rtert, einem der f\u00fcnf L\u00e4nder, die derzeit die Initiative f\u00fcr R\u00fcckf\u00fchrungszentren vorantreiben.<\/p><figure class=\"wp-block-image aligncenter size-full\"><figcaption class=\"wp-element-caption\">\n<\/figcaption><\/figure>\n\n<figure class=\"wp-block-image aligncenter size-full\"><figcaption class=\"wp-element-caption\">\n<\/figcaption><img decoding=\"async\" src=\"https:\/\/dailynewshungary.b-cdn.net\/wp-content\/uploads\/2026\/06\/Border-control-and-migration-pact.webp\" alt=\"Migrant crisis: Border control and migration pact\" class=\"wp-image-699120\"\/><figcaption class=\"wp-element-caption\">Migrationskrise in der EU. Foto: depositphotos.com<\/figcaption><\/figure>\n\n\n\n<p class=\"has-very-light-gray-to-cyan-bluish-gray-gradient-background has-background wp-block-paragraph\">Wie geht es weiter: <a href=\"https:\/\/dailynewshungary.com\/de\/ungarn-schliest-sich-21-eu-staats-und-regierungschefs-bei-der-kritik-an-spaniens-umgang-mit-der-migrationskrise-nach-den-massiven-zustromen-an\/\/\">Ungarn schlie\u00dft sich 21 EU-Staats- und Regierungschefs an, die Spaniens Umgang mit der Migrationskrise nach den massenhaften Ank\u00fcnften kritisieren<\/a><\/p>\n\n\n\n<h2 class=\"wp-block-heading\">K\u00f6nnte Ungarn die R\u00fcckf\u00fchrungszentren in Ruanda unterst\u00fctzen?<\/h2>\n\n\n\n<p class=\"wp-block-paragraph\">Insgesamt bieten diese Positionen eine glaubw\u00fcrdige Grundlage f\u00fcr die Annahme, dass die ungarische Regierung R\u00fcckf\u00fchrungszentren grunds\u00e4tzlich unterst\u00fctzen k\u00f6nnte.<\/p>\n\n\n\n<p class=\"wp-block-paragraph\">Eine solche Politik passt zu mehreren Elementen des derzeitigen Ansatzes Budapests: der Verhinderung irregul\u00e4rer Einreisen, der Aufrechterhaltung strenger Asylvorschriften, der St\u00e4rkung der EU-Au\u00dfengrenzen und der Erleichterung der Abschiebung von Personen, die keinen Aufenthaltsanspruch haben.<\/p>\n\n\n\n<p class=\"wp-block-paragraph\">F\u00fcr Ungarn k\u00f6nnte es politisch zudem einfacher sein, diese zu unterst\u00fctzen als Teile des EU-Migrations- und Asylpakts, die die Solidarit\u00e4t zwischen den Mitgliedstaaten betreffen. Die Abschiebung von Personen mit rechtskr\u00e4ftigen R\u00fcckf\u00fchrungsentscheidungen au\u00dferhalb der EU unterscheidet sich grundlegend von der Verpflichtung Ungarns, Asylsuchende aufzunehmen, die aus einem anderen Mitgliedstaat \u00fcberstellt werden \u2013 etwas, wogegen sich Budapest vehement gewehrt hat.<\/p>\n\n\n\n<p class=\"wp-block-paragraph\">Es besteht jedoch ein wichtiger Unterschied zwischen der Aussage, die ungarische Regierung w\u00fcrde das Konzept wahrscheinlich attraktiv finden, und der Aussage, sie unterst\u00fctze Ruanda konkret. Ungarn ist derzeit nicht Teil der F\u00fcnf-L\u00e4nder-Initiative, und weder Magyar noch P\u00f3sfai haben Budapest \u00f6ffentlich zu den Verhandlungen mit Ruanda verpflichtet.<\/p>\n\n\n\n<h2 class=\"wp-block-heading\">Wie geht es nun weiter?<\/h2>\n\n\n\n<p class=\"wp-block-paragraph\">Die n\u00e4chsten Monate d\u00fcrften eine klarere Antwort liefern. Es wird erwartet, dass die f\u00fcnf beteiligten Regierungen die Verhandlungen mit potenziellen Aufnahmel\u00e4ndern fortsetzen werden; ein weiteres Treffen ist f\u00fcr September in M\u00fcnchen geplant, und konkrete Vereinbarungen sollen noch vor Ende 2026 getroffen werden.<\/p>\n\n\n\n<p class=\"wp-block-paragraph\">F\u00fcr Ungarn wird vieles von der endg\u00fcltigen rechtlichen und finanziellen Ausgestaltung abh\u00e4ngen. Sollten die R\u00fcckf\u00fchrungszentren auf freiwilliger Basis betrieben werden, im Einklang mit EU-Recht und internationalem Recht stehen und Ungarn nicht dazu verpflichten, Migranten aus anderen Mitgliedstaaten aufzunehmen, w\u00fcrde der Vorschlag gut zu einem Gro\u00dfteil der Migrationspolitik passen, die die ungarische Regierung bislang skizziert hat.<\/p>\n\n\n\n<p class=\"wp-block-paragraph\">Dies macht eine ungarische Zustimmung zu einem plausiblen Szenario \u2013 ist jedoch noch keine offizielle Regierungsposition. Die Ruanda-Debatte k\u00f6nnte daher zu einem der ersten gro\u00dfen Tests werden, inwieweit sich Ungarns Herangehensweise an die europ\u00e4ische Migrationskrise unter P\u00e9ter Magyar tats\u00e4chlich ver\u00e4ndert hat: vielleicht weniger konfrontativ gegen\u00fcber Br\u00fcssel, aber nicht unbedingt toleranter in Migrationsfragen.<\/p>\n\n\n\n<p class=\"wp-block-paragraph\">Wie wir bereits berichteten, <a href=\"https:\/\/dailynewshungary.com\/de\/eine-neue-umfrage-zeigt-was-ungarn-uber-die-migration-aus-armeren-landern-und-uber-gastarbeiter-denken\/\/\">zeigt eine Umfrage, was die Ungarn \u00fcber die Migration aus \u00e4rmeren L\u00e4ndern und \u00fcber Gastarbeiter denken<\/a><\/p>\n","protected":false},"excerpt":{"rendered":"<p>Ein Plan, Migranten ohne rechtm\u00e4\u00dfigen Aufenthaltstitel in der Europ\u00e4ischen Union in \u201eR\u00fcckf\u00fchrungszentren\u201c au\u00dferhalb der Union zu schicken, entwickelt sich rasch von der Theorie zur Politik. Ruanda kristallisiert sich als m\u00f6gliches Ziel heraus, was f\u00fcr Ungarn eine besonders interessante Frage aufwirft: W\u00fcrde die neue Regierung unter Ministerpr\u00e4sident P\u00e9ter Magyar eine solche L\u00f6sung f\u00fcr die europ\u00e4ische Migrationskrise [&hellip;]<\/p>\n","protected":false},"author":91,"featured_media":792177,"comment_status":"open","ping_status":"open","sticky":false,"template":"","format":"standard","meta":{"_acf_changed":false,"_display_image":"","footnotes":"","_members_access_role":[],"_members_access_error":""},"categories":[4408],"tags":[4662,1082,4797,4737,4952,1102,1076],"class_list":["post-792176","post","type-post","status-publish","format-standard","has-post-thumbnail","hentry","category-migration","tag-analyse","tag-europaische-union","tag-kategorie-eu-beziehungen-3","tag-kategorie-politik-2","tag-regierung-magyars","tag-ungarische-regierung","tag-ungarn"],"blocksy_meta":[],"acf":[],"author_username":"api","telegram_post":"","public_post_metadata":{"breaking_news":"yes","important":"no","csempe":"yes","center_tile":"no","disable_thumbnail":"no","target_lang":"","_featured_image_style":"","telegram_post":"","_xlat_group_id":"e87be7ce-2860-41b6-9ef5-663097e83380"},"public_rank_math_data":{"title":"K\u00f6nnte Ungarn den EU-Ruanda-Plan inmitten der Migrationskrise unterst\u00fctzen?","description":"EU-L\u00e4nder pr\u00fcfen R\u00fcckf\u00fchrungszentren in Ruanda, was f\u00fcr Ungarn eine neue Frage im Zusammenhang mit der Migrationskrise aufwirft. Analyse:","focus_keyword":"Migrationskrise","canonical_url":"","robots":"","primary_category":"4408","breadcrumb_title":"","facebook_title":"","facebook_description":"","facebook_image":"","facebook_image_id":"","twitter_title":"","twitter_description":"","twitter_image":"","twitter_image_id":"","twitter_card_type":"","twitter_use_facebook":"","advanced_robots":"","pillar_content":"","seo_score":"72","contentai_score":"","rich_snippet":""},"_links":{"self":[{"href":"https:\/\/dailynewshungary.com\/de\/wp-json\/wp\/v2\/posts\/792176","targetHints":{"allow":["GET"]}}],"collection":[{"href":"https:\/\/dailynewshungary.com\/de\/wp-json\/wp\/v2\/posts"}],"about":[{"href":"https:\/\/dailynewshungary.com\/de\/wp-json\/wp\/v2\/types\/post"}],"author":[{"embeddable":true,"href":"https:\/\/dailynewshungary.com\/de\/wp-json\/wp\/v2\/users\/91"}],"replies":[{"embeddable":true,"href":"https:\/\/dailynewshungary.com\/de\/wp-json\/wp\/v2\/comments?post=792176"}],"version-history":[{"count":0,"href":"https:\/\/dailynewshungary.com\/de\/wp-json\/wp\/v2\/posts\/792176\/revisions"}],"wp:featuredmedia":[{"embeddable":true,"href":"https:\/\/dailynewshungary.com\/de\/wp-json\/wp\/v2\/media\/792177"}],"wp:attachment":[{"href":"https:\/\/dailynewshungary.com\/de\/wp-json\/wp\/v2\/media?parent=792176"}],"wp:term":[{"taxonomy":"category","embeddable":true,"href":"https:\/\/dailynewshungary.com\/de\/wp-json\/wp\/v2\/categories?post=792176"},{"taxonomy":"post_tag","embeddable":true,"href":"https:\/\/dailynewshungary.com\/de\/wp-json\/wp\/v2\/tags?post=792176"}],"curies":[{"name":"wp","href":"https:\/\/api.w.org\/{rel}","templated":true}]}}