{"id":792184,"date":"2026-09-05T15:25:40","date_gmt":"2026-09-05T13:25:40","guid":{"rendered":"https:\/\/dailynewshungary.com\/de\/wetter-in-ungarn-kaltfront-an-diesem-wochenende-dann-hitze-starkregen-und-ein-starker-temperaturruckgang-in-der-nachsten-woche\/"},"modified":"2026-09-05T15:25:40","modified_gmt":"2026-09-05T13:25:40","slug":"wetter-in-ungarn-kaltfront-an-diesem-wochenende-dann-hitze-starkregen-und-ein-starker-temperaturruckgang-in-der-nachsten-woche","status":"publish","type":"post","link":"https:\/\/dailynewshungary.com\/de\/wetter-in-ungarn-kaltfront-an-diesem-wochenende-dann-hitze-starkregen-und-ein-starker-temperaturruckgang-in-der-nachsten-woche\/","title":{"rendered":"Wetter in Ungarn: Kaltfront an diesem Wochenende, dann Hitze, Starkregen und ein starker Temperaturr\u00fcckgang in der n\u00e4chsten Woche"},"content":{"rendered":"\n<p class=\"wp-block-paragraph\"><strong>Das Wetter in Ungarn wird sich innerhalb von etwas mehr als einer Woche mehrmals \u00e4ndern. Eine Kaltfront, die am Samstag das Land durchzieht, wird am Sonntag einen vor\u00fcbergehenden Temperaturr\u00fcckgang mit sich bringen, bevor die Sommerhitze schnell zur\u00fcckkehrt. Ab Mitte n\u00e4chster Woche k\u00f6nnte es jedoch zu einer deutlich st\u00e4rkeren Wetter\u00e4nderung kommen, die erhebliche Niederschl\u00e4ge und schlie\u00dflich echte Herbsttemperaturen mit sich bringt.<\/strong><\/p>\n\n\n\n<p class=\"wp-block-paragraph\">Am <strong>Samstag, dem 5. September<\/strong>, zieht eine Kaltfront aus Norden und Nordwesten \u00fcber Ungarn hinweg. Trotz zunehmender Bew\u00f6lkung werden keine nennenswerten, gro\u00dffl\u00e4chigen Niederschl\u00e4ge erwartet, wenngleich sich vereinzelte Schauer und Gewitter entwickeln k\u00f6nnen.<\/p>\n\n\n\n<p class=\"wp-block-paragraph\">HungaroMet hat vor m\u00f6glichen Gewittern in mehreren Komitaten gewarnt, insbesondere im Nordosten und S\u00fcden; im Laufe des Tages sind auch im S\u00fcdwesten Gewitter m\u00f6glich. St\u00e4rkere Gewitter k\u00f6nnen von Windb\u00f6en von <strong>60\u201370 km\/h<\/strong> begleitet werden, die lokal 70 km\/h \u00fcberschreiten k\u00f6nnen; vereinzelter Hagel ist nicht auszuschlie\u00dfen. Die Temperaturen bleiben dennoch sommerlich, mit Nachmittagsh\u00f6chstwerten zwischen <strong>25 und 34 \u00b0C<\/strong>.<\/p>\n\n\n\n<h3 class=\"wp-block-heading\">Sonntag: K\u00fchler, sonnig und \u00fcberwiegend trocken<\/h3>\n\n\n\n<p class=\"wp-block-paragraph\">Am <strong>Sonntag, dem 6. September<\/strong>, wird die Kaltfront st\u00e4rker sp\u00fcrbar sein, wobei die Temperaturen um mehrere Grad sinken werden.<\/p>\n\n\n\n<p class=\"wp-block-paragraph\">In ganz Ungarn wird \u00fcberwiegend klares oder leicht bew\u00f6lktes Wetter erwartet, ohne nennenswerte Niederschl\u00e4ge. Im Nordosten k\u00f6nnten sich vermehrt Cumuluswolken bilden, w\u00e4hrend der Nordwest- und Nordwind zeitweise an St\u00e4rke zunehmen k\u00f6nnte.<\/p>\n\n\n\n<p class=\"wp-block-paragraph\">Die Morgen-Temperaturen liegen im Allgemeinen zwischen <strong>10 und 18 \u00b0C<\/strong>, wobei die Werte in gesch\u00fctzten Lagen leicht unter 10 \u00b0C fallen k\u00f6nnten. F\u00fcr den Nachmittag werden H\u00f6chstwerte zwischen <strong>24 und 29 \u00b0C<\/strong> vorhergesagt.<\/p>\n\n\n\n<p class=\"wp-block-paragraph\">Das k\u00fchlere Wetter wird jedoch nicht lange anhalten. Die Temperaturen werden fast sofort wieder steigen, da Ungarn in eine weitere kurze Phase sp\u00e4tsommerlicher Hitze eintritt.<\/p>\n\n\n\n<h2 class=\"wp-block-heading\">Das Wetter in Ungarn in der kommenden Woche: Tagesprognose<\/h2>\n\n\n\n<h3 class=\"wp-block-heading\">Montag, 7. September: Der Sommer kehrt zur\u00fcck<\/h3>\n\n\n\n<p class=\"wp-block-paragraph\">Am Montag werden die Temperaturen wieder steigen, wobei \u00fcberwiegend trockenes und warmes Wetter erwartet wird. Die Vorhersagen gehen derzeit von Nachmittagsh\u00f6chstwerten von etwa <strong>27\u201332 \u00b0C<\/strong> aus, was bedeutet, dass die kurze Abk\u00fchlung vom Wochenende bereits wieder nachlassen wird.<\/p>\n\n\n\n<h3 class=\"wp-block-heading\">Dienstag, 8. September: Wieder Temperaturen \u00fcber 30 \u00b0C<\/h3>\n\n\n\n<p class=\"wp-block-paragraph\">Der Dienstag k\u00f6nnte einer der w\u00e4rmsten Tage der Woche werden. Die H\u00f6chsttemperaturen werden voraussichtlich bei etwa <strong>28\u201333 \u00b0C<\/strong> liegen, wodurch in weiten Teilen Ungarns wieder sommerliche Hitze einkehrt.<\/p>\n\n\n\n<p class=\"wp-block-paragraph\">F\u00fcr alle, die gehofft hatten, dass die Kaltfront vom Samstag den Beginn des Herbstes markiert habe, lautet die Antwort daher eindeutig \u201enein\u201c \u2013 zumindest vor\u00fcbergehend.<\/p>\n\n\n\n<p class=\"has-pale-ocean-gradient-background has-background wp-block-paragraph\">Falls Sie es verpasst haben:<a href=\"https:\/\/dailynewshungary.com\/de\/fotos-ein-weiterer-beliebter-ungarischer-see-trocknet-aus-der-aussichtspunkt-bolombika-zeigt-den-kritischen-zustand\/\/\">Ein weiterer beliebter ungarischer See trocknet aus \u2013 der Aussichtspunkt B\u00f6l\u00f6mbika zeigt den kritischen Zustand<\/a><\/p>\n\n\n\n<h3 class=\"wp-block-heading\">Mittwoch, 9. September: Eine gro\u00dfe Ver\u00e4nderung beginnt<\/h3>\n\n\n\n<p class=\"wp-block-paragraph\">Derzeit wird prognostiziert, dass die erste Welle einer bedeutenderen Wetter\u00e4nderung ab <strong>Mittwoch<\/strong> eintrifft, wenn eine weitere Kaltfront Ungarn erreicht.<\/p>\n\n\n\n<p class=\"wp-block-paragraph\">Eine der auff\u00e4lligsten Auswirkungen k\u00f6nnte ein gro\u00dfer Temperaturunterschied zwischen verschiedenen Teilen des Landes sein. In Westungarn k\u00f6nnte es bereits deutlich k\u00fchler werden, w\u00e4hrend es im Osten weiterhin hei\u00df bleibt, was zu einem <strong>Temperaturunterschied von 10\u201315 \u00b0C<\/strong> zwischen den beiden Landesteilen f\u00fchren k\u00f6nnte.<\/p>\n\n\n\n<p class=\"wp-block-paragraph\">Im Gegensatz zur Front vom Samstag wird erwartet, dass dieses Wetterph\u00e4nomen auch st\u00e4rkere Niederschl\u00e4ge mit sich bringt.<\/p>\n\n\n\n<h3 class=\"wp-block-heading\">Donnerstag, 10. September: Kaltfront zieht \u00fcber Ungarn hinweg<\/h3>\n\n\n\n<p class=\"wp-block-paragraph\">Es wird erwartet, dass sich die Auswirkungen der Front bis Donnerstag deutlich weiter ausbreiten werden.<\/p>\n\n\n\n<p class=\"wp-block-paragraph\">In weiten Teilen des Landes d\u00fcrften die Temperaturen sinken, w\u00e4hrend es in zahlreichen Regionen zu Regenf\u00e4llen kommen k\u00f6nnte. Aktuelle Vorhersagen deuten darauf hin, dass sich ab diesem Zeitpunkt die erste gr\u00f6\u00dfere Abk\u00fchlungsphase einstellen wird.<\/p>\n\n\n\n<p class=\"wp-block-paragraph\">Der genaue Ort und die Niederschlagsmenge sind noch einige Tage im Voraus ungewiss, sodass sich die Vorhersage noch erheblich \u00e4ndern kann.<\/p>\n\n\n\n<h3 class=\"wp-block-heading\">Freitag, 11. September: In Westungarn ist eine deutliche Abk\u00fchlung m\u00f6glich<\/h3>\n\n\n\n<p class=\"wp-block-paragraph\">Bis Freitag k\u00f6nnte es in einigen westlichen Teilen Ungarns zu einer dramatischen Ver\u00e4nderung im Vergleich zur Hitze zu Beginn der Woche kommen.<\/p>\n\n\n\n<p class=\"wp-block-paragraph\">Aktuelle Prognosen deuten darauf hin, dass die Temperaturen in einigen westlichen Gebieten nur noch etwa <strong>15 \u00b0C<\/strong> erreichen k\u00f6nnten \u2013 m\u00f6glicherweise fast 20 Grad unter den H\u00f6chstwerten vom Dienstag.<\/p>\n\n\n\n<p class=\"wp-block-paragraph\">In den \u00f6stlichen Teilen des Landes k\u00f6nnte es zwar etwas w\u00e4rmer bleiben, doch der allgemeine Trend geht eindeutig in Richtung k\u00fchleres Wetter.<\/p>\n\n\n\n<p class=\"has-very-light-gray-to-cyan-bluish-gray-gradient-background has-background wp-block-paragraph\">Informieren Sie sich \u00fcber die wichtigsten Nachrichten der Woche aus Ungarn \u2013 Politik, Wirtschaft, Gesch\u00e4ftsleben und Diplomatie, alles an einem Ort. <a href=\"https:\/\/hungaryinsider.substack.com\/\" target=\"_blank\" rel=\"noopener\">Abonnieren Sie hier: Substack<\/a><\/p>\n\n\n\n<h3 class=\"wp-block-heading\">Samstag, 12. September: Herbstliches Wetter und st\u00e4rkere Regenf\u00e4lle<\/h3>\n\n\n\n<p class=\"wp-block-paragraph\">Eine zweite Phase des Wetterumschwungs k\u00f6nnte etwa am Samstag einsetzen.<\/p>\n\n\n\n<p class=\"wp-block-paragraph\">Aktuelle Vorhersagen deuten darauf hin, dass ein <strong>Mittelmeerzyklon<\/strong> Ungarn beeinflussen k\u00f6nnte und weitreichende sowie m\u00f6glicherweise erhebliche Niederschl\u00e4ge mit sich bringen wird. Ab diesem Zeitpunkt werden im ganzen Land herbstliche Temperaturen erwartet und nicht mehr nur in den westlichen Regionen.<\/p>\n\n\n\n<h3 class=\"wp-block-heading\">Sonntag, 13. September: Es k\u00f6nnte weiterhin zu weit verbreiteten Regenf\u00e4llen kommen<\/h3>\n\n\n\n<p class=\"wp-block-paragraph\">Der Sonntag k\u00f6nnte k\u00fchl und nass bleiben, da das Mittelmeer-Tief Ungarn beeinflusst.<\/p>\n\n\n\n<p class=\"wp-block-paragraph\">Aktuellen Prognosen zufolge k\u00f6nnten zwischen <strong>dem 12. und 15. September<\/strong> wiederholte Regenf\u00e4lle landesweit etwa <strong>30 bis 70 Millimeter Niederschlag<\/strong> bringen, wobei im Westen Ungarns h\u00f6here Mengen m\u00f6glich sind.<\/p>\n\n\n\n<p class=\"wp-block-paragraph\">Solche Niederschl\u00e4ge w\u00e4ren nach der anhaltenden Trockenheit der letzten Monate besonders bemerkenswert.<\/p>\n\n\n\n<h3 class=\"wp-block-heading\">Zuerst der Sommer, dann ein echter Vorgeschmack auf den Herbst<\/h3>\n\n\n\n<p class=\"wp-block-paragraph\">Die kommenden Tage k\u00f6nnten daher einen ungew\u00f6hnlich starken Wetterkontrast f\u00fcr Ungarn mit sich bringen: <strong>Temperaturen \u00fcber 30 \u00b0C am Dienstag, das Eintreffen einer Kaltfront ab Mittwoch, H\u00f6chstwerte von m\u00f6glicherweise rund 15 \u00b0C in Teilen des Westens bis Freitag, gefolgt von weitverbreitetem herbstlichem Wetter und erheblichen Niederschl\u00e4gen am Wochenende.<\/strong><\/p>\n\n\n\n<p class=\"wp-block-paragraph\">Meteorologen betonen, dass die Vorhersagen f\u00fcr die zweite H\u00e4lfte der kommenden Woche noch mit erheblicher Unsicherheit behaftet sind, insbesondere hinsichtlich des Zeitpunkts und der St\u00e4rke des erwarteten Mittelmeerzyklons sowie der damit verbundenen Niederschlagsmengen. Dennoch deuten die aktuellen Modelle zunehmend auf eine weitaus einschneidendere Wetter\u00e4nderung hin als die kurze Kaltfront, die diesen Samstag \u00fcber Ungarn hinwegzieht.<\/p>\n\n\n\n<p class=\"wp-block-paragraph\">Weitere Wetternachrichten <a href=\"https:\/\/dailynewshungary.com\/category\/life-in-hungary\/weather\/\">aus Ungarn<\/a>: <\/p>\n\n\n","protected":false},"excerpt":{"rendered":"<p>Das Wetter in Ungarn wird sich innerhalb von etwas mehr als einer Woche mehrmals \u00e4ndern. Eine Kaltfront, die am Samstag das Land durchzieht, wird am Sonntag einen vor\u00fcbergehenden Temperaturr\u00fcckgang mit sich bringen, bevor die Sommerhitze schnell zur\u00fcckkehrt. Ab Mitte n\u00e4chster Woche k\u00f6nnte es jedoch zu einer deutlich st\u00e4rkeren Wetter\u00e4nderung kommen, die erhebliche Niederschl\u00e4ge und schlie\u00dflich [&hellip;]<\/p>\n","protected":false},"author":88,"featured_media":792185,"comment_status":"open","ping_status":"open","sticky":false,"template":"","format":"standard","meta":{"_acf_changed":false,"_display_image":"","footnotes":"","_members_access_role":[],"_members_access_error":""},"categories":[4406],"tags":[4782,1076],"class_list":["post-792184","post","type-post","status-publish","format-standard","has-post-thumbnail","hentry","category-life","tag-kategorie-wetter-2","tag-ungarn"],"blocksy_meta":[],"acf":[],"author_username":"alpar.kato","telegram_post":"","public_post_metadata":{"breaking_news":"yes","important":"no","csempe":"yes","center_tile":"no","disable_thumbnail":"no","target_lang":"","_featured_image_style":"","telegram_post":"","_xlat_group_id":"7a4c4b4f-c498-4050-abe2-50b03244c437"},"public_rank_math_data":{"title":"Wetter in Ungarn: Der Herbst bricht mit einer st\u00fcrmischen Woche an","description":"Der Herbst ist in Ungarn angekommen \u2013 eine Kaltfront, Hitze, Starkregen und ein starker Temperaturr\u00fcckgang stehen bevor.","focus_keyword":"Wetter in Ungarn","canonical_url":"","robots":"","primary_category":"4406","breadcrumb_title":"","facebook_title":"","facebook_description":"","facebook_image":"","facebook_image_id":"","twitter_title":"","twitter_description":"","twitter_image":"","twitter_image_id":"","twitter_card_type":"","twitter_use_facebook":"","advanced_robots":"","pillar_content":"","seo_score":"70","contentai_score":"","rich_snippet":""},"_links":{"self":[{"href":"https:\/\/dailynewshungary.com\/de\/wp-json\/wp\/v2\/posts\/792184","targetHints":{"allow":["GET"]}}],"collection":[{"href":"https:\/\/dailynewshungary.com\/de\/wp-json\/wp\/v2\/posts"}],"about":[{"href":"https:\/\/dailynewshungary.com\/de\/wp-json\/wp\/v2\/types\/post"}],"author":[{"embeddable":true,"href":"https:\/\/dailynewshungary.com\/de\/wp-json\/wp\/v2\/users\/88"}],"replies":[{"embeddable":true,"href":"https:\/\/dailynewshungary.com\/de\/wp-json\/wp\/v2\/comments?post=792184"}],"version-history":[{"count":0,"href":"https:\/\/dailynewshungary.com\/de\/wp-json\/wp\/v2\/posts\/792184\/revisions"}],"wp:featuredmedia":[{"embeddable":true,"href":"https:\/\/dailynewshungary.com\/de\/wp-json\/wp\/v2\/media\/792185"}],"wp:attachment":[{"href":"https:\/\/dailynewshungary.com\/de\/wp-json\/wp\/v2\/media?parent=792184"}],"wp:term":[{"taxonomy":"category","embeddable":true,"href":"https:\/\/dailynewshungary.com\/de\/wp-json\/wp\/v2\/categories?post=792184"},{"taxonomy":"post_tag","embeddable":true,"href":"https:\/\/dailynewshungary.com\/de\/wp-json\/wp\/v2\/tags?post=792184"}],"curies":[{"name":"wp","href":"https:\/\/api.w.org\/{rel}","templated":true}]}}