{"id":792190,"date":"2026-09-05T19:30:00","date_gmt":"2026-09-05T17:30:00","guid":{"rendered":"https:\/\/dailynewshungary.com\/de\/das-hungary-weekly-briefing-ist-erschienen-konflikt-um-migration-veto-gegen-die-ukraine-und-eine-wachsende-haushaltslucke\/"},"modified":"2026-09-05T19:30:00","modified_gmt":"2026-09-05T17:30:00","slug":"das-hungary-weekly-briefing-ist-erschienen-konflikt-um-migration-veto-gegen-die-ukraine-und-eine-wachsende-haushaltslucke","status":"publish","type":"post","link":"https:\/\/dailynewshungary.com\/de\/das-hungary-weekly-briefing-ist-erschienen-konflikt-um-migration-veto-gegen-die-ukraine-und-eine-wachsende-haushaltslucke\/","title":{"rendered":"Das \u201eHungary Weekly Briefing\u201c ist erschienen: Konflikt um Migration, Veto gegen die Ukraine und eine wachsende Haushaltsl\u00fccke"},"content":{"rendered":"\n<p class=\"wp-block-paragraph\"><strong>Die politische Landschaft Ungarns blieb diese Woche \u00e4u\u00dferst lebhaft: Das Thema Migration r\u00fcckte erneut in den Mittelpunkt der innenpolitischen und europ\u00e4ischen Debatte, w\u00e4hrend die Regierung weiterhin ihre Position zur Ukraine, zu den EU-Beziehungen sowie zu den ersten gro\u00dfen Herausforderungen f\u00fcr die politische Ordnung nach den Wahlen definierte.<\/strong><\/p>\n\n\n\n<p class=\"wp-block-paragraph\">In <strong>der Politik<\/strong> drehten sich die zentralen Fragen um den anhaltenden Migrationsnotstand in Ungarn, den Versuch der Regierung, die EU-Geldstrafe in H\u00f6he von 1 Million Euro pro Tag zu regeln, sowie die Entscheidung Budapests, Teile des Beitrittsprozesses der Ukraine aufgrund von Bedenken hinsichtlich der Minderheitenrechte weiterhin zu blockieren. Im Inland zeigten sich neben neuen Umfrageergebnissen erste Anzeichen von Druck auf die neue Regierung, w\u00e4hrend Fidesz und Mi Haz\u00e1nk beginnen, sich mit den strategischen Realit\u00e4ten der Oppositionsarbeit auseinanderzusetzen.<\/p>\n\n\n\n<p class=\"wp-block-paragraph\">Das <strong>Wirtschafts- und Unternehmensbild<\/strong> wurde von einem wachsenden Haushaltsdefizit, anhaltendem Druck durch die Lebenshaltungskosten und einer immer l\u00e4nger werdenden Liste innenpolitischer Ver\u00e4nderungen gepr\u00e4gt \u2013 von Renten und Sozialausgaben bis hin zur Regulierung von Airbnb und dem Pfandflaschensystem. In <strong>der Au\u00dfenpolitik<\/strong> nahm Ungarn unterdessen eine entschlossenere Haltung gegen\u00fcber mutma\u00dflichen hybriden Aktivit\u00e4ten Russlands ein, P\u00e9ter Magyar r\u00fcckte n\u00e4her an die Europ\u00e4ische Volkspartei heran, und in Budapest fand eine Reihe intensiver europ\u00e4ischer und bilateraler diplomatischer Treffen statt.<\/p>\n\n\n\n<h2 class=\"wp-block-heading\">Ungarn \u2013 W\u00f6chentlicher \u00dcberblick auf Substack<\/h2>\n\n\n\n<p class=\"wp-block-paragraph\">Hier lesen und abonnieren: <a href=\"https:\/\/hungaryinsider.substack.com\/p\/hungary-weekly-briefing-migration?r=1b06xq&amp;utm_campaign=post-expanded-share&amp;utm_medium=web\" target=\"_blank\" rel=\"noopener\">The Hungary Insider<\/a><\/p>\n\n\n\n<div class=\"substack-post-embed\"><p lang=\"en\">Ungarn \u2013 W\u00f6chentlicher \u00dcberblick: Migrationskrise, Veto der Ukraine und Magyars innenpolitischer Neuanfang \u2013 5. September 2026 von The Hungary Insider<\/p><p><\/p><a href=\"https:\/\/hungaryinsider.substack.com\/p\/hungary-weekly-briefing-migration\" data-post-link target=\"_blank\" rel=\"noopener\">Auf Substack lesen<\/a><\/div><script async src=\"https:\/\/substack.com\/embedjs\/embed.js\" charset=\"utf-8\"><\/script>\n","protected":false},"excerpt":{"rendered":"<p>Die politische Landschaft Ungarns blieb diese Woche \u00e4u\u00dferst lebhaft: Das Thema Migration r\u00fcckte erneut in den Mittelpunkt der innenpolitischen und europ\u00e4ischen Debatte, w\u00e4hrend die Regierung weiterhin ihre Position zur Ukraine, zu den EU-Beziehungen sowie zu den ersten gro\u00dfen Herausforderungen f\u00fcr die politische Ordnung nach den Wahlen definierte. In der Politik drehten sich die zentralen Fragen [&hellip;]<\/p>\n","protected":false},"author":2,"featured_media":792191,"comment_status":"open","ping_status":"open","sticky":false,"template":"","format":"standard","meta":{"_acf_changed":false,"_display_image":"","footnotes":"","_members_access_role":[],"_members_access_error":""},"categories":[4837],"tags":[4967,4725,1076],"class_list":["post-792190","post","type-post","status-publish","format-standard","has-post-thumbnail","hentry","category-flash-2","tag-kategorie-briefing-2","tag-the-hungary-insider","tag-ungarn"],"blocksy_meta":[],"acf":[],"author_username":"alk","telegram_post":"","public_post_metadata":{"breaking_news":"yes","important":"no","csempe":"no","center_tile":"no","disable_thumbnail":"no","target_lang":"","_featured_image_style":"","telegram_post":"","_xlat_group_id":"fee85b5a-855e-42b6-b7b5-b2f1fe7e26e2"},"public_rank_math_data":{"title":"%title% %sep% %sitename%","description":"","focus_keyword":"W\u00f6chentlicher \u00dcberblick \u00fcber Ungarn","canonical_url":"","robots":"","primary_category":"4837","breadcrumb_title":"","facebook_title":"","facebook_description":"","facebook_image":"","facebook_image_id":"","twitter_title":"","twitter_description":"","twitter_image":"","twitter_image_id":"","twitter_card_type":"","twitter_use_facebook":"","advanced_robots":"","pillar_content":"","seo_score":"65","contentai_score":"","rich_snippet":""},"_links":{"self":[{"href":"https:\/\/dailynewshungary.com\/de\/wp-json\/wp\/v2\/posts\/792190","targetHints":{"allow":["GET"]}}],"collection":[{"href":"https:\/\/dailynewshungary.com\/de\/wp-json\/wp\/v2\/posts"}],"about":[{"href":"https:\/\/dailynewshungary.com\/de\/wp-json\/wp\/v2\/types\/post"}],"author":[{"embeddable":true,"href":"https:\/\/dailynewshungary.com\/de\/wp-json\/wp\/v2\/users\/2"}],"replies":[{"embeddable":true,"href":"https:\/\/dailynewshungary.com\/de\/wp-json\/wp\/v2\/comments?post=792190"}],"version-history":[{"count":0,"href":"https:\/\/dailynewshungary.com\/de\/wp-json\/wp\/v2\/posts\/792190\/revisions"}],"wp:featuredmedia":[{"embeddable":true,"href":"https:\/\/dailynewshungary.com\/de\/wp-json\/wp\/v2\/media\/792191"}],"wp:attachment":[{"href":"https:\/\/dailynewshungary.com\/de\/wp-json\/wp\/v2\/media?parent=792190"}],"wp:term":[{"taxonomy":"category","embeddable":true,"href":"https:\/\/dailynewshungary.com\/de\/wp-json\/wp\/v2\/categories?post=792190"},{"taxonomy":"post_tag","embeddable":true,"href":"https:\/\/dailynewshungary.com\/de\/wp-json\/wp\/v2\/tags?post=792190"}],"curies":[{"name":"wp","href":"https:\/\/api.w.org\/{rel}","templated":true}]}}