{"id":792196,"date":"2026-09-06T07:34:00","date_gmt":"2026-09-06T05:34:00","guid":{"rendered":"https:\/\/dailynewshungary.com\/de\/abrechnung-wiederaufbau-oder-ein-comeback-orbans-politisches-vermachtnis-steht-in-budapest-im-mittelpunkt\/"},"modified":"2026-09-06T07:34:00","modified_gmt":"2026-09-06T05:34:00","slug":"abrechnung-wiederaufbau-oder-ein-comeback-orbans-politisches-vermachtnis-steht-in-budapest-im-mittelpunkt","status":"publish","type":"post","link":"https:\/\/dailynewshungary.com\/de\/abrechnung-wiederaufbau-oder-ein-comeback-orbans-politisches-vermachtnis-steht-in-budapest-im-mittelpunkt\/","title":{"rendered":"Abrechnung, Wiederaufbau oder ein Comeback? Orb\u00e1ns politisches Verm\u00e4chtnis steht in Budapest im Mittelpunkt"},"content":{"rendered":"\n<p class=\"wp-block-paragraph\"><strong>Vers\u00f6hnung und Hoffnungen auf eine R\u00fcckkehr an die Macht im Jahr 2030 standen am Samstag vor dem ungarischen Parlament auf derselben B\u00fchne im Mittelpunkt, als Politiker, Journalisten und Aktivisten aus dem ehemaligen Regierungslager dar\u00fcber debattierten, was auf die \u00c4ra Viktor Orb\u00e1n folgen sollte.<\/strong><\/p>\n\n\n\n<p class=\"wp-block-paragraph\">Die Demonstration unter dem Motto <em>\u201eNe f\u00e9ljetek! 2.0<\/em> \u2013 <em>F\u00fcrchtet euch nicht! 2.0\u201c<\/em> fand am 5. September auf dem Kossuth-Platz statt, Monate nachdem Viktor Orb\u00e1n und die Fidesz nach 16 Jahren Regierungszeit die Macht verloren hatten.<\/p>\n\n\n\n<p class=\"wp-block-paragraph\">Die Organisatoren beschrieben die Veranstaltung als parteipolitisch neutrale B\u00fcrgerversammlung und als interaktiven \u201eGemeinschaftsworkshop\u201c. Es handelte sich nicht um eine offizielle Fidesz-Kundgebung, obwohl mehrere Redner enge Verbindungen zur Partei oder zum konservativen Medienumfeld hatten, das Orb\u00e1ns Regierungen unterst\u00fctzt hatte.<\/p>\n\n\n\n<blockquote class=\"wp-block-quote is-layout-flow wp-block-quote-is-layout-flow\">\n<p class=\"wp-block-paragraph\">Die Reden reichten von scharfen Angriffen auf die neue Regierung bis hin zu Aufrufen zur Selbstreflexion, zu einer st\u00e4rkeren zivilgesellschaftlichen Organisation und zu Vorbereitungen auf ein m\u00f6gliches politisches Comeback.<\/p>\n<\/blockquote>\n\n\n\n<h2 class=\"wp-block-heading\">Rache oder Wiederaufbau?<\/h2>\n\n\n\n<p class=\"wp-block-paragraph\">Eine der eindringlichsten Botschaften kam von Gergely Huth, dem ehemaligen Chefredakteur von \u201ePestiSr\u00e1cok\u201c, einem streng Fidesz-nahen ungarischen Nachrichtenmedium.<\/p>\n\n\n\n<blockquote class=\"wp-block-quote is-layout-flow wp-block-quote-is-layout-flow\">\n<p class=\"wp-block-paragraph\">Huth argumentierte, dass die seit dem demokratischen Wandel in Ungarn geschaffene politische Ordnung unter der neuen Regierung demontiert werde. Er warf mehreren hochrangigen Politikern der Partei Tisza vor, einen Teil des Landes einzusch\u00fcchtern und zu verfolgen, und bezeichnete sie als Verr\u00e4ter.<\/p>\n<\/blockquote>\n\n\n\n<p class=\"wp-block-paragraph\">Er sagte zudem voraus, dass die Zeit der \u201eechten Rechenschaftspflicht\u201c kommen werde, und forderte patriotische zivilgesellschaftliche Gruppen auf, sich effektiver zu organisieren. Dabei handelte es sich eher um politische Anschuldigungen als um belegte Erkenntnisse, und bei der Kundgebung wurden keine Beweise f\u00fcr strafbare Handlungen der von ihm namentlich genannten Politiker vorgelegt.<\/p><figure class=\"wp-block-image aligncenter size-full is-resized\"><figcaption class=\"wp-element-caption\">\n<\/figcaption><\/figure>\n\n<figure class=\"wp-block-image aligncenter size-full is-resized\"><figcaption class=\"wp-element-caption\">\n<\/figcaption><img decoding=\"async\" src=\"https:\/\/dailynewshungary.b-cdn.net\/wp-content\/uploads\/2026\/09\/Kossuth-square-rally.webp\" alt=\"Rally Viktor Orban Budapest Fidesz\" class=\"wp-image-706055\" style=\"aspect-ratio:1.4981398654014966;width:618px;height:auto\"\/><figcaption class=\"wp-element-caption\">Teilnehmer der Kundgebung auf dem Kossuth-Platz. Foto: MTI\/Zolt\u00e1n M\u00e1th\u00e9<\/figcaption><\/figure>\n\n\n\n<p class=\"wp-block-paragraph\">R\u00f3bert \u00c1brah\u00e1m, ein konservativer Kommentator und YouTuber, schlug ein deutlich anderes Vorgehen vor.<\/p>\n\n\n\n<p class=\"wp-block-paragraph\">Zwar zeichnete auch er ein \u00e4u\u00dferst kritisches Bild des Landes unter der Tisza-Regierung, doch \u00c1brah\u00e1m argumentierte, dass Rache nicht im Vordergrund stehen sollte. Stattdessen forderte er den Wiederaufbau der Gemeinschaft und die \u201eR\u00fcckgewinnung der jungen Menschen\u201c und erkl\u00e4rte, dass interne Spaltungen unter den Konservativen diese geschw\u00e4cht h\u00e4tten.<\/p>\n\n\n\n<p class=\"wp-block-paragraph\">Seine \u00c4u\u00dferungen brachten eine der zentralen Fragen zur Sprache, die \u00fcber der Versammlung schwebten: Sollte sich das ehemalige Regierungslager auf Vergeltungsma\u00dfnahmen gegen seine politischen Gegner konzentrieren oder vielmehr \u00fcberdenken, wie es nach dem Machtverlust mit den W\u00e4hlern kommuniziert?<\/p>\n\n\n\n<p class=\"has-pale-ocean-gradient-background has-background wp-block-paragraph\">Weitere Informationen zum aktuellen Kr\u00e4fteverh\u00e4ltnis zwischen <strong>Tisza und Fidesz<\/strong>: <a href=\"https:\/\/dailynewshungary.com\/de\/vorsprung-der-tisza-partei-schrumpft-wahrend-fidesz-in-neuer-umfrage-boden-gutmacht-auch-magyars-beliebtheitswerte-sinken\/\/\">Tiszas Vorsprung schrumpft, w\u00e4hrend Fidesz in neuer Umfrage an Boden gewinnt \u2013 auch Magyars Umfragewerte rutschen ab<\/a><\/p>\n\n\n\n<h2 class=\"wp-block-heading\">Wo ist Viktor Orb\u00e1n?<\/h2>\n\n\n\n<p class=\"wp-block-paragraph\">Seit dem Machtverlust von Fidesz h\u00e4lt sich der ehemalige Ministerpr\u00e4sident in der \u00d6ffentlichkeit bemerkenswert zur\u00fcck. Nachdem er J\u00e1nos B\u00f3ka als Nachfolger an der Spitze der Fidesz-Fraktion unterst\u00fctzt hatte, zog sich Orb\u00e1n weiter aus dem t\u00e4glichen parlamentarischen Geschehen der Partei zur\u00fcck.<\/p>\n\n\n\n<p class=\"wp-block-paragraph\">Zum Zeitpunkt der Abfassung dieses Artikels stammt sein letzter <a href=\"https:\/\/www.facebook.com\/photo\/?fbid=1631932344971024&amp;set=a.347694613394810\" target=\"_blank\" rel=\"noopener\">Facebook-Beitrag<\/a> vom 20. August, in dem er sich bei J\u00e1nos L\u00e1z\u00e1r f\u00fcr dessen langj\u00e4hrige Arbeit im Parlament und in der Regierung bedankte und hinzuf\u00fcgte, dass er weiterhin auf dessen \u201eErfahrung, Engagement und Kameradschaft\u201c z\u00e4hlen werde.<\/p>\n\n\n\n<p class=\"wp-block-paragraph\">Abgesehen von solchen kurzen \u00c4u\u00dferungen hat Viktor Orb\u00e1n kaum Hinweise darauf gegeben, was er als N\u00e4chstes vorhat \u2013 oder inwieweit er sich direkt an den Bem\u00fchungen der Fidesz um einen Wiederaufbau nach der Niederlage beteiligen will.<\/p>\n\n\n\n<h2 class=\"wp-block-heading\">Ambitionen f\u00fcr 2030, doch kaum Anzeichen f\u00fcr neuen Schwung<\/h2>\n\n\n\n<p class=\"wp-block-paragraph\">Bei der Veranstaltung konzentrierten sich nicht alle Redner auf den aktuellen Konflikt. D\u00e1niel Kurucz, Gr\u00fcnder von K\u00f6zT\u00e9r, richtete seinen Blick bereits auf die n\u00e4chsten Parlamentswahlen.<\/p>\n\n\n\n<blockquote class=\"wp-block-quote is-layout-flow wp-block-quote-is-layout-flow\">\n<p class=\"wp-block-paragraph\">Er erkl\u00e4rte, die Konservativen sollten darauf hinarbeiten, Tisza im Jahr 2030 mit einer Zweidrittelmehrheit zu besiegen, und forderte, mit der Ausarbeitung eines neuen Wahlprogramms zu beginnen.<\/p>\n<\/blockquote>\n\n\n\n<p class=\"wp-block-paragraph\">Die Zivilgesellschaft, so argumentierte er, solle nicht nur bei der Unterst\u00fctzung der Politik, sondern auch bei deren Kontrolle eine st\u00e4rkere Rolle spielen.<\/p>\n\n\n\n<p class=\"wp-block-paragraph\">Andere Redner legten den Schwerpunkt eher auf Selbstreflexion und Wiederaufbau. Der Fidesz-Kommunalpolitiker L\u00e1szl\u00f3 Szab\u00f3 erkl\u00e4rte, die politische Ausrichtung, die ihm einst als Leitfaden gedient habe, sei allm\u00e4hlich verblasst, w\u00e4hrend die Dokumentarfilmerin Fruzsina Skrabski argumentierte, dass eine Zusammenarbeit bei gesellschaftlichen Anliegen unabh\u00e4ngig von der Parteizugeh\u00f6rigkeit m\u00f6glich sein sollte.<\/p>\n\n\n\n<p class=\"wp-block-paragraph\">Das Ausma\u00df der Versammlung stand jedoch in scharfem Kontrast zu einigen der von der B\u00fchne aus ge\u00e4u\u00dferten Ambitionen. Die Besucherzahl blieb weit hinter dem online gezeigten Interesse zur\u00fcck, und sogar ein Redner r\u00e4umte das Problem ein, indem er der Menge mitteilte, dass eigentlich zehnmal so viele Menschen h\u00e4tten anwesend sein sollen. Vorerst wirkte die Kundgebung weniger wie der Startschuss f\u00fcr eine neue politische Bewegung als vielmehr wie der Versuch, Teile des ehemaligen regierungsnahen Milieus zu organisieren und eine Richtung zu finden.<\/p>\n\n\n\n<p class=\"has-pale-ocean-gradient-background has-background wp-block-paragraph\"><strong>Falls Sie es verpasst haben:<\/strong> <a href=\"https:\/\/dailynewshungary.com\/de\/die-kraftstoffpreise-in-ungarn-stehen-vor-ihrer-ersten-grosen-bewahrungsprobe-da-die-olpreise-steigen-und-die-regierung-eine-kostspielige-preisobergrenze-ausschliest\/\/\">Die Kraftstoffpreise in Ungarn stehen vor ihrer ersten gro\u00dfen Bew\u00e4hrungsprobe, da der \u00d6lpreis steigt und die Regierung eine kostspielige Preisobergrenze ausschlie\u00dft<\/a><\/p>\n\n\n\n<p class=\"wp-block-paragraph\">Titelbild: Screenshot aus <a href=\"https:\/\/www.youtube.com\/live\/jPmNSnE7JMI\" target=\"_blank\" rel=\"noopener\">dem YouTube-Livestream<\/a> von K\u00f6zT\u00e9r zur Kundgebung <em>\u201eNe f\u00e9ljetek! 2.0\u201c<\/em> <\/p>\n","protected":false},"excerpt":{"rendered":"<p>Vers\u00f6hnung und Hoffnungen auf eine R\u00fcckkehr an die Macht im Jahr 2030 standen am Samstag vor dem ungarischen Parlament auf derselben B\u00fchne im Mittelpunkt, als Politiker, Journalisten und Aktivisten aus dem ehemaligen Regierungslager dar\u00fcber debattierten, was auf die \u00c4ra Viktor Orb\u00e1n folgen sollte. Die Demonstration unter dem Motto \u201eNe f\u00e9ljetek! 2.0 \u2013 F\u00fcrchtet euch nicht! [&hellip;]<\/p>\n","protected":false},"author":91,"featured_media":792197,"comment_status":"open","ping_status":"open","sticky":false,"template":"","format":"standard","meta":{"_acf_changed":false,"_display_image":"","footnotes":"","_members_access_role":[],"_members_access_error":""},"categories":[4396],"tags":[1111,1091,4762,4737,4674,1102,1076,1128],"class_list":["post-792196","post","type-post","status-publish","format-standard","has-post-thumbnail","hentry","category-ungarisch","tag-budapest","tag-fidesz","tag-kategorie-alltag-2","tag-kategorie-politik-2","tag-tisza-partei","tag-ungarische-regierung","tag-ungarn","tag-viktor-orban"],"blocksy_meta":[],"acf":[],"author_username":"api","telegram_post":"","public_post_metadata":{"breaking_news":"yes","important":"no","csempe":"yes","center_tile":"no","disable_thumbnail":"no","target_lang":"","_featured_image_style":"","telegram_post":"","_xlat_group_id":"53e0a66f-6a3e-48fd-8873-226a444765bf"},"public_rank_math_data":{"title":"%title% %sep% %sitename%","description":"","focus_keyword":"Orb\u00e1n","canonical_url":"","robots":"","primary_category":"4396","breadcrumb_title":"","facebook_title":"","facebook_description":"","facebook_image":"","facebook_image_id":"","twitter_title":"","twitter_description":"","twitter_image":"","twitter_image_id":"","twitter_card_type":"","twitter_use_facebook":"","advanced_robots":"","pillar_content":"","seo_score":"80","contentai_score":"","rich_snippet":""},"_links":{"self":[{"href":"https:\/\/dailynewshungary.com\/de\/wp-json\/wp\/v2\/posts\/792196","targetHints":{"allow":["GET"]}}],"collection":[{"href":"https:\/\/dailynewshungary.com\/de\/wp-json\/wp\/v2\/posts"}],"about":[{"href":"https:\/\/dailynewshungary.com\/de\/wp-json\/wp\/v2\/types\/post"}],"author":[{"embeddable":true,"href":"https:\/\/dailynewshungary.com\/de\/wp-json\/wp\/v2\/users\/91"}],"replies":[{"embeddable":true,"href":"https:\/\/dailynewshungary.com\/de\/wp-json\/wp\/v2\/comments?post=792196"}],"version-history":[{"count":0,"href":"https:\/\/dailynewshungary.com\/de\/wp-json\/wp\/v2\/posts\/792196\/revisions"}],"wp:featuredmedia":[{"embeddable":true,"href":"https:\/\/dailynewshungary.com\/de\/wp-json\/wp\/v2\/media\/792197"}],"wp:attachment":[{"href":"https:\/\/dailynewshungary.com\/de\/wp-json\/wp\/v2\/media?parent=792196"}],"wp:term":[{"taxonomy":"category","embeddable":true,"href":"https:\/\/dailynewshungary.com\/de\/wp-json\/wp\/v2\/categories?post=792196"},{"taxonomy":"post_tag","embeddable":true,"href":"https:\/\/dailynewshungary.com\/de\/wp-json\/wp\/v2\/tags?post=792196"}],"curies":[{"name":"wp","href":"https:\/\/api.w.org\/{rel}","templated":true}]}}