{"id":792204,"date":"2026-09-06T12:54:00","date_gmt":"2026-09-06T10:54:00","guid":{"rendered":"https:\/\/dailynewshungary.com\/de\/leiche-des-vermissten-21-jahrigen-ozora-festival-mitarbeiters-in-der-nahe-des-festivalgelandes-gefunden\/"},"modified":"2026-09-06T12:54:00","modified_gmt":"2026-09-06T10:54:00","slug":"leiche-des-vermissten-21-jahrigen-ozora-festival-mitarbeiters-in-der-nahe-des-festivalgelandes-gefunden","status":"publish","type":"post","link":"https:\/\/dailynewshungary.com\/de\/leiche-des-vermissten-21-jahrigen-ozora-festival-mitarbeiters-in-der-nahe-des-festivalgelandes-gefunden\/","title":{"rendered":"Leiche des vermissten 21-j\u00e4hrigen Ozora-Festival-Mitarbeiters in der N\u00e4he des Festivalgel\u00e4ndes gefunden"},"content":{"rendered":"\n<p class=\"wp-block-paragraph\"><strong>Mehr als einen Monat nach seinem Verschwinden wurde der 21-j\u00e4hrige OZORA-Festival-Mitarbeiter Bence Szolnoki in der N\u00e4he des Festivalgel\u00e4ndes tot aufgefunden.<\/strong><\/p>\n\n\n\n<p class=\"wp-block-paragraph\">Nach Angaben der Festivalleitung hat die Polizeidirektion des Landkreises Fej\u00e9r offiziell best\u00e4tigt, dass Szolnokis Leiche am Freitag au\u00dferhalb des Festivalgel\u00e4ndes gefunden wurde. Szolnoki war Mitglied des Ozora-Crews vor Ort und hatte vor seinem Verschwinden an den Vorbereitungen f\u00fcr das Festival mitgewirkt.<\/p>\n\n\n\n<blockquote class=\"wp-block-quote is-layout-flow wp-block-quote-is-layout-flow\">\n<p class=\"wp-block-paragraph\">\u201eMit gro\u00dfer Trauer teilen wir der O.Z.O.R.A.-Gemeinschaft mit, dass die Leiche von Bence Szolnoki am Freitag in einem Maisfeld in der N\u00e4he des Festivalgel\u00e4ndes gefunden wurde\u201c, teilten die Veranstalter auf ihrer <a href=\"https:\/\/www.facebook.com\/photo\/?fbid=1657126669317028&amp;set=a.645816033781435\" target=\"_blank\" rel=\"noopener\">offiziellen Facebook-Seite<\/a> mit <a href=\"https:\/\/www.facebook.com\/photo\/?fbid=1657126669317028&amp;set=a.645816033781435\" target=\"_blank\" rel=\"noopener\">.<\/a><\/p>\n<\/blockquote>\n\n\n\n<p class=\"wp-block-paragraph\">Das Festival beschrieb Szolnoki sowohl als Kollegen als auch als Mitglied seiner Gemeinschaft und wies darauf hin, dass die Crewmitglieder w\u00e4hrend der monatelangen Vorbereitungszeit gemeinsam leben und arbeiten.<\/p>\n\n\n\n<blockquote class=\"wp-block-quote is-layout-flow wp-block-quote-is-layout-flow\">\n<p class=\"wp-block-paragraph\">\u201eWir haben einen Kollegen und ein Mitglied unserer Gemeinschaft verloren\u201c, erkl\u00e4rten die Veranstalter und sprachen seiner Familie und seinen Angeh\u00f6rigen ihr Beileid aus.<\/p>\n<\/blockquote>\n\n\n\n<h2 class=\"wp-block-heading\">Seit Ende Juli vermisst<\/h2>\n\n\n\n<p class=\"wp-block-paragraph\">Die ungarische Polizei hatte seit Anfang August nach Szolnoki gefahndet. Laut einer fr\u00fcheren polizeilichen <a href=\"https:\/\/www.police.hu\/hu\/hirek-es-informaciok\/legfrissebb-hireink\/felhivasok\/keressuk-szolnoki-bence-donatot\" target=\"_blank\" rel=\"noopener\">Meldung<\/a> war der 21-J\u00e4hrige aus Tahit\u00f3tfalu am 24. Juli aus beruflichen Gr\u00fcnden zu einem Festival im Komitat Tolna gereist und wurde zuletzt am 26. Juli von einem Familienmitglied kontaktiert. Anderen Berichten zufolge, die sich auf Angaben seiner Angeh\u00f6rigen st\u00fctzen, wurde er zuletzt Ende Juli auf dem O.Z.O.R.A.-Festival gesehen.<\/p>\n\n\n\n<p class=\"wp-block-paragraph\">Sein Verschwinden l\u00f6ste eine gro\u00dfangelegte Suchaktion aus, an der Polizei, Freiwillige und zivile Suchteams beteiligt waren; Teile des Gel\u00e4ndes rund um das Festival wurden in den folgenden Wochen wiederholt abgesucht. Die Veranstalter sprachen Szolnokis Familie und Angeh\u00f6rigen ihr Beileid aus und erkl\u00e4rten, sein Tod sei aufgrund seiner engen Verbindung zum Festivalteam besonders schmerzlich.<\/p>\n\n\n\n<blockquote class=\"wp-block-quote is-layout-flow wp-block-quote-is-layout-flow\">\n<p class=\"wp-block-paragraph\">Bislang wurden noch keine offiziellen Informationen \u00fcber die Todesursache oder die Umst\u00e4nde seines Todes ver\u00f6ffentlicht; die Entdeckung wurde am Sonntag erstmals vom Festival \u00f6ffentlich bekannt gegeben.<\/p>\n<\/blockquote>\n\n\n\n<p class=\"has-pale-ocean-gradient-background has-background wp-block-paragraph\"><strong>Falls Sie es verpasst haben: <\/strong><a href=\"https:\/\/dailynewshungary.com\/de\/ungarische-polizei-beschlagnahmt-tausende-von-dokumenten-im-rahmen-von-ermittlungen-zu-geschaften-der-staatlichen-eximbank\/\/\">Ungarische Polizei beschlagnahmt Tausende von Dokumenten im Rahmen der Ermittlungen zu Gesch\u00e4ften der staatlichen Eximbank<\/a><\/p>\n\n\n\n<h2 class=\"wp-block-heading\">Dritter Todesfall im Zusammenhang mit dem diesj\u00e4hrigen Ozora-Festival<\/h2>\n\n\n\n<p class=\"wp-block-paragraph\">Der Tod von Szolnoki ist der dritte Todesfall im Zusammenhang mit dem diesj\u00e4hrigen O.Z.O.R.A.-Festival, obwohl die Umst\u00e4nde der drei F\u00e4lle unterschiedlich sind und kein Zusammenhang zwischen ihnen bekannt ist.<\/p>\n\n\n\n<p class=\"wp-block-paragraph\">Anfang August starb ein 45-j\u00e4hriger US-Amerikaner, nachdem er auf dekorative Konstruktionen in der N\u00e4he der Hauptb\u00fchne geklettert war und gest\u00fcrzt war. Die Polizei schloss eine Beteiligung Dritter aus.<\/p>\n\n\n\n<p class=\"wp-block-paragraph\">Eine 39-j\u00e4hrige Frau starb ebenfalls w\u00e4hrend des Festivals an einem pl\u00f6tzlichen Herzstillstand. Rettungskr\u00e4fte versuchten, sie wiederzubeleben, konnten ihr Leben jedoch nicht retten. Nach diesen beiden Todesf\u00e4llen verk\u00fcrzten die Veranstalter das Musikprogramm des Festivals am Sonntag.<\/p>\n\n\n\n<p class=\"has-pale-ocean-gradient-background has-background wp-block-paragraph\"><a href=\"https:\/\/dailynewshungary.com\/american-man-dies-ozora-festival-hungary\/?utm_source=chatgpt.com\"><strong>Trag\u00f6die: Zwei Festivalbesucher sterben beim Ozora-Festival in Ungarn<\/strong><\/a><\/p>\n\n\n\n<p class=\"wp-block-paragraph\">Titelbild: <a href=\"https:\/\/www.facebook.com\/photo.php?fbid=1622010559495306&amp;set=pb.100050591314749.-2207520000&amp;type=3&amp;locale=hu_HU\" target=\"_blank\" rel=\"noopener\">Foto: Offizieller Account des Ozora-Festivals \/ Facebook<\/a><\/p>\n","protected":false},"excerpt":{"rendered":"<p>Mehr als einen Monat nach seinem Verschwinden wurde der 21-j\u00e4hrige OZORA-Festival-Mitarbeiter Bence Szolnoki in der N\u00e4he des Festivalgel\u00e4ndes tot aufgefunden. Nach Angaben der Festivalleitung hat die Polizeidirektion des Landkreises Fej\u00e9r offiziell best\u00e4tigt, dass Szolnokis Leiche am Freitag au\u00dferhalb des Festivalgel\u00e4ndes gefunden wurde. Szolnoki war Mitglied des Ozora-Crews vor Ort und hatte vor seinem Verschwinden an [&hellip;]<\/p>\n","protected":false},"author":91,"featured_media":792205,"comment_status":"open","ping_status":"open","sticky":false,"template":"","format":"standard","meta":{"_acf_changed":false,"_display_image":"","footnotes":"","_members_access_role":[],"_members_access_error":""},"categories":[4406],"tags":[4957,1263,1163,1076],"class_list":["post-792204","post","type-post","status-publish","format-standard","has-post-thumbnail","hentry","category-life","tag-kategorie-unfall","tag-musik","tag-ungarische-polizei","tag-ungarn"],"blocksy_meta":[],"acf":[],"author_username":"api","telegram_post":"","public_post_metadata":{"breaking_news":"yes","important":"no","csempe":"yes","center_tile":"no","disable_thumbnail":"no","target_lang":"","_featured_image_style":"","telegram_post":"","_xlat_group_id":"d9cbd29b-a59d-4beb-8125-adadbd0e6504"},"public_rank_math_data":{"title":"%title% %sep% %sitename%","description":"","focus_keyword":"Ozora","canonical_url":"","robots":"","primary_category":"4406","breadcrumb_title":"","facebook_title":"","facebook_description":"","facebook_image":"","facebook_image_id":"","twitter_title":"","twitter_description":"","twitter_image":"","twitter_image_id":"","twitter_card_type":"","twitter_use_facebook":"","advanced_robots":"","pillar_content":"","seo_score":"78","contentai_score":"","rich_snippet":""},"_links":{"self":[{"href":"https:\/\/dailynewshungary.com\/de\/wp-json\/wp\/v2\/posts\/792204","targetHints":{"allow":["GET"]}}],"collection":[{"href":"https:\/\/dailynewshungary.com\/de\/wp-json\/wp\/v2\/posts"}],"about":[{"href":"https:\/\/dailynewshungary.com\/de\/wp-json\/wp\/v2\/types\/post"}],"author":[{"embeddable":true,"href":"https:\/\/dailynewshungary.com\/de\/wp-json\/wp\/v2\/users\/91"}],"replies":[{"embeddable":true,"href":"https:\/\/dailynewshungary.com\/de\/wp-json\/wp\/v2\/comments?post=792204"}],"version-history":[{"count":0,"href":"https:\/\/dailynewshungary.com\/de\/wp-json\/wp\/v2\/posts\/792204\/revisions"}],"wp:featuredmedia":[{"embeddable":true,"href":"https:\/\/dailynewshungary.com\/de\/wp-json\/wp\/v2\/media\/792205"}],"wp:attachment":[{"href":"https:\/\/dailynewshungary.com\/de\/wp-json\/wp\/v2\/media?parent=792204"}],"wp:term":[{"taxonomy":"category","embeddable":true,"href":"https:\/\/dailynewshungary.com\/de\/wp-json\/wp\/v2\/categories?post=792204"},{"taxonomy":"post_tag","embeddable":true,"href":"https:\/\/dailynewshungary.com\/de\/wp-json\/wp\/v2\/tags?post=792204"}],"curies":[{"name":"wp","href":"https:\/\/api.w.org\/{rel}","templated":true}]}}