{"id":792208,"date":"2026-09-06T15:34:07","date_gmt":"2026-09-06T13:34:07","guid":{"rendered":"https:\/\/dailynewshungary.com\/de\/das-koreanische-filmfestival-kehrt-mit-24-filmen-damonenjagern-und-einer-zombie-komodie-nach-budapest-zuruck\/"},"modified":"2026-09-06T15:34:07","modified_gmt":"2026-09-06T13:34:07","slug":"das-koreanische-filmfestival-kehrt-mit-24-filmen-damonenjagern-und-einer-zombie-komodie-nach-budapest-zuruck","status":"publish","type":"post","link":"https:\/\/dailynewshungary.com\/de\/das-koreanische-filmfestival-kehrt-mit-24-filmen-damonenjagern-und-einer-zombie-komodie-nach-budapest-zuruck\/","title":{"rendered":"Das Koreanische Filmfestival kehrt mit 24 Filmen, D\u00e4monenj\u00e4gern und einer Zombie-Kom\u00f6die nach Budapest zur\u00fcck"},"content":{"rendered":"\n<p class=\"wp-block-paragraph\"><strong>Das koreanische Kino kehrt diesen September mit 24 Spielfilmen, drei Gastregisseuren und einem Programm, das von historischen Dramen \u00fcber okkulte Action bis hin zu Zombie-Kom\u00f6dien reicht, nach Budapest zur\u00fcck.<\/strong><\/p>\n\n\n\n<p class=\"wp-block-paragraph\">Das 19. <a href=\"https:\/\/www.facebook.com\/events\/1761316554876921\" target=\"_blank\" rel=\"noopener\">Koreanische Filmfestival<\/a> findet vom 25. September bis zum 2. Oktober im Budapester Corvin-Kino statt und bietet dem Publikum einen umfassenderen Einblick in das s\u00fcdkoreanische Filmschaffen, der \u00fcber globale Hits wie <em>\u201eParasite\u201c<\/em> und <em>\u201eSquid Game\u201c<\/em> hinausgeht.<\/p>\n\n\n\n<p class=\"wp-block-paragraph\">Das vom Koreanischen Kulturzentrum organisierte Festival ist in diesem Jahr in vier Sektionen unterteilt \u2013 \u201eFresh\u201c, \u201eFaces\u201c, \u201eFocus\u201c und \u201eExtra\u201c \u2013 und bietet zudem Gespr\u00e4che mit drei koreanischen Regisseuren im Anschluss an die Vorf\u00fchrungen.<\/p>\n\n\n\n<h2 class=\"wp-block-heading\">Vom Kindk\u00f6nig bis zu den D\u00e4monenj\u00e4gern<\/h2>\n\n\n\n<p class=\"wp-block-paragraph\">Das Festival wird mit Chang Hang-juns historischem Drama<em> \u201eThe King\u2019s Warden\u201c<\/em> er\u00f6ffnet, das im Joseon des 15. Jahrhunderts spielt. Die Geschichte handelt vom Anf\u00fchrer eines verarmten Bergdorfes, dem unerwartet Yi Hong-wi anvertraut wird, ein junger K\u00f6nig, der vom Thron vertrieben wurde.<\/p>\n\n\n\n<blockquote class=\"wp-block-quote is-layout-flow wp-block-quote-is-layout-flow\">\n<p class=\"wp-block-paragraph\">Ansonsten wechselt das Programm rasant zwischen den Genres hin und her. In <em>\u201eHeartman: Rock and Love\u201c<\/em> trifft ein ehemaliger Musiker auf seine erste Liebe, w\u00e4hrend <em>\u201eThe Ugly\u201c<\/em> mit der Entdeckung menschlicher \u00dcberreste beginnt, die nach vier Jahrzehnten gefunden wurden.<\/p>\n<\/blockquote>\n\n\n\n<p class=\"wp-block-paragraph\">Am spektakul\u00e4reren Ende des Spektrums steht <em>\u201eHoly Night: Demon Hunters\u201c<\/em>, in dem drei Menschen mit \u00fcbernat\u00fcrlichen F\u00e4higkeiten versuchen, Seoul vor einer teufelsanbetenden kriminellen Organisation zu retten.<\/p><figure class=\"wp-block-image aligncenter size-full is-resized\"><figcaption class=\"wp-element-caption\">\n<\/figcaption><\/figure>\n\n<figure class=\"wp-block-image aligncenter size-full is-resized\"><figcaption class=\"wp-element-caption\">\n<\/figcaption><img decoding=\"async\" src=\"https:\/\/dailynewshungary.b-cdn.net\/wp-content\/uploads\/2026\/09\/Demon_Hunters_11zon.webp\" alt=\"Korean Film Festival Budapest Corvin Cinema\" class=\"wp-image-706096\" style=\"aspect-ratio:1.5009213244737283;width:481px;height:auto\"\/><\/figure>Eine<figure class=\"wp-block-image aligncenter size-full is-resized\"><figcaption class=\"wp-element-caption\">Szene aus <em>\u201eHoly Night: Demon Hunters\u201c<\/em>, einem der \u00fcbernat\u00fcrlichen Action-Highlights des Festivals. Foto: Koreanisches Kulturzentrum<\/figcaption><\/figure>\n\n\n\n<h2 class=\"wp-block-heading\">Eine 80-t\u00e4gige Reise von Gwangju nach Budapest<\/h2>\n\n\n\n<p class=\"wp-block-paragraph\">Ein Film weist eine ungew\u00f6hnlich direkte Verbindung zu Ungarn auf.<\/p>\n\n\n\n<p class=\"wp-block-paragraph\"><em>\u201e3 Gen. Journey\u201c<\/em> begleitet einen Gro\u00dfvater, einen Vater und zwei Kinder, die in 80 Tagen mit einem Elektroauto von Gwangju nach Budapest reisen. Der Film ist Teil der Festivalauswahl <em>\u201eFocus: On the Road\u201c<\/em>, die sich um Reisen dreht, die nicht immer dort enden, wo ihre Protagonisten es erwarten.<\/p><figure class=\"wp-block-image aligncenter size-full is-resized\"><figcaption class=\"wp-element-caption\">\n<\/figcaption><\/figure>\n\n<figure class=\"wp-block-image aligncenter size-full is-resized\"><figcaption class=\"wp-element-caption\">\n<\/figcaption><img decoding=\"async\" src=\"https:\/\/dailynewshungary.b-cdn.net\/wp-content\/uploads\/2026\/09\/3-generacio-utazasa_-Elektromos-autoval-a-vilag-korul_.webp\" alt=\"Korean Film Festival Budapest Corvin Cinema\" class=\"wp-image-706094\" style=\"aspect-ratio:1.7001897533206831;width:564px;height:auto\"\/><figcaption class=\"wp-element-caption\">In \u201e3 Gen. Journey\u201c begeben sich drei Generationen auf eine 80-t\u00e4gige Reise mit dem Elektroauto von Gwangju nach Budapest. Foto: Koreanisches Kulturzentrum<\/figcaption><\/figure>\n\n\n\n<p class=\"wp-block-paragraph\">Das Budapester Publikum wird zudem die Gelegenheit haben, koreanische Filmemacher pers\u00f6nlich kennenzulernen. Song Jinuk und Jang Kunjae nehmen am 26. September an CineTalk-Veranstaltungen teil, gefolgt von Lee Seonyeon am 27. September. Die Gespr\u00e4che finden auf Ungarisch und Koreanisch statt.<\/p><figure class=\"wp-block-image aligncenter size-full is-resized\"><figcaption class=\"wp-element-caption\">\n<\/figcaption><\/figure>\n\n<figure class=\"wp-block-image aligncenter size-full is-resized\"><figcaption class=\"wp-element-caption\">\n<\/figcaption><img decoding=\"async\" src=\"https:\/\/dailynewshungary.b-cdn.net\/wp-content\/uploads\/2026\/09\/Utazas-Kjongdzsuba.webp\" alt=\"Korean Film Festival Budapest Corvin Cinema\" class=\"wp-image-706093\" style=\"aspect-ratio:1.5007118331798006;width:521px;height:auto\"\/><\/figure>Eine<figure class=\"wp-block-image aligncenter size-full is-resized\"><figcaption class=\"wp-element-caption\">Szene aus <em>\u201eJourney to Gyeongju<\/em>\u201c, Teil der Festivalauswahl \u201eOn the Road\u201c. Foto: Koreanisches Kulturzentrum<\/figcaption><\/figure>\n\n\n\n<h2 class=\"wp-block-heading\">Das koreanische Independent-Kino steht im Rampenlicht<\/h2>\n\n\n\n<p class=\"wp-block-paragraph\">In der Sektion \u201eExtra\u201c des Festivals werden f\u00fcnf Filme pr\u00e4sentiert, die gemeinsam mit dem offiziellen Partner, dem Jeonju International Film Festival, ausgew\u00e4hlt wurden.<\/p>\n\n\n\n<blockquote class=\"wp-block-quote is-layout-flow wp-block-quote-is-layout-flow\">\n<p class=\"wp-block-paragraph\">Das Programm befasst sich mit Beziehungen, finanzieller Unsicherheit, famili\u00e4ren Bindungen und historischem Trauma. Zu den ungew\u00f6hnlicheren Titeln z\u00e4hlt der Dokumentarfilm <em>\u201eHoroomon\u201c<\/em>, der anhand der Geschichte eines beliebten japanischen Gerichts die Identit\u00e4t und Ausgrenzung der koreanischen Minderheit in Japan thematisiert.<\/p>\n<\/blockquote>\n\n\n\n<h2 class=\"wp-block-heading\">Und schlie\u00dflich: eine Zombie-Tochter<\/h2>\n\n\n\n<p class=\"wp-block-paragraph\">Das Festival endet am 2. Oktober mit der Kom\u00f6die \u201eMeine Tochter ist ein Zombie\u201c. Der Film, der auf einem beliebten Webtoon basiert, handelt von einem Vater, der sich weigert, seine Tochter im Stich zu lassen, nachdem sie sich in einen Zombie verwandelt hat. Er versteckt sie auf dem Land bei ihrer Gro\u00dfmutter und versucht, ihr beizubringen, sich wieder wie ein Mensch zu verhalten.<\/p><figure class=\"wp-block-image aligncenter size-large is-resized\"><figcaption class=\"wp-element-caption\">\n<\/figcaption><\/figure>\n\n<figure class=\"wp-block-image aligncenter size-large is-resized\"><figcaption class=\"wp-element-caption\">\n<\/figcaption><img decoding=\"async\" src=\"https:\/\/dailynewshungary.b-cdn.net\/wp-content\/uploads\/2026\/09\/Lanyom-a-zombi-1280x853.webp\" alt=\"Korean Film Festival Budapest Corvin Cinema\" class=\"wp-image-706097\" style=\"aspect-ratio:1.5006280530355898;width:524px;height:auto\"\/><\/figure>Eine<figure class=\"wp-block-image aligncenter size-large is-resized\"><figcaption class=\"wp-element-caption\">Szene aus \u201eMy Daughter is a Zombie\u201c, dem Abschlussfilm des 19. Koreanischen Filmfestivals in Budapest. Foto: Koreanisches Kulturzentrum<\/figcaption><\/figure>\n\n\n\n<p class=\"wp-block-paragraph\">Trotz der \u00fcbernat\u00fcrlichen Pr\u00e4misse dreht sich der Film letztendlich um die Beziehung zwischen Vater und Tochter.<\/p>\n\n\n\n<p class=\"wp-block-paragraph\">Das Festival findet vom 25. September bis zum 2. Oktober 2026 im Corvin-Kino in Budapest statt.<\/p>\n\n\n\n<ul class=\"wp-block-list\">\n<li>Veranstaltungsort: Corvin-Kino, 1082 Budapest, Corvin k\u00f6z 1.<\/li>\n\n\n\n<li>Eintrittskarten: ab dem 10. September erh\u00e4ltlich, sowohl online \u00fcber das Corvin Cinema als auch an der Kinokasse<\/li>\n\n\n\n<li>Programm und weitere Informationen: koreaifilmfesztival.hu<\/li>\n\n\n\n<li>Facebook-Veranstaltung: auf der <a href=\"https:\/\/www.facebook.com\/events\/1761316554876921\" target=\"_blank\" rel=\"noopener\"><strong>offiziellen Veranstaltungsseite<\/strong><\/a> des Festivals verf\u00fcgbar<\/li>\n<\/ul>\n\n\n\n<p class=\"has-pale-ocean-gradient-background has-background wp-block-paragraph\"><strong>Weiterlesen:<\/strong> <a href=\"https:\/\/dailynewshungary.com\/de\/top-10-hollywood-filmikonen-mit-ungarischen-wurzeln\/\/\">Die 10 gr\u00f6\u00dften Hollywood-Filmikonen mit ungarischen Wurzeln<\/a><\/p>\n","protected":false},"excerpt":{"rendered":"<p>Das koreanische Kino kehrt diesen September mit 24 Spielfilmen, drei Gastregisseuren und einem Programm, das von historischen Dramen \u00fcber okkulte Action bis hin zu Zombie-Kom\u00f6dien reicht, nach Budapest zur\u00fcck. Das 19. Koreanische Filmfestival findet vom 25. September bis zum 2. Oktober im Budapester Corvin-Kino statt und bietet dem Publikum einen umfassenderen Einblick in das s\u00fcdkoreanische [&hellip;]<\/p>\n","protected":false},"author":91,"featured_media":792209,"comment_status":"open","ping_status":"open","sticky":false,"template":"","format":"standard","meta":{"_acf_changed":false,"_display_image":"","footnotes":"","_members_access_role":[],"_members_access_error":""},"categories":[4625],"tags":[1111,1620,4458,4450,4932,4581,1314],"class_list":["post-792208","post","type-post","status-publish","format-standard","has-post-thumbnail","hentry","category-film","tag-budapest","tag-film","tag-kategorie-alltag","tag-kategorie-budapest","tag-kategorie-kultur-2","tag-kategorie-veranstaltungen-in-ungarn","tag-kunst"],"blocksy_meta":[],"acf":[],"author_username":"api","telegram_post":"","public_post_metadata":{"breaking_news":"yes","important":"no","csempe":"yes","center_tile":"no","disable_thumbnail":"no","target_lang":"","_featured_image_style":"","telegram_post":"","_xlat_group_id":"0c5ebb14-bd91-4208-b5a1-0e4b6523fb2b"},"public_rank_math_data":{"title":"%title% %sep% %sitename%","description":"","focus_keyword":"Koreanisch","canonical_url":"","robots":"","primary_category":"4625","breadcrumb_title":"","facebook_title":"","facebook_description":"","facebook_image":"","facebook_image_id":"","twitter_title":"","twitter_description":"","twitter_image":"","twitter_image_id":"","twitter_card_type":"","twitter_use_facebook":"","advanced_robots":"","pillar_content":"","seo_score":"81","contentai_score":"","rich_snippet":""},"_links":{"self":[{"href":"https:\/\/dailynewshungary.com\/de\/wp-json\/wp\/v2\/posts\/792208","targetHints":{"allow":["GET"]}}],"collection":[{"href":"https:\/\/dailynewshungary.com\/de\/wp-json\/wp\/v2\/posts"}],"about":[{"href":"https:\/\/dailynewshungary.com\/de\/wp-json\/wp\/v2\/types\/post"}],"author":[{"embeddable":true,"href":"https:\/\/dailynewshungary.com\/de\/wp-json\/wp\/v2\/users\/91"}],"replies":[{"embeddable":true,"href":"https:\/\/dailynewshungary.com\/de\/wp-json\/wp\/v2\/comments?post=792208"}],"version-history":[{"count":0,"href":"https:\/\/dailynewshungary.com\/de\/wp-json\/wp\/v2\/posts\/792208\/revisions"}],"wp:featuredmedia":[{"embeddable":true,"href":"https:\/\/dailynewshungary.com\/de\/wp-json\/wp\/v2\/media\/792209"}],"wp:attachment":[{"href":"https:\/\/dailynewshungary.com\/de\/wp-json\/wp\/v2\/media?parent=792208"}],"wp:term":[{"taxonomy":"category","embeddable":true,"href":"https:\/\/dailynewshungary.com\/de\/wp-json\/wp\/v2\/categories?post=792208"},{"taxonomy":"post_tag","embeddable":true,"href":"https:\/\/dailynewshungary.com\/de\/wp-json\/wp\/v2\/tags?post=792208"}],"curies":[{"name":"wp","href":"https:\/\/api.w.org\/{rel}","templated":true}]}}