{"id":792210,"date":"2026-09-06T16:54:00","date_gmt":"2026-09-06T14:54:00","guid":{"rendered":"https:\/\/dailynewshungary.com\/de\/ungarn-eroffnet-dritte-schwerlaststrecke-nach-serbien-grenzubergang-wird-umfassend-modernisiert\/"},"modified":"2026-09-06T16:54:00","modified_gmt":"2026-09-06T14:54:00","slug":"ungarn-eroffnet-dritte-schwerlaststrecke-nach-serbien-grenzubergang-wird-umfassend-modernisiert","status":"publish","type":"post","link":"https:\/\/dailynewshungary.com\/de\/ungarn-eroffnet-dritte-schwerlaststrecke-nach-serbien-grenzubergang-wird-umfassend-modernisiert\/","title":{"rendered":"Ungarn er\u00f6ffnet dritte Schwerlaststrecke nach Serbien \u2013 Grenz\u00fcbergang wird umfassend modernisiert"},"content":{"rendered":"\n<p class=\"wp-block-paragraph\"><strong>Ungarn bereitet einen bedeutenden neuen G\u00fcterverkehrskorridor in Richtung Serbien vor; der Grenz\u00fcbergang Hercegsz\u00e1nt\u00f3\u2013Ba\u010dki Breg soll umfassend saniert werden, wodurch Schwerlastkraftwagen rund um die Uhr die Grenze passieren k\u00f6nnten.<\/strong><\/p>\n\n\n\n<p class=\"wp-block-paragraph\">Die ungarische Regierung hat den vollst\u00e4ndigen Umbau des Grenz\u00fcbergangs Hercegsz\u00e1nt\u00f3\u2013Ba\u010dki Breg genehmigt, der darauf abzielt, die chronischen Staus in R\u00f6szke zu entsch\u00e4rfen und eine neue Verbindung zwischen Serbien, S\u00fcdungarn und der Autobahn M6 zu schaffen, wie Verkehrs- und Investitionsminister D\u00e1vid Vit\u00e9zy am Sonntag <a href=\"https:\/\/www.facebook.com\/vitezydavid\/posts\/pfbid0FMFNSUtSaC1sT2mm8z3UKyk3oRVeqWcCXZrxAHYbYGuwj4yYsXyxDRaKULxiYXsjl\" target=\"_blank\" rel=\"noopener\">bekannt gab<\/a>.<\/p>\n\n\n\n<blockquote class=\"wp-block-quote is-layout-flow wp-block-quote-is-layout-flow\">\n<p class=\"wp-block-paragraph\">Nach Angaben des Ministers wird das Ministerium f\u00fcr Verkehr und Investitionen voraussichtlich in den kommenden Wochen das \u00f6ffentliche Vergabeverfahren f\u00fcr die Bauarbeiten einleiten.<\/p>\n<\/blockquote>\n\n\n\n<p class=\"wp-block-paragraph\">Das Projekt w\u00fcrde die Bedeutung von Hercegsz\u00e1nt\u00f3 im grenz\u00fcberschreitenden Verkehr erheblich st\u00e4rken. Derzeit k\u00f6nnen internationale Schwerlastfahrzeuge die ungarisch-serbische Grenze nur bei R\u00f6szke und Tompa \u00fcberqueren, wobei es in R\u00f6szke regelm\u00e4\u00dfig zu mehrere Kilometer langen Staus kommt. Vit\u00e9zy erkl\u00e4rte, dass in Spitzenzeiten t\u00e4glich bis zu 30.000\u201340.000 Fahrzeuge R\u00f6szke passieren.<\/p>\n\n\n\n<h2 class=\"wp-block-heading\">Schwerlastfahrzeuge erhalten eine neue Route zwischen Ungarn und Serbien<\/h2>\n\n\n\n<p class=\"wp-block-paragraph\">Sobald der Umbau abgeschlossen ist, wird Hercegsz\u00e1nt\u00f3 auch f\u00fcr den Schwerlastverkehr geeignet sein. Geplant sind separate Fahrspuren f\u00fcr Lkw und Busse, eine gr\u00f6\u00dfere Kapazit\u00e4t f\u00fcr Pkw, ein Abstellplatz f\u00fcr etwa 40\u201342 Lkw sowie Einrichtungen f\u00fcr Fu\u00dfg\u00e4nger und Radfahrer. Der schwere G\u00fcterverkehr soll rund um die Uhr abgewickelt werden k\u00f6nnen.<\/p>\n\n\n\n<p class=\"wp-block-paragraph\">F\u00fcr Reisende gibt es einen wichtigen Unterschied: Hercegsz\u00e1nt\u00f3\u2013Ba\u010dki Breg ist kein vollst\u00e4ndig neuer Grenz\u00fcbergang. Die ungarische Steuer- und Zollbeh\u00f6rde f\u00fchrt ihn derzeit als rund um die Uhr ge\u00f6ffneten Grenz\u00fcbergang f\u00fcr den internationalen Personenverkehr und f\u00fcr Lastkraftwagen mit einem zul\u00e4ssigen Gesamtgewicht von bis zu 3,5 Tonnen auf. <\/p>\n\n\n\n<blockquote class=\"wp-block-quote is-layout-flow wp-block-quote-is-layout-flow\">\n<p class=\"wp-block-paragraph\">Der Umbau wird daher in erster Linie den bestehenden Grenz\u00fcbergang in eine wichtige Schwerlastverkehrsroute umwandeln.<\/p>\n<\/blockquote>\n\n\n\n<p class=\"wp-block-paragraph\">Vit\u00e9zy erkl\u00e4rte, das Projekt sei bereits vor Jahren von der vorherigen Regierung genehmigt worden, doch die Bauarbeiten seien nicht vorangekommen, da keine Finanzmittel bereitgestellt worden seien. Die Pl\u00e4ne und die erforderlichen Genehmigungen l\u00e4gen laut dem Minister bereits vor.<\/p>\n\n\n\n<p class=\"has-pale-ocean-gradient-background has-background wp-block-paragraph\"><strong>Falls Sie es verpasst haben:<\/strong> <a href=\"https:\/\/dailynewshungary.com\/de\/die-kraftstoffpreise-in-ungarn-stehen-vor-ihrer-ersten-grosen-bewahrungsprobe-da-die-olpreise-steigen-und-die-regierung-eine-kostspielige-preisobergrenze-ausschliest\/\/\">Die Kraftstoffpreise in Ungarn stehen vor ihrer ersten gro\u00dfen Bew\u00e4hrungsprobe, da die \u00d6lpreise steigen und die Regierung eine kostspielige Preisobergrenze ausschlie\u00dft<\/a><\/p>\n\n\n\n<h2 class=\"wp-block-heading\">Neuer Korridor k\u00f6nnte R\u00f6szke und die M5 entlasten<\/h2>\n\n\n\n<p class=\"wp-block-paragraph\">Laut Vit\u00e9zy k\u00f6nnte der ausgebaute Grenz\u00fcbergang letztendlich einen neuen Verkehrskorridor schaffen, der die Vojvodina \u00fcber die neue Moh\u00e1cs-Br\u00fccke mit S\u00fcdungarn und der Autobahn M6 verbindet. Langfristig k\u00f6nnte die Strecke einen Teil des Verkehrsaufkommens von R\u00f6szke sowie von der stark befahrenen Autobahn M5 und dem s\u00fcdlichen Abschnitt der Budapester Ringautobahn M0 abziehen.<\/p>\n\n\n\n<p class=\"wp-block-paragraph\">Auch auf der serbischen Seite der Grenze schreiten die Entwicklungen voran. Serbien arbeitet an der Schnellstra\u00dfe \u201eSmile of Vojvodina\u201c, deren erster, 22,8 Kilometer langer Abschnitt zwischen Ba\u010dki Breg und Sombor geplant ist. Der Abschnitt soll voraussichtlich in etwa zwei Jahren fertiggestellt sein, w\u00e4hrend das gesamte Schnellstra\u00dfenprojekt erheblich l\u00e4nger dauern wird.<\/p><figure class=\"wp-block-image aligncenter size-large is-resized\"><figcaption class=\"wp-element-caption\">\n<\/figcaption><\/figure>\n\n<figure class=\"wp-block-image aligncenter size-large is-resized\"><figcaption class=\"wp-element-caption\">\n<\/figcaption><img loading=\"lazy\" decoding=\"async\" width=\"1024\" height=\"683\" src=\"https:\/\/dailynewshungary.b-cdn.net\/wp-content\/uploads\/2020\/01\/r\u00f6szke-serbia-hungary-border-1024x683.jpg\" alt=\"r\u00f6szke serbia hungary border\" class=\"wp-image-301960\" style=\"aspect-ratio:1.499330655957162;width:476px;height:auto\" srcset=\"https:\/\/contentf5.dailynewshungary.com\/wp-content\/uploads\/2020\/01\/r\u00f6szke-serbia-hungary-border-1024x683.jpg 1024w, https:\/\/contentf5.dailynewshungary.com\/wp-content\/uploads\/2020\/01\/r\u00f6szke-serbia-hungary-border-300x200.jpg 300w, https:\/\/contentf5.dailynewshungary.com\/wp-content\/uploads\/2020\/01\/r\u00f6szke-serbia-hungary-border-768x512.jpg 768w, https:\/\/contentf5.dailynewshungary.com\/wp-content\/uploads\/2020\/01\/r\u00f6szke-serbia-hungary-border-800x534.jpg 800w, https:\/\/contentf5.dailynewshungary.com\/wp-content\/uploads\/2020\/01\/r\u00f6szke-serbia-hungary-border-1160x774.jpg 1160w, https:\/\/contentf5.dailynewshungary.com\/wp-content\/uploads\/2020\/01\/r\u00f6szke-serbia-hungary-border.jpg 1280w\" sizes=\"auto, (max-width: 1024px) 100vw, 1024px\" \/><figcaption class=\"wp-element-caption\">Horgos\/R\u00f6szke. Foto: MTI<\/figcaption><\/figure>\n\n\n\n<p class=\"wp-block-paragraph\">Die Kombination aus der serbischen Schnellstra\u00dfe, dem modernisierten Grenz\u00fcbergang und den verbesserten Anbindungen an die M6 k\u00f6nnte letztendlich eine alternative Nord-S\u00fcd-Route f\u00fcr den G\u00fcterverkehr zwischen dem Balkan und Ungarn bieten.<\/p>\n\n\n\n<h2 class=\"wp-block-heading\">Regierung schraubt einen Teil des Verbindungsstra\u00dfenprojekts zur\u00fcck<\/h2>\n\n\n\n<p class=\"wp-block-paragraph\">Der Ausbau des Grenz\u00fcbergangs ist zudem Teil einer umfassenderen Debatte \u00fcber den Stra\u00dfenausbau im Raum Moh\u00e1cs.<\/p>\n\n\n\n<p class=\"wp-block-paragraph\">Vit\u00e9zy erkl\u00e4rte, dass selbst mit der neuen serbischen Anbindung die Verkehrsprognosen den Bau des gesamten Korridors als 2\u00d72-spurige Stra\u00dfe nicht rechtfertigen. Er wies darauf hin, dass Serbien kein Mitglied der Europ\u00e4ischen Union sei und wahrscheinlich auch nach einem eventuellen EU-Beitritt noch einige Zeit au\u00dferhalb des Schengen-Raums bleiben werde, was bedeute, dass die Grenzkontrollen selbst die Verkehrskapazit\u00e4t weiterhin einschr\u00e4nken w\u00fcrden.<\/p>\n\n\n\n<blockquote class=\"wp-block-quote is-layout-flow wp-block-quote-is-layout-flow\">\n<p class=\"wp-block-paragraph\">Die Regierung plant daher, Teile der Strecke zwischen der Hauptstra\u00dfe 51 und Moh\u00e1cs als 2\u00d71-spurige Stra\u00dfe neu zu gestalten, wobei die eingesparten Mittel in andere Verkehrsinvestitionen, Stra\u00dfensanierungen und den Grenz\u00fcbergang selbst umgeleitet werden sollen.<\/p>\n<\/blockquote>\n\n\n\n<p class=\"has-pale-ocean-gradient-background has-background wp-block-paragraph\"><strong>Weiterlesen:<\/strong> <a href=\"https:\/\/dailynewshungary.com\/de\/trumps-friedensmission-stost-nach-begrenztem-waffenstillstand-auf-seltene-positive-resonanz-aus-moskau\/\/\">Trumps Friedensmission st\u00f6\u00dft nach begrenztem Waffenstillstand auf seltene positive Resonanz aus Moskau<\/a><\/p>\n","protected":false},"excerpt":{"rendered":"<p>Ungarn bereitet einen bedeutenden neuen G\u00fcterverkehrskorridor in Richtung Serbien vor; der Grenz\u00fcbergang Hercegsz\u00e1nt\u00f3\u2013Ba\u010dki Breg soll umfassend saniert werden, wodurch Schwerlastkraftwagen rund um die Uhr die Grenze passieren k\u00f6nnten. Die ungarische Regierung hat den vollst\u00e4ndigen Umbau des Grenz\u00fcbergangs Hercegsz\u00e1nt\u00f3\u2013Ba\u010dki Breg genehmigt, der darauf abzielt, die chronischen Staus in R\u00f6szke zu entsch\u00e4rfen und eine neue Verbindung zwischen [&hellip;]<\/p>\n","protected":false},"author":91,"featured_media":792211,"comment_status":"open","ping_status":"open","sticky":false,"template":"","format":"standard","meta":{"_acf_changed":false,"_display_image":"","footnotes":"","_members_access_role":[],"_members_access_error":""},"categories":[4417],"tags":[4762,1080,1484,1076],"class_list":["post-792210","post","type-post","status-publish","format-standard","has-post-thumbnail","hentry","category-verkehr","tag-kategorie-alltag-2","tag-reisen","tag-serbien","tag-ungarn"],"blocksy_meta":[],"acf":[],"author_username":"api","telegram_post":"","public_post_metadata":{"breaking_news":"yes","important":"no","csempe":"yes","center_tile":"no","disable_thumbnail":"no","target_lang":"","_featured_image_style":"","telegram_post":"","_xlat_group_id":"e5aefd06-25dd-47bd-a286-4315a3e123ea"},"public_rank_math_data":{"title":"%title% %sep% %sitename%","description":"","focus_keyword":"Serbien","canonical_url":"","robots":"","primary_category":"4417","breadcrumb_title":"","facebook_title":"","facebook_description":"","facebook_image":"","facebook_image_id":"","twitter_title":"","twitter_description":"","twitter_image":"","twitter_image_id":"","twitter_card_type":"","twitter_use_facebook":"","advanced_robots":"","pillar_content":"","seo_score":"78","contentai_score":"","rich_snippet":""},"_links":{"self":[{"href":"https:\/\/dailynewshungary.com\/de\/wp-json\/wp\/v2\/posts\/792210","targetHints":{"allow":["GET"]}}],"collection":[{"href":"https:\/\/dailynewshungary.com\/de\/wp-json\/wp\/v2\/posts"}],"about":[{"href":"https:\/\/dailynewshungary.com\/de\/wp-json\/wp\/v2\/types\/post"}],"author":[{"embeddable":true,"href":"https:\/\/dailynewshungary.com\/de\/wp-json\/wp\/v2\/users\/91"}],"replies":[{"embeddable":true,"href":"https:\/\/dailynewshungary.com\/de\/wp-json\/wp\/v2\/comments?post=792210"}],"version-history":[{"count":0,"href":"https:\/\/dailynewshungary.com\/de\/wp-json\/wp\/v2\/posts\/792210\/revisions"}],"wp:featuredmedia":[{"embeddable":true,"href":"https:\/\/dailynewshungary.com\/de\/wp-json\/wp\/v2\/media\/792211"}],"wp:attachment":[{"href":"https:\/\/dailynewshungary.com\/de\/wp-json\/wp\/v2\/media?parent=792210"}],"wp:term":[{"taxonomy":"category","embeddable":true,"href":"https:\/\/dailynewshungary.com\/de\/wp-json\/wp\/v2\/categories?post=792210"},{"taxonomy":"post_tag","embeddable":true,"href":"https:\/\/dailynewshungary.com\/de\/wp-json\/wp\/v2\/tags?post=792210"}],"curies":[{"name":"wp","href":"https:\/\/api.w.org\/{rel}","templated":true}]}}