{"id":792212,"date":"2026-09-06T18:14:00","date_gmt":"2026-09-06T16:14:00","guid":{"rendered":"https:\/\/dailynewshungary.com\/de\/ministerprasident-magyar-gibt-neue-informationen-zu-paks-wahrend-umfangreiche-masnahmen-an-der-donau-voranschreiten\/"},"modified":"2026-09-06T18:14:00","modified_gmt":"2026-09-06T16:14:00","slug":"ministerprasident-magyar-gibt-neue-informationen-zu-paks-wahrend-umfangreiche-masnahmen-an-der-donau-voranschreiten","status":"publish","type":"post","link":"https:\/\/dailynewshungary.com\/de\/ministerprasident-magyar-gibt-neue-informationen-zu-paks-wahrend-umfangreiche-masnahmen-an-der-donau-voranschreiten\/","title":{"rendered":"Ministerpr\u00e4sident Magyar gibt neue Informationen zu Paks, w\u00e4hrend umfangreiche Ma\u00dfnahmen an der Donau voranschreiten"},"content":{"rendered":"\n<p class=\"wp-block-paragraph\"><strong>Ministerpr\u00e4sident P\u00e9ter Magyar hat einen aktuellen Bericht zu den Notfallarbeiten in der N\u00e4he des ungarischen Kernkraftwerks Paks vorgelegt und erkl\u00e4rt, das Projekt verlaufe planm\u00e4\u00dfig und der Betrieb der Anlage sei stabil. Seine \u00c4u\u00dferungen erfolgen vor dem Hintergrund wachsender Kritik hinsichtlich der Erosion des Flussbetts, der Umweltgenehmigungen und der Art und Weise, wie die Regierung mit einem der sensibelsten Projekte Ungarns im Bereich der Energiesicherheit umgegangen ist.<\/strong><\/p>\n\n\n\n<p class=\"wp-block-paragraph\">In einem <a href=\"https:\/\/www.facebook.com\/peter.magyar.102\/posts\/pfbid0Ruv9ySx6jCkAB1aJccRtfpnrZqUro1hih4jDJK4UYhiMG3sEP6pAVpqDgAbp4jyNl\" target=\"_blank\" rel=\"noopener\">Facebook-Beitrag<\/a> am Sonntagabend erkl\u00e4rte Magyar, die Arbeiten zwischen Paks und Dunaszentbenedek schritten wie geplant voran, und wies Spekulationen zur\u00fcck, wonach die Ma\u00dfnahmen in ernsthafte Schwierigkeiten geraten seien.<\/p>\n\n\n\n<blockquote class=\"wp-block-quote is-layout-flow wp-block-quote-is-layout-flow\">\n<p class=\"wp-block-paragraph\"><strong>\u201eKeine der Panikmache-Geschichten, die von sensationsl\u00fcsternen Schreiberlingen verbreitet werden, entspricht der Wahrheit\u201c, schrieb Magyar.<\/strong><\/p>\n<\/blockquote>\n\n\n\n<p class=\"wp-block-paragraph\">Nach Angaben des Ministerpr\u00e4sidenten handelt es sich bei der Vertiefung des Flussbetts um einen erwarteten Vorgang w\u00e4hrend des Baus der Grundschwelle, w\u00e4hrend Fachleute kontinuierlich Material in das Flussbett einbringen und die Schutzkonstruktion verst\u00e4rken. Magyar erkl\u00e4rte, im Rahmen der Arbeiten seien bereits fast 70.000 Kubikmeter Gestein eingebracht worden.<\/p>\n\n\n\n<blockquote class=\"wp-block-quote is-layout-flow wp-block-quote-is-layout-flow\">\n<p class=\"wp-block-paragraph\">\u201eDas Kernkraftwerk Paks l\u00e4uft stabil\u201c, f\u00fcgte er hinzu.<\/p>\n<\/blockquote>\n\n\n\n<p class=\"wp-block-paragraph\">Er erkl\u00e4rte zudem, dass der Bau eines neuen Hafens, der Dunaszentbenedek am gegen\u00fcberliegenden Donauufer zugesagt worden war, gut voranschreite. Magyar hatte Dunaszentbenedek am Samstag besucht, wo er am \u00f6rtlichen Dorffest teilnahm und sich mit den Einwohnern traf. In seinem Beitrag vom Sonntagabend kam er erneut auf das Thema Paks zur\u00fcck.<\/p>\n\n\n\n<h2 class=\"wp-block-heading\">Bedenken hinsichtlich der Arbeiten an der Donau<\/h2>\n\n\n\n<p class=\"wp-block-paragraph\">Magyars beruhigende \u00c4u\u00dferungen folgen auf j\u00fcngste Berichte, in denen Fragen zu den Auswirkungen der Eingriffe auf das Donau-Flussbett aufgeworfen wurden.<\/p>\n\n\n\n<p class=\"wp-block-paragraph\">\u00c1tl\u00e1tsz\u00f3 berichtete, dass die Verengung des Flusses w\u00e4hrend der Bauarbeiten die Str\u00f6mung um die noch unfertige Grundschwelle herum beschleunigt habe, was zu erheblicher Erosion in Teilen des Flussbettes beigetragen habe. Kritiker haben angezweifelt, ob das Ausma\u00df der Ver\u00e4nderungen den weiteren Verlauf des Projekts erschweren k\u00f6nnte.<\/p>\n\n\n\n<p class=\"has-pale-ocean-gradient-background has-background wp-block-paragraph\"><strong>Falls Sie es verpasst haben: <\/strong><a href=\"https:\/\/dailynewshungary.com\/de\/neues-donau-sperrwerk-vorzeitig-fertiggestellt-paks-erreicht-volle-kapazitat\/\/\">Neue Donaubarriere vorzeitig fertiggestellt, Paks erreicht volle Kapazit\u00e4t<\/a><\/p>\n\n\n\n<p class=\"wp-block-paragraph\">Die Regierung hat Vorw\u00fcrfe zur\u00fcckgewiesen, die Arbeiten seien au\u00dfer Kontrolle geraten. Magyar argumentierte, dass eine schnellere Str\u00f6mung und eine gewisse Vertiefung des Flussbetts erwartete Folgen der Verengung des Flussbetts w\u00e4hrend der Bauarbeiten seien und dass Ingenieure den betroffenen Bereich kontinuierlich verst\u00e4rkten.<\/p>\n\n\n\n<p class=\"wp-block-paragraph\">Es wurden auch Umweltbedenken hinsichtlich des Projekts ge\u00e4u\u00dfert, insbesondere hinsichtlich m\u00f6glicher Auswirkungen flussabw\u00e4rts. Die Regierung beharrt jedoch darauf, dass die Ma\u00dfnahme im Einklang mit den Umwelt- und Naturschutzanforderungen durchgef\u00fchrt wird.<\/p>\n\n\n\n<h2 class=\"wp-block-heading\">Die Arbeiten werden nach Abschluss der ersten Phase fortgesetzt<\/h2>\n\n\n\n<p class=\"wp-block-paragraph\">Die neuesten Informationen liegen etwas mehr als eine Woche nach Abschluss der ersten Bauphase der tempor\u00e4ren Grundschwelle \u00fcber die Donau vor. Damals gab Magyar an, dass in nur 17 Tagen rund 43.000 Kubikmeter Gestein verbaut worden seien, w\u00e4hrend das Kernkraftwerk Paks wieder mit voller Leistung lief.<\/p>\n\n\n\n<blockquote class=\"wp-block-quote is-layout-flow wp-block-quote-is-layout-flow\">\n<p class=\"wp-block-paragraph\">Die Zahlen vom Sonntag zeigen, dass die Bauarbeiten in beachtlichem Tempo fortgesetzt wurden. Magyar gibt nun an, dass fast 70.000 Kubikmeter Gestein in die Flussbauarbeiten eingebaut wurden, w\u00e4hrend Fachleute weiterhin das Flussbett und die Konstruktion selbst verst\u00e4rken.<\/p>\n<\/blockquote>\n\n\n\n<p class=\"wp-block-paragraph\">Der Ministerpr\u00e4sident betonte zudem, dass Paks stabil l\u00e4uft, w\u00e4hrend die Arbeiten am neuen Hafen in Dunaszentbenedek am gegen\u00fcberliegenden Ufer voranschreiten.<\/p>\n\n\n\n<p class=\"wp-block-paragraph\">Das Projekt steht jedoch weiterhin im Fokus der Kritik hinsichtlich der Ver\u00e4nderungen am Flussbett und der damit verbundenen Umweltauswirkungen. Magyars j\u00fcngste Stellungnahme bezog sich direkt auf diese Bedenken und betonte, dass die beobachtete Vertiefung des Flussbetts bereits vorhergesehen worden sei und im Rahmen der laufenden Bauarbeiten ber\u00fccksichtigt werde.<\/p>\n\n\n\n<p class=\"has-pale-ocean-gradient-background has-background wp-block-paragraph\"><strong>Lesen Sie mehr bei uns:<\/strong> <a href=\"https:\/\/dailynewshungary.com\/de\/ungarn-eroffnet-dritte-schwerlaststrecke-nach-serbien-grenzubergang-wird-umfassend-modernisiert\/\/\">Ungarn er\u00f6ffnet dritte Schwerlaststrecke nach Serbien \u2013 Grenz\u00fcbergang wird umfassend modernisiert<\/a><\/p>\n","protected":false},"excerpt":{"rendered":"<p>Ministerpr\u00e4sident P\u00e9ter Magyar hat einen aktuellen Bericht zu den Notfallarbeiten in der N\u00e4he des ungarischen Kernkraftwerks Paks vorgelegt und erkl\u00e4rt, das Projekt verlaufe planm\u00e4\u00dfig und der Betrieb der Anlage sei stabil. Seine \u00c4u\u00dferungen erfolgen vor dem Hintergrund wachsender Kritik hinsichtlich der Erosion des Flussbetts, der Umweltgenehmigungen und der Art und Weise, wie die Regierung mit [&hellip;]<\/p>\n","protected":false},"author":91,"featured_media":792213,"comment_status":"open","ping_status":"open","sticky":false,"template":"","format":"standard","meta":{"_acf_changed":false,"_display_image":"","footnotes":"","_members_access_role":[],"_members_access_error":""},"categories":[4391],"tags":[4766,1872,1102,1076],"class_list":["post-792212","post","type-post","status-publish","format-standard","has-post-thumbnail","hentry","category-energie","tag-kategorie-ungarische-politik-2","tag-paks-projekt","tag-ungarische-regierung","tag-ungarn"],"blocksy_meta":[],"acf":[],"author_username":"api","telegram_post":"","public_post_metadata":{"breaking_news":"yes","important":"no","csempe":"yes","center_tile":"no","disable_thumbnail":"no","target_lang":"","_featured_image_style":"","telegram_post":"","_xlat_group_id":"79722199-94f4-405a-a7bf-42c1f3d564c7"},"public_rank_math_data":{"title":"%title% %sep% %sitename%","description":"","focus_keyword":"Magyar","canonical_url":"","robots":"","primary_category":"4391","breadcrumb_title":"","facebook_title":"","facebook_description":"","facebook_image":"","facebook_image_id":"","twitter_title":"","twitter_description":"","twitter_image":"","twitter_image_id":"","twitter_card_type":"","twitter_use_facebook":"","advanced_robots":"","pillar_content":"","seo_score":"77","contentai_score":"","rich_snippet":""},"_links":{"self":[{"href":"https:\/\/dailynewshungary.com\/de\/wp-json\/wp\/v2\/posts\/792212","targetHints":{"allow":["GET"]}}],"collection":[{"href":"https:\/\/dailynewshungary.com\/de\/wp-json\/wp\/v2\/posts"}],"about":[{"href":"https:\/\/dailynewshungary.com\/de\/wp-json\/wp\/v2\/types\/post"}],"author":[{"embeddable":true,"href":"https:\/\/dailynewshungary.com\/de\/wp-json\/wp\/v2\/users\/91"}],"replies":[{"embeddable":true,"href":"https:\/\/dailynewshungary.com\/de\/wp-json\/wp\/v2\/comments?post=792212"}],"version-history":[{"count":0,"href":"https:\/\/dailynewshungary.com\/de\/wp-json\/wp\/v2\/posts\/792212\/revisions"}],"wp:featuredmedia":[{"embeddable":true,"href":"https:\/\/dailynewshungary.com\/de\/wp-json\/wp\/v2\/media\/792213"}],"wp:attachment":[{"href":"https:\/\/dailynewshungary.com\/de\/wp-json\/wp\/v2\/media?parent=792212"}],"wp:term":[{"taxonomy":"category","embeddable":true,"href":"https:\/\/dailynewshungary.com\/de\/wp-json\/wp\/v2\/categories?post=792212"},{"taxonomy":"post_tag","embeddable":true,"href":"https:\/\/dailynewshungary.com\/de\/wp-json\/wp\/v2\/tags?post=792212"}],"curies":[{"name":"wp","href":"https:\/\/api.w.org\/{rel}","templated":true}]}}