{"id":648932,"date":"2025-04-22T22:18:18","date_gmt":"2025-04-22T20:18:18","guid":{"rendered":"https:\/\/dailynewshungary.com\/it\/le-principali-notizie-sullungheria-piu-acquirenti-di-proprieta-straniere-manifestazione-smantellata-papa-francesco-lavoratori-ospiti-filippini-croazia-paga-200-milioni-di-dollari-piu-22-aprile\/"},"modified":"2025-04-22T22:18:18","modified_gmt":"2025-04-22T20:18:18","slug":"le-principali-notizie-sullungheria-piu-acquirenti-di-proprieta-straniere-manifestazione-smantellata-papa-francesco-lavoratori-ospiti-filippini-croazia-paga-200-milioni-di-dollari-piu-22-aprile","status":"publish","type":"post","link":"https:\/\/dailynewshungary.com\/it\/le-principali-notizie-sullungheria-piu-acquirenti-di-proprieta-straniere-manifestazione-smantellata-papa-francesco-lavoratori-ospiti-filippini-croazia-paga-200-milioni-di-dollari-piu-22-aprile\/","title":{"rendered":"Le principali notizie sull\u2019Ungheria: pi\u00f9 acquirenti di propriet\u00e0 straniere, manifestazione smantellata, Papa Francesco, lavoratori ospiti filippini, Croazia paga 200 milioni di dollari: pi\u00f9 22 aprile 2025"},"content":{"rendered":"<p><strong>Da oggi abbiamo raccolto alcune notizie dall&#8217;Ungheria; dai un&#8217;occhiata qui sotto!<\/strong><\/p>\n<h2 class=\"wp-block-heading\">Notizie in primo piano sull&#8217;Ungheria<\/h2>\n<p>Pi\u00f9 cittadini extracomunitari che investono in propriet\u00e0 ungheresi (cittadini extracomunitari investono in propriet\u00e0 ungheresi) <a href=\"https:\/\/dailynewshungary.com\/real-estate-market-presence-of-non-eu-citizens-in-hungary-returns-to-pre-pandemic-levels\/\">dettagli e ultime cifre immobiliari<\/a><\/p>\n<p>Interrotta la protesta in Ungheria: <a href=\"https:\/\/dailynewshungary.com\/protest-in-hungary-interrupted-police-quickly-stop-anti-orban-government-demonstration\/\">la polizia ferma rapidamente la manifestazione del governo anti-Orb\u00e1n<\/a><\/p>\n<p>Papa Francesco muore: <a href=\"https:\/\/dailynewshungary.com\/pope-francis-dies-top-hungarian-official-to-represent-hungary-at-funeral\/\">alto funzionario ungherese per rappresentare l&#8217;Ungheria al funerale<\/a><\/p>\n<h2 class=\"wp-block-heading\">Pasqua in Ungheria<\/h2>\n<p>Pasqua ungherese in 2025 Pasqua ungherese in 2025 <a href=\"https:\/\/dailynewshungary.com\/hungarian-easter-in-2025-photo-gallery\/\">galleria fotografica<\/a><\/p>\n<p>La guardia armata d&#8217;onore tiene rari rituali pasquali nella chiesa ungherese <a href=\"https:\/\/dailynewshungary.com\/armed-easter-vigil-hungary\/\">dettagli QUI<\/a><\/p>\n<h2 class=\"wp-block-heading\">Politica<\/h2>\n<p><a href=\"https:\/\/dailynewshungary.com\/orban-ukraine-interview-ot\/\">Orb\u00e1n cita la &#8220;sovranit\u00e0 perduta&#8221; nell&#8217;inversione di rotta sull&#8217;adesione dell&#8217;Ucraina all&#8217;UE<\/a><\/p>\n<p>La FM ungherese ospita il presidente parlamentare austriaco Rosenkranz per i colloqui a Budapest <a href=\"https:\/\/dailynewshungary.com\/it\/laumento-dei-costi-e-la-carenza-di-manodopera-spingono-lagricoltura-ungherese-ad-assumere-lavoratori-ospiti-filippini\/\">dettagli QUI<\/a><\/p>\n<h2 class=\"wp-block-heading\">Affari<\/h2>\n<p><a href=\"https:\/\/dailynewshungary.com\/labour-agriculture-filipino-guest-workers\/\">L\u2019aumento dei costi e la carenza di manodopera spingono l\u2019agricoltura ungherese ad assumere lavoratori ospiti filippini<\/a><\/p>\n<p>L\u2019Ungheria supera la Repubblica Ceca e la Slovacchia nella classifica dei nuovi salari dell\u2019UE <a href=\"https:\/\/dailynewshungary.com\/hungary-outperforms-czechia-eu-ranking\/\">dettagli QUI<\/a><\/p>\n<p>La Corte degli Stati Uniti si schiera con MOL: <a href=\"https:\/\/dailynewshungary.com\/u-s-court-sides-with-mol-croatia-ordered-to-pay-200-million-in-damages\/\">La Croazia \u00e8 stata condannata a pagare 200 milioni di dollari di danni<\/a><\/p>\n<h2 class=\"wp-block-heading\">Traffico, Sport<\/h2>\n<p>Una delle strade pi\u00f9 importanti di Budapest da rinnovare, <a href=\"https:\/\/dailynewshungary.com\/bkk-unveils-redevelopment-plans-for-busy-section-of-ulloi-road\/\">ecco i piani di riqualificazione<\/a><\/p>\n<p><a href=\"https:\/\/dailynewshungary.com\/it\/il-primo-ministro-orban-ha-avuto-un-colloquio-con-il-presidente-del-consiglio-nazionale-austriaco-rosenkranz\/\">La tua guida al fitness outdoor gratuito a Budapest<\/a><\/p>\n","protected":false},"excerpt":{"rendered":"<p>Da oggi abbiamo raccolto alcune notizie dall&#8217;Ungheria; dai un&#8217;occhiata qui sotto! Notizie in primo piano sull&#8217;Ungheria Pi\u00f9 cittadini extracomunitari che investono in propriet\u00e0 ungheresi (cittadini extracomunitari investono in propriet\u00e0 ungheresi) dettagli e ultime cifre immobiliari Interrotta la protesta in Ungheria: la polizia ferma rapidamente la manifestazione del governo anti-Orb\u00e1n Papa Francesco muore: alto funzionario ungherese [&hellip;]<\/p>\n","protected":false},"author":2,"featured_media":648933,"comment_status":"open","ping_status":"open","sticky":false,"template":"","format":"standard","meta":{"_display_image":"yes","footnotes":""},"categories":[1190],"tags":[1349,1069],"class_list":["post-648932","post","type-post","status-publish","format-standard","has-post-thumbnail","hentry","category-notizie-flash","tag-notizie-ungheria","tag-ungheria"],"blocksy_meta":[],"author_username":"alk","telegram_post":"","public_post_metadata":{"breaking_news":"yes","important":"no","csempe":"no","center_tile":"no","disable_thumbnail":"no","target_lang":"","_featured_image_style":"default","telegram_post":"","_xlat_group_id":""},"public_rank_math_data":{"title":"%titolo% %sep% %nomesito%","description":"","focus_keyword":"Ungheria notizie","canonical_url":"","robots":"","primary_category":"1190","breadcrumb_title":"","facebook_title":"","facebook_description":"","facebook_image":"","facebook_image_id":"","twitter_title":"","twitter_description":"","twitter_image":"","twitter_image_id":"","twitter_card_type":"","twitter_use_facebook":"","advanced_robots":"","pillar_content":"","seo_score":"67","contentai_score":"","rich_snippet":""},"_links":{"self":[{"href":"https:\/\/dailynewshungary.com\/it\/wp-json\/wp\/v2\/posts\/648932","targetHints":{"allow":["GET"]}}],"collection":[{"href":"https:\/\/dailynewshungary.com\/it\/wp-json\/wp\/v2\/posts"}],"about":[{"href":"https:\/\/dailynewshungary.com\/it\/wp-json\/wp\/v2\/types\/post"}],"author":[{"embeddable":true,"href":"https:\/\/dailynewshungary.com\/it\/wp-json\/wp\/v2\/users\/2"}],"replies":[{"embeddable":true,"href":"https:\/\/dailynewshungary.com\/it\/wp-json\/wp\/v2\/comments?post=648932"}],"version-history":[{"count":0,"href":"https:\/\/dailynewshungary.com\/it\/wp-json\/wp\/v2\/posts\/648932\/revisions"}],"wp:featuredmedia":[{"embeddable":true,"href":"https:\/\/dailynewshungary.com\/it\/wp-json\/wp\/v2\/media\/648933"}],"wp:attachment":[{"href":"https:\/\/dailynewshungary.com\/it\/wp-json\/wp\/v2\/media?parent=648932"}],"wp:term":[{"taxonomy":"category","embeddable":true,"href":"https:\/\/dailynewshungary.com\/it\/wp-json\/wp\/v2\/categories?post=648932"},{"taxonomy":"post_tag","embeddable":true,"href":"https:\/\/dailynewshungary.com\/it\/wp-json\/wp\/v2\/tags?post=648932"}],"curies":[{"name":"wp","href":"https:\/\/api.w.org\/{rel}","templated":true}]}}