{"id":649352,"date":"2025-04-10T17:34:00","date_gmt":"2025-04-10T15:34:00","guid":{"rendered":"https:\/\/dailynewshungary.com\/it\/due-uomini-ungheresi-giudicati-colpevoli-nel-caso-di-omicidio-degli-anni-90\/"},"modified":"2025-04-10T17:34:00","modified_gmt":"2025-04-10T15:34:00","slug":"due-uomini-ungheresi-giudicati-colpevoli-nel-caso-di-omicidio-degli-anni-90","status":"publish","type":"post","link":"https:\/\/dailynewshungary.com\/it\/due-uomini-ungheresi-giudicati-colpevoli-nel-caso-di-omicidio-degli-anni-90\/","title":{"rendered":"Due uomini ungheresi giudicati colpevoli nel caso di omicidio degli anni \u201990"},"content":{"rendered":"<p><strong>Gioved\u00ec la Corte d&#8217;Appello di Budapest ha confermato le condanne al carcere di Tam\u00e1s Gy\u00e1rf\u00e1s, ex capo della federazione ungherese di nuoto, e Tamas Portik, ex capo di una compagnia petrolifera coinvolta in affari illeciti negli anni Novanta, per il loro coinvolgimento nell&#8217;omicidio del magnate dei media ungherese J\u00e1nos Feny\u0151 nel 1998.<\/strong><\/p>\n<p>Sia Gy\u00e1rf\u00e1s che Portik sono stati giudicati colpevoli di istigazione all&#8217;omicidio. Gy\u00e1rf\u00e1s, riconosciuto colpevole di complicit\u00e0 nel caso dal tribunale di primo grado l&#8217;anno scorso, \u00e8 stato condannato a sette anni di carcere di massima sicurezza e Portik all&#8217;ergastolo. Nel caso di Gy\u00e1rf\u00e1s, il tribunale ha modificato la sentenza di primo grado omettendo una data quanto prima possibile per la sua libert\u00e0 condizionale.<\/p>\n<p>Secondo il verdetto, Gy\u00e1rf\u00e1s incaric\u00f2 Portik di uccidere Feny the, il suo rivale in affari. Portik assunse il criminale slovacco Jozef Rohac per compiere l&#8217;omicidio, che poi uccise Feny  l&#8217;11 febbraio 1998.<\/p>\n<p><strong>Leggi anche:<\/strong><\/p>\n<ul class=\"wp-block-list\">\n<li><a href=\"https:\/\/dailynewshungary.com\/it\/uomini-austriaci-attaccarono-per-la-loro-fede-ebraica-nel-centro-di-sosta-ungherese\/\">Uomini austriaci attaccarono per la loro fede ebraica nel centro di sosta ungherese<\/a><\/li>\n<li><a href=\"https:\/\/dailynewshungary.com\/it\/importante-pietra-miliare-riguardante-i-genitori-adottivi-horror-finlandesi-che-abusano-del-proprio-figlio-in-ungheria\/\">Importante pietra miliare riguardante i genitori adottivi horror finlandesi che abusano del proprio figlio in Ungheria<\/a><\/li>\n<\/ul>\n","protected":false},"excerpt":{"rendered":"<p>Gioved\u00ec la Corte d&#8217;Appello di Budapest ha confermato le condanne al carcere di Tam\u00e1s Gy\u00e1rf\u00e1s, ex capo della federazione ungherese di nuoto, e Tamas Portik, ex capo di una compagnia petrolifera coinvolta in affari illeciti negli anni Novanta, per il loro coinvolgimento nell&#8217;omicidio del magnate dei media ungherese J\u00e1nos Feny\u0151 nel 1998. Sia Gy\u00e1rf\u00e1s che [&hellip;]<\/p>\n","protected":false},"author":33,"featured_media":649353,"comment_status":"open","ping_status":"open","sticky":false,"template":"","format":"standard","meta":{"_display_image":"yes","footnotes":""},"categories":[1190],"tags":[1253,1450,1069],"class_list":["post-649352","post","type-post","status-publish","format-standard","has-post-thumbnail","hentry","category-notizie-flash","tag-criminalita","tag-diritto","tag-ungheria"],"blocksy_meta":[],"author_username":"ugyelet","telegram_post":"","public_post_metadata":{"breaking_news":"yes","important":"no","csempe":"no","center_tile":"no","disable_thumbnail":"yes","target_lang":"","_featured_image_style":"hidden","telegram_post":"","_xlat_group_id":""},"public_rank_math_data":{"title":"%titolo% %sep% %nomesito%","description":"","focus_keyword":"omicidio","canonical_url":"","robots":"","primary_category":"1190","breadcrumb_title":"","facebook_title":"","facebook_description":"","facebook_image":"","facebook_image_id":"","twitter_title":"","twitter_description":"","twitter_image":"","twitter_image_id":"","twitter_card_type":"","twitter_use_facebook":"","advanced_robots":"","pillar_content":"","seo_score":"66","contentai_score":"","rich_snippet":""},"_links":{"self":[{"href":"https:\/\/dailynewshungary.com\/it\/wp-json\/wp\/v2\/posts\/649352","targetHints":{"allow":["GET"]}}],"collection":[{"href":"https:\/\/dailynewshungary.com\/it\/wp-json\/wp\/v2\/posts"}],"about":[{"href":"https:\/\/dailynewshungary.com\/it\/wp-json\/wp\/v2\/types\/post"}],"author":[{"embeddable":true,"href":"https:\/\/dailynewshungary.com\/it\/wp-json\/wp\/v2\/users\/33"}],"replies":[{"embeddable":true,"href":"https:\/\/dailynewshungary.com\/it\/wp-json\/wp\/v2\/comments?post=649352"}],"version-history":[{"count":0,"href":"https:\/\/dailynewshungary.com\/it\/wp-json\/wp\/v2\/posts\/649352\/revisions"}],"wp:featuredmedia":[{"embeddable":true,"href":"https:\/\/dailynewshungary.com\/it\/wp-json\/wp\/v2\/media\/649353"}],"wp:attachment":[{"href":"https:\/\/dailynewshungary.com\/it\/wp-json\/wp\/v2\/media?parent=649352"}],"wp:term":[{"taxonomy":"category","embeddable":true,"href":"https:\/\/dailynewshungary.com\/it\/wp-json\/wp\/v2\/categories?post=649352"},{"taxonomy":"post_tag","embeddable":true,"href":"https:\/\/dailynewshungary.com\/it\/wp-json\/wp\/v2\/tags?post=649352"}],"curies":[{"name":"wp","href":"https:\/\/api.w.org\/{rel}","templated":true}]}}